{"id":1045,"date":"2007-07-28T10:05:29","date_gmt":"2007-07-28T08:05:29","guid":{"rendered":"https:\/\/www.herr-rau.de\/wordpress\/2007\/07\/schuljahresende-sommerferien.htm"},"modified":"2023-05-23T19:17:48","modified_gmt":"2023-05-23T17:17:48","slug":"schuljahresende-sommerferien","status":"publish","type":"post","link":"https:\/\/www.herr-rau.de\/wordpress\/2007\/07\/schuljahresende-sommerferien.htm","title":{"rendered":"Schuljahresende&#8230; Sommerferien!"},"content":{"rendered":"<div style='text-align:right;'><small>(<a href='https:\/\/www.herr-rau.de\/wordpress\/2007\/07\/schuljahresende-sommerferien.htm#comments'>10 Kommentare.<\/a>)<\/small> <\/div>\n<p>Ich w\u00fcnsche allen sch\u00f6ne, erholsame, lange Ferien!<\/p>\n\n\n\n<p>Selber werde ich mich bestimmt gut erholen und unter anderem auch einige Blogbeitr\u00e4ge nachholen. Im Juli habe ich wenig gebloggt, auch wenig Podcasts geh\u00f6rt, aber so viel gelesen wie seit zweieinhalb Jahren nicht mehr. (Ich f\u00fchre eine Liste. Ist doch normal, oder?)<\/p>\n\n\n\n<p>Zeit war es f\u00fcr Ferien. Regelm\u00e4\u00dfiger Unterricht wurde seit Anfang Juli immer schwerer, da wegen Chor, Orchester, Theater und verschiedener Arbeitskreise jeweils und \u00fcberraschend immer wieder der eine oder andere Teil der Klasse fehlte. Meine Noten hatte ich zwar fertig, aber so kann man nat\u00fcrlich keinen zusammenh\u00e4ngenden Unterricht machen, also Unterricht, der sich auf vorhergehende oder folgende Stunden bezieht. Und bei so viel Abwesenheit kann man nicht ernsthaft verlangen, dass Sch\u00fcler den Stoff nachlernen.<\/p>\n\n\n\n<p>Ich halte die meisten dieser Sch\u00fcleraktivit\u00e4ten f\u00fcr sinnvoll. F\u00fcr das n\u00e4chste Jahr muss ich mir eine L\u00f6sung f\u00fcr den Juli einfallen lassen &#8211; etwas, was man mit den anwesenden Sch\u00fclern machen kann.<\/p>\n\n\n\n<p>Die letzte Woche \u00fcber hatten wir verschiedene Projekttage. Am SMV-Tag gab es von den Sch\u00fclern organisierte Projekte; es hat wohl auch ein Thema gegeben, aber bei Projekten wie &#8222;Chillen am Pucher Meer&#8220; kann da nicht viel \u00fcbrig geblieben sein. Ich war beim Tanzen. Das liegt mir ohnehin, aber ein weiterer Grund waren die f\u00fcr dieses Projekte zust\u00e4ndigen Sch\u00fcler: Man sollte sich als Lehrer bei den Sch\u00fclerprojekten als Aufsicht eintragen, die von zuverl\u00e4ssigen Sch\u00fclern organisiert werden. (Ich war vor ein paar Jahren mal bei einer Baseballgruppe, in der es keine Schl\u00e4ger, keinen Ball, keine Handschuhe und keine klare Vorstellung von den Regeln gab.)<\/p>\n\n\n\n<p>Am Mittwoch und Donnerstag fanden von den Lehrern geleitete Projekte statt; bestimmte F\u00e4cher waren f\u00fcr bestimmte Jahrgangsstufen zust\u00e4ndig. Alle 9. Klassen machten zum Beispiel einen Erste-Hilfe-Kurs. Was sonst los war, wei\u00df ich nicht, da ich mit meiner 11. Klasse am Mittwoch bei einem (anderen) Kurs zu Sofortma\u00dfnahmen am Unfallort war (es gibt wohl eine neue stabile Seitenlage) und am Donnerstag ein Referent zu Impro-Theater da war.<\/p>\n\n\n\n<p>Gestern gab es dann Zeugnisse. Im Anschluss daran die Konferenz; f\u00fcr mich am spannendsten war, dass meine <a href=\"https:\/\/www.herr-rau.de\/wordpress\/2007\/04\/1-legion-3-kohorte-2-manipel-1-zenturie.htm\">Kohorte<\/a> anscheinend dran war, so dass ich zusammen mit einigen Kollegen zum Oberstudienrat bef\u00f6rdert wurde. Das kam sehr \u00fcberraschend, ich h\u00e4tte erst in zwei Jahren damit gerechnet. Es geht jetzt wohl doch etwas schneller mit den Bef\u00f6rderungen, was hei\u00dft, dass viele Lehrer pensioniert werden.<\/p>\n\n\n\n<p>Nach der Konferenz sa\u00dfen wir wieder zusammen und a\u00dfen Pizza. Sch\u00f6n, wenn auch drinnen und nicht drau\u00dfen; das Wetter schien zu unsicher.<br>Ein wie jedes Jahr kleines H\u00e4ufchen blieb noch zum Absp\u00fclen und Aufr\u00e4umen, und ein winziges H\u00e4uflein setzte sich dann noch in einen Garten und machte das immer noch k\u00fchle, aber schon etwas lacke Fass Bier leer.<\/p>\n\n\n\n<figure class=\"wp-block-image\"><img decoding=\"async\" src=\"https:\/\/www.herr-rau.de\/wordpress\/archiv\/sommer2007.jpg\" alt=\"sommer2007.jpg\"\/><\/figure>\n\n\n\n<p>Und jetzt sind Ferien. Ferieeeeen!!<\/p>\n","protected":false},"excerpt":{"rendered":"<p>(10 Kommentare.) Ich w\u00fcnsche allen sch\u00f6ne, erholsame, lange Ferien! Selber werde ich mich bestimmt gut erholen und unter anderem auch einige Blogbeitr\u00e4ge nachholen. Im Juli habe ich wenig gebloggt, auch wenig Podcasts geh\u00f6rt, aber so viel gelesen wie seit zweieinhalb Jahren nicht mehr. (Ich f\u00fchre eine Liste. Ist doch normal, oder?) Zeit war es f\u00fcr [&hellip;]<\/p>\n","protected":false},"author":2,"featured_media":1044,"comment_status":"open","ping_status":"open","sticky":false,"template":"","format":"standard","meta":{"_jetpack_memberships_contains_paid_content":false,"footnotes":""},"categories":[6],"tags":[],"class_list":["post-1045","post","type-post","status-publish","format-standard","has-post-thumbnail","hentry","category-schule-alltag"],"jetpack_featured_media_url":"https:\/\/www.herr-rau.de\/wordpress\/archiv\/sommer2007.jpg","jetpack_sharing_enabled":true,"jetpack_likes_enabled":true,"_links":{"self":[{"href":"https:\/\/www.herr-rau.de\/wordpress\/wp-json\/wp\/v2\/posts\/1045","targetHints":{"allow":["GET"]}}],"collection":[{"href":"https:\/\/www.herr-rau.de\/wordpress\/wp-json\/wp\/v2\/posts"}],"about":[{"href":"https:\/\/www.herr-rau.de\/wordpress\/wp-json\/wp\/v2\/types\/post"}],"author":[{"embeddable":true,"href":"https:\/\/www.herr-rau.de\/wordpress\/wp-json\/wp\/v2\/users\/2"}],"replies":[{"embeddable":true,"href":"https:\/\/www.herr-rau.de\/wordpress\/wp-json\/wp\/v2\/comments?post=1045"}],"version-history":[{"count":1,"href":"https:\/\/www.herr-rau.de\/wordpress\/wp-json\/wp\/v2\/posts\/1045\/revisions"}],"predecessor-version":[{"id":57416,"href":"https:\/\/www.herr-rau.de\/wordpress\/wp-json\/wp\/v2\/posts\/1045\/revisions\/57416"}],"wp:featuredmedia":[{"embeddable":true,"href":"https:\/\/www.herr-rau.de\/wordpress\/wp-json\/wp\/v2\/media\/1044"}],"wp:attachment":[{"href":"https:\/\/www.herr-rau.de\/wordpress\/wp-json\/wp\/v2\/media?parent=1045"}],"wp:term":[{"taxonomy":"category","embeddable":true,"href":"https:\/\/www.herr-rau.de\/wordpress\/wp-json\/wp\/v2\/categories?post=1045"},{"taxonomy":"post_tag","embeddable":true,"href":"https:\/\/www.herr-rau.de\/wordpress\/wp-json\/wp\/v2\/tags?post=1045"}],"curies":[{"name":"wp","href":"https:\/\/api.w.org\/{rel}","templated":true}]}}