{"id":11198,"date":"2018-06-10T10:14:39","date_gmt":"2018-06-10T08:14:39","guid":{"rendered":"https:\/\/www.herr-rau.de\/wordpress\/?p=11198"},"modified":"2026-02-18T06:52:43","modified_gmt":"2026-02-18T05:52:43","slug":"peacock-revolution","status":"publish","type":"post","link":"https:\/\/www.herr-rau.de\/wordpress\/2018\/06\/peacock-revolution.htm","title":{"rendered":"Peacock Revolution"},"content":{"rendered":"<div style='text-align:right;'><small>(<a href='https:\/\/www.herr-rau.de\/wordpress\/2018\/06\/peacock-revolution.htm#comments'>14 Kommentare.<\/a>)<\/small> <\/div><p>Vor zwei Jahren im Fashion Museum in Bath h\u00f6rte ich zum ersten Mal von der <a href=\"https:\/\/www.vam.ac.uk\/articles\/the-peacock-revolution-1960s-menswear\">Peacock Revolution.<\/a> So hie\u00df das, was Ende der 1960er Jahre f\u00fcr ein paar kurze Jahre die M\u00e4nnermode dominierte: R\u00fcschen und L\u00e4ngsstreifen, Samt und Kord, Lila und Rot und Orange, der volle Sgt. Pepper halt. <\/p>\n<p>Und da habe ich mich wiedererkannt. Kleidung war mir einerseits nie sehr wichtig, ich habe angezogen, was da war und noch einigerma\u00dfen frisch roch. Aber es hat mich gefreut, und freut mich immer noch, wenn das auch noch sch\u00f6ne Sachen sind, und zwar: eher etwas extravagante sch\u00f6ne Sachen, mitunter sogar <em>flamboyant.<\/em> Moden habe ich nur ein einziges Mal bewusst mitgemacht, mit zehn oder zw\u00f6lf Jahren, als ich mit der Schere Fransen in eine kurze Jeanshose schnitt. Das war eine sehr kurze Phase. Und Marken &#8211; Marken hatte man zu meiner Zeit fast noch gar nicht erfunden. (Levi&#8217;s Jeans, Kaugummimarken, C&#038;A-Hausmarke Palomino, Salamander.)<\/p>\n<p>Nein, mein Vorbild war wohl einfach Errol Flynn &#8211; d\u00fcnnes B\u00e4rtchen, weites Piratenhemd, lachend auf einer Rahe stehend und die Locken im Wind. Nicht dass ich so war, aber so wollte ich vielleicht sein. So etwas war seit dem Ende der Peacock Revolution nicht mehr Mode, das kam dann erst wieder mit Prince und ist auf B\u00fchnenshows begrenzt.<\/p>\n<p>Man sieht hier, wie ich bereits in jungen Jahren so gekleidet war, wo ich noch heute sage: Respekt.<\/p>\n<p><img decoding=\"async\" src=\"https:\/\/www.herr-rau.de\/wordpress\/archiv\/herrrau7.jpg\"\/> <img decoding=\"async\" src=\"https:\/\/www.herr-rau.de\/wordpress\/archiv\/herrrau8.jpg\"\/> <img decoding=\"async\" src=\"https:\/\/www.herr-rau.de\/wordpress\/archiv\/herrrau26.jpg\"\/><\/p>\n<p>Zugegeben, das letzte Bild ist tats\u00e4chlich eine Faschingskost\u00fcmierung. Aber vor zwanzig Jahren, als ich noch ranker war, hatte ich ein wei\u00dfes und ein schwarzes Hemd, das ich explizit als Heldenhemd gekauft hatte &#8211; tiefer Ausschnitt, weiter \u00c4rmel. Die Kleidung auf den linken Bildern, zumindest auf dem mittleren, stammt aus Berlin: da hatten wir Verwandtschaft mit Model\u00e4den, und von dort wanderte oft Kleidung in die bayerisch-schw\u00e4bische Provinz. Ich f\u00fchlte mich sehr wohl darin. <\/p>\n<p>Der bunte Auftritt kam dann immer im Doppelpack, weil ich ja einen Zwillingsbruder habe:<\/p>\n<p><img decoding=\"async\" src=\"https:\/\/www.herr-rau.de\/wordpress\/archiv\/oben1973.jpg\" alt=\"Kinder geringelt\" width=\"450\" class=\"alignnone size-full wp-image-11248\" srcset=\"https:\/\/www.herr-rau.de\/wordpress\/archiv\/oben1973.jpg 600w, https:\/\/www.herr-rau.de\/wordpress\/archiv\/oben1973-100x150.jpg 100w, https:\/\/www.herr-rau.de\/wordpress\/archiv\/oben1973-200x300.jpg 200w, https:\/\/www.herr-rau.de\/wordpress\/archiv\/oben1973-135x203.jpg 135w\" sizes=\"(max-width: 600px) 100vw, 600px\" \/><\/p>\n<p><img loading=\"lazy\" decoding=\"async\" src=\"https:\/\/www.herr-rau.de\/wordpress\/archiv\/gruenundgelb1974.jpg\" alt=\"Kinder in gr\u00fcn und gelb\" width=\"351\" height=\"798\" class=\"alignnone size-full wp-image-11249\" srcset=\"https:\/\/www.herr-rau.de\/wordpress\/archiv\/gruenundgelb1974.jpg 351w, https:\/\/www.herr-rau.de\/wordpress\/archiv\/gruenundgelb1974-66x150.jpg 66w, https:\/\/www.herr-rau.de\/wordpress\/archiv\/gruenundgelb1974-132x300.jpg 132w, https:\/\/www.herr-rau.de\/wordpress\/archiv\/gruenundgelb1974-135x307.jpg 135w\" sizes=\"auto, (max-width: 351px) 100vw, 351px\" \/> <img loading=\"lazy\" decoding=\"async\" src=\"https:\/\/www.herr-rau.de\/wordpress\/archiv\/rhein1974.jpg\" alt=\"Kind im Jeansanzug\" width=\"214\" height=\"514\" class=\"alignnone size-full wp-image-11250\" srcset=\"https:\/\/www.herr-rau.de\/wordpress\/archiv\/rhein1974.jpg 214w, https:\/\/www.herr-rau.de\/wordpress\/archiv\/rhein1974-62x150.jpg 62w, https:\/\/www.herr-rau.de\/wordpress\/archiv\/rhein1974-125x300.jpg 125w, https:\/\/www.herr-rau.de\/wordpress\/archiv\/rhein1974-135x324.jpg 135w\" sizes=\"auto, (max-width: 214px) 100vw, 214px\" \/><\/p>\n<p>Als Teenager dann so:<\/p>\n<p><img loading=\"lazy\" decoding=\"async\" src=\"https:\/\/www.herr-rau.de\/wordpress\/archiv\/venedig.jpg\" alt=\"vogelf\u00fctternd, wei\u00dfe Hose, rosa Hemd\" width=\"476\" height=\"700\" class=\"alignnone size-full wp-image-11210\" srcset=\"https:\/\/www.herr-rau.de\/wordpress\/archiv\/venedig.jpg 476w, https:\/\/www.herr-rau.de\/wordpress\/archiv\/venedig-102x150.jpg 102w, https:\/\/www.herr-rau.de\/wordpress\/archiv\/venedig-204x300.jpg 204w, https:\/\/www.herr-rau.de\/wordpress\/archiv\/venedig-135x199.jpg 135w\" sizes=\"auto, (max-width: 476px) 100vw, 476px\" \/><\/p>\n<p>(Nicht gut zu erkennen: die fette G\u00fcrtelschnalle in Spinnennetzform. Kann ich interessierten Besuchern heute noch zeigen.)<\/p>\n<p>Manchmal hatte das&#8230; Ausw\u00fcchse. Hier mit 17 Jahren in San Francisco. Man beachte das kleine B\u00e4rtchen, lange, lange bevor es mal Mode wurde. (War das in den fr\u00fchen 2000ern? Ich wei\u00df es gar nicht mehr.) Und, uh, den Rest. Aber immerhin: das Hemd. In der Hand: ein frisch gekauftes Buch, entweder Tolkien-Briefe oder <em>The Return of the King<\/em>, beide hatte ich in diesem Urlaub gekauft. <\/p>\n<p><img loading=\"lazy\" decoding=\"async\" src=\"https:\/\/www.herr-rau.de\/wordpress\/archiv\/chinatown1985.jpg\" alt=\"Teenager in Chinatown\" width=\"350\" height=\"756\" class=\"alignnone size-full wp-image-11247\" srcset=\"https:\/\/www.herr-rau.de\/wordpress\/archiv\/chinatown1985.jpg 350w, https:\/\/www.herr-rau.de\/wordpress\/archiv\/chinatown1985-69x150.jpg 69w, https:\/\/www.herr-rau.de\/wordpress\/archiv\/chinatown1985-139x300.jpg 139w, https:\/\/www.herr-rau.de\/wordpress\/archiv\/chinatown1985-135x292.jpg 135w\" sizes=\"auto, (max-width: 350px) 100vw, 350px\" \/><\/p>\n<p>In der Abizeitung, als jeder von uns 5 Zeilen bekam und gut war&#8217;s, stand dann unter anderem &#8222;Genie und Dressman&#8220;. Heute verstehe ich das besser als fr\u00fcher. Ich sah es schon als Kompliment, aber dressman, <em>moi?<\/em><\/p>\n<p>In den Zwanzigern entdeckte ich eine Reihe von dreifarbigen Hemden mit schwarzen Punkten. Hach, waren die sch\u00f6n! Frau Rau war dann aber doch sehr froh, als sie dann mal verschwanden.<\/p>\n<p><img loading=\"lazy\" decoding=\"async\" src=\"https:\/\/www.herr-rau.de\/wordpress\/archiv\/streifenhemd1992.jpg\" alt=\"Hemd mit Punkten\" width=\"406\" height=\"605\" class=\"alignnone size-full wp-image-11212\" srcset=\"https:\/\/www.herr-rau.de\/wordpress\/archiv\/streifenhemd1992.jpg 406w, https:\/\/www.herr-rau.de\/wordpress\/archiv\/streifenhemd1992-101x150.jpg 101w, https:\/\/www.herr-rau.de\/wordpress\/archiv\/streifenhemd1992-201x300.jpg 201w, https:\/\/www.herr-rau.de\/wordpress\/archiv\/streifenhemd1992-135x201.jpg 135w\" sizes=\"auto, (max-width: 406px) 100vw, 406px\" \/><\/p>\n<p>Von Teenager-Jahren an mochte ich Hawaii-Hemden. Ich hatte stets ein oder zwei, die &#8211; wohl wieder durch die Verwandtschaft &#8211; den Weg zu mir fanden, sp\u00e4ter dann immer wieder selbst gekaufte. Ganz zu Anfang dieses Jahrtausends erstand ich dieses sch\u00f6ne Marvel-Hemd, lange vor dem filmischen Erfolg des Marvel-Universums. Einmal im Jahr ziehe ich es in die Schule an:<\/p>\n<p><img decoding=\"async\" src=\"https:\/\/www.herr-rau.de\/wordpress\/archiv\/marvel_shirt\"\/><\/p>\n<p>F\u00fcr diese Jacke muss ich ein bisschen abnehmen, sonst w\u00fcrde ich sie \u00f6fter tragen:<\/p>\n<p><img decoding=\"async\" src=\"https:\/\/www.herr-rau.de\/wordpress\/archiv\/neue_jacke.jpg\"\/><\/p>\n<p>Heute etwas gesetzter und ruhiger, f\u00fchle ich mich sehr wohl in diesen L\u00e4ngsstreifen:<\/p>\n<p><img loading=\"lazy\" decoding=\"async\" src=\"https:\/\/www.herr-rau.de\/wordpress\/archiv\/streifensakko2011.jpg\" alt=\"Sakko mit Streifen\" width=\"346\" height=\"700\" class=\"alignnone size-full wp-image-11223\" srcset=\"https:\/\/www.herr-rau.de\/wordpress\/archiv\/streifensakko2011.jpg 346w, https:\/\/www.herr-rau.de\/wordpress\/archiv\/streifensakko2011-74x150.jpg 74w, https:\/\/www.herr-rau.de\/wordpress\/archiv\/streifensakko2011-148x300.jpg 148w, https:\/\/www.herr-rau.de\/wordpress\/archiv\/streifensakko2011-135x273.jpg 135w\" sizes=\"auto, (max-width: 346px) 100vw, 346px\" \/><\/p>\n<p>Wenn es ein bisschen k\u00fchl ist oder regnet, aber nicht genug f\u00fcr einen Schirm, dann bietet sich die gr\u00fcne Melone an:<\/p>\n<p><img loading=\"lazy\" decoding=\"async\" src=\"https:\/\/www.herr-rau.de\/wordpress\/archiv\/melone.jpg\" alt=\"im Zug mit gr\u00fcner Melone\" width=\"365\" height=\"534\" class=\"alignnone size-full wp-image-11211\" srcset=\"https:\/\/www.herr-rau.de\/wordpress\/archiv\/melone.jpg 365w, https:\/\/www.herr-rau.de\/wordpress\/archiv\/melone-103x150.jpg 103w, https:\/\/www.herr-rau.de\/wordpress\/archiv\/melone-205x300.jpg 205w, https:\/\/www.herr-rau.de\/wordpress\/archiv\/melone-135x198.jpg 135w\" sizes=\"auto, (max-width: 365px) 100vw, 365px\" \/><\/p>\n<p>Aus dem Irlandurlaub mitgebracht: neue Socken.<\/p>\n<p><img loading=\"lazy\" decoding=\"async\" src=\"https:\/\/www.herr-rau.de\/wordpress\/archiv\/socken-_avoca.jpg\" alt=\"bunte Socken\" width=\"1024\" height=\"768\" class=\"alignnone size-full wp-image-11206\" srcset=\"https:\/\/www.herr-rau.de\/wordpress\/archiv\/socken-_avoca.jpg 1024w, https:\/\/www.herr-rau.de\/wordpress\/archiv\/socken-_avoca-150x113.jpg 150w, https:\/\/www.herr-rau.de\/wordpress\/archiv\/socken-_avoca-300x225.jpg 300w, https:\/\/www.herr-rau.de\/wordpress\/archiv\/socken-_avoca-700x525.jpg 700w, https:\/\/www.herr-rau.de\/wordpress\/archiv\/socken-_avoca-954x716.jpg 954w, https:\/\/www.herr-rau.de\/wordpress\/archiv\/socken-_avoca-135x101.jpg 135w\" sizes=\"auto, (max-width: 1024px) 100vw, 1024px\" \/><\/p>\n<p>Alles, was noch passt, ziehe ich regelm\u00e4\u00dfig in die Schule an, daneben manche Nerd-Shirts, und mein Fischgr\u00e4t-Tweed-Hoodie. Oder graue Pullover. Kaum etwas davon wird je kommentiert, \u00fcbrigens; wir sind eine sehr h\u00f6fliche Schule. Aber ich habe Fasching ja auch mal im Ganzk\u00f6rper-L\u00f6wenkost\u00fcm unterrichtet, ohne dass das irgendeinen Unterschied gemacht h\u00e4tte.<\/p>\n<p>Nachtrag: <\/p>\n<p><img loading=\"lazy\" decoding=\"async\" src=\"https:\/\/www.herr-rau.de\/wordpress\/archiv\/guten_morgen.jpg\" alt=\"Selfie im Spiegel\" width=\"518\" height=\"700\" class=\"alignnone size-full wp-image-11741\" srcset=\"https:\/\/www.herr-rau.de\/wordpress\/archiv\/guten_morgen.jpg 518w, https:\/\/www.herr-rau.de\/wordpress\/archiv\/guten_morgen-111x150.jpg 111w, https:\/\/www.herr-rau.de\/wordpress\/archiv\/guten_morgen-222x300.jpg 222w, https:\/\/www.herr-rau.de\/wordpress\/archiv\/guten_morgen-135x182.jpg 135w\" sizes=\"auto, (max-width: 518px) 100vw, 518px\" \/><\/p>\n","protected":false},"excerpt":{"rendered":"<p>(14 Kommentare.) Vor zwei Jahren im Fashion Museum in Bath h\u00f6rte ich zum ersten Mal von der Peacock Revolution. So hie\u00df das, was Ende der 1960er Jahre f\u00fcr ein paar kurze Jahre die M\u00e4nnermode dominierte: R\u00fcschen und L\u00e4ngsstreifen, Samt und Kord, Lila und Rot und Orange, der volle Sgt. Pepper halt. Und da habe ich [&hellip;]<\/p>\n","protected":false},"author":2,"featured_media":11211,"comment_status":"open","ping_status":"open","sticky":false,"template":"","format":"standard","meta":{"_jetpack_memberships_contains_paid_content":false,"footnotes":""},"categories":[313],"tags":[70,226,338],"class_list":["post-11198","post","type-post","status-publish","format-standard","has-post-thumbnail","hentry","category-tagebuch","tag-erinnerungen","tag-fotos","tag-kleidung"],"jetpack_featured_media_url":"https:\/\/www.herr-rau.de\/wordpress\/archiv\/melone.jpg","jetpack_sharing_enabled":true,"jetpack_likes_enabled":true,"_links":{"self":[{"href":"https:\/\/www.herr-rau.de\/wordpress\/wp-json\/wp\/v2\/posts\/11198","targetHints":{"allow":["GET"]}}],"collection":[{"href":"https:\/\/www.herr-rau.de\/wordpress\/wp-json\/wp\/v2\/posts"}],"about":[{"href":"https:\/\/www.herr-rau.de\/wordpress\/wp-json\/wp\/v2\/types\/post"}],"author":[{"embeddable":true,"href":"https:\/\/www.herr-rau.de\/wordpress\/wp-json\/wp\/v2\/users\/2"}],"replies":[{"embeddable":true,"href":"https:\/\/www.herr-rau.de\/wordpress\/wp-json\/wp\/v2\/comments?post=11198"}],"version-history":[{"count":3,"href":"https:\/\/www.herr-rau.de\/wordpress\/wp-json\/wp\/v2\/posts\/11198\/revisions"}],"predecessor-version":[{"id":11761,"href":"https:\/\/www.herr-rau.de\/wordpress\/wp-json\/wp\/v2\/posts\/11198\/revisions\/11761"}],"wp:featuredmedia":[{"embeddable":true,"href":"https:\/\/www.herr-rau.de\/wordpress\/wp-json\/wp\/v2\/media\/11211"}],"wp:attachment":[{"href":"https:\/\/www.herr-rau.de\/wordpress\/wp-json\/wp\/v2\/media?parent=11198"}],"wp:term":[{"taxonomy":"category","embeddable":true,"href":"https:\/\/www.herr-rau.de\/wordpress\/wp-json\/wp\/v2\/categories?post=11198"},{"taxonomy":"post_tag","embeddable":true,"href":"https:\/\/www.herr-rau.de\/wordpress\/wp-json\/wp\/v2\/tags?post=11198"}],"curies":[{"name":"wp","href":"https:\/\/api.w.org\/{rel}","templated":true}]}}