{"id":1145,"date":"2007-11-21T23:37:36","date_gmt":"2007-11-21T21:37:36","guid":{"rendered":"https:\/\/www.herr-rau.de\/wordpress\/2007\/11\/stress-am-paedagogischen-tag.htm"},"modified":"2023-05-24T11:46:27","modified_gmt":"2023-05-24T09:46:27","slug":"stress-am-paedagogischen-tag","status":"publish","type":"post","link":"https:\/\/www.herr-rau.de\/wordpress\/2007\/11\/stress-am-paedagogischen-tag.htm","title":{"rendered":"Stress am P\u00e4dagogischen Tag"},"content":{"rendered":"<div style='text-align:right;'><small>(<a href='https:\/\/www.herr-rau.de\/wordpress\/2007\/11\/stress-am-paedagogischen-tag.htm#comments'>4 Kommentare.<\/a>)<\/small> <\/div>\n<p>(<a href=\"http:\/\/markusmaerkl.wordpress.com\/2007\/11\/20\/padagogischer-tag\/\">Was ein p\u00e4dagogischer Tag ist.<\/a>)<\/p>\n\n\n\n<p>Dieses Jahr kam ein Gast: Diplompsychologe Bernd Willkomm hielt vor der Lehrerschaft einen Vortrag zum Thema <em>Stress, Stressbew\u00e4ltigung und Psychotrauma im Kontext des Schulalltags<\/em>. Der Vortrag war sehr gut, es ging um Krisenbew\u00e4ltigung, nicht den \u00fcblichen Alltagsstress. Ich will hier zusammenfassen, was f\u00fcr mich das Interessanteste war, auch um es mir dadurch zu eigen zu machen, indem ich es f\u00fcr mich umformuliere.<\/p>\n\n\n\n<p><b>Was ist Stress?<\/b> Nach einer m\u00f6glichen Definition ist das eine <em>Reaktion<\/em> auf innere oder \u00e4u\u00dfere Einwirkungen.<\/p>\n\n\n\n<p><b>Wie \u00e4u\u00dfert sich Stress?<\/b> Ich habe nicht daran gedacht, nachzufragen. Es beginnt jedenfalls immer mit Adrenalin. (Mehr zu <em>psychotraumatischem<\/em> Stress weiter unten.)<\/p>\n\n\n\n<p><b>Wie entsteht Stress?<\/b> Durch einwirkende <em>Stressoren<\/em>: L\u00e4rm, Leid, Schmerz, ein traumatisches Erlebnis, vieles mehr. Wenn die m\u00f6glichen Stressoren als nennenswerte Beeintr\u00e4chtigung empfunden werden <em>und<\/em> wenn sich der der Mensch nicht in der Lage f\u00fchlt, die Situation zu bew\u00e4ltigen, dann reagiert der Mensch mit Stress.<\/p>\n\n\n\n<p><b>Wovon h\u00e4ngt es ab, ob ein m\u00f6glicher Stressor als solcher empfunden wird und eine Stressreaktion erfolgt?<\/b> Das ist individuell verschieden. <em>Ein<\/em> Faktor ist: Was als normal empfunden wird, f\u00fchrt nicht zu Stress. Was man als normal empfindet, h\u00e4ngt von Normen und Werten ab, vom Selbstbild und Weltbild. Beides entwickelt sich das ganze Leben lang, und nat\u00fcrlich vor allem bei Jugendlichen.<br>Selbstbild hei\u00dft: Wer bin ich und was will ich?<br>Das Weltbild: Eine wichtige Funktion des Weltbilds ist, dass sich der Mensch darin geborgen f\u00fchlt. Beeinflusst und stabilisiert wird das Weltbild durch Familie, Freunde, Vereine, Kirche, Schule, Gesellschaft. Diese stabilisierenden Faktoren sorgen f\u00fcr Orientierung, Anerkennung, Erfolg, Halt, Akzeptanz und Regeln. Fehlen sie, ist man angreifbarer. Das Weltbild spielt eine Rolle, wenn es um die Einsch\u00e4tzung von Stressoren geht. Das eigene Handeln muss mit Selbst- und Weltbild kompatibel sein. Geht das nicht, ist ein Trauma m\u00f6glich.<\/p>\n\n\n\n<p><b>Wie versucht der Mensch, Stress zu bew\u00e4ltigen?<\/b> Man versucht die Bewertung der Situation \u00e4ndern, indem man seine Einstellungen und Werte \u00e4ndert, um so die Erlebnisse zu normalisieren. Oder man versucht, den Stressor zu vermeiden, auszuschalten, zu reduzieren, zu ver\u00e4ndern. (Das kann durchaus destruktive Formen annehmen. Wenn man keine M\u00f6glichkeit sieht, dem Stressor auszuweichen au\u00dfer durch Gewalt gegen sich oder andere.) Besser, aber dem Menschen nicht immer m\u00f6glich, ist eine logische Analyse, vor allem die M\u00f6glichkeit der Aussprache. Letztlich helfen zum Beispiel auch noch Entspannungstechniken.<\/p>\n\n\n\n<p><b>Ist Stress immer etwas Schlechtes?<\/b> Ich habe nicht daran gedacht, danach zu fragen.<\/p>\n\n\n\n<p><b>Was ist psychotraumatischer Stress?<\/b> Stress infolge eines Psychotraumas. Er kann mittel- und langfristige Folgen haben, einen ausgebildeten Therapeuten erfordern. Allerdings sind 2\/3 aller F\u00e4lle auch Selbstheiler, die ohne therapeutische Hilfe die Traumatisierung \u00fcberwinden.<\/p>\n\n\n\n<p><b>Wie \u00e4u\u00dfert sich psychotraumatischer Stress?<\/b> Vielf\u00e4ltig, auch verz\u00f6gert, zum Beispiel in Form von Amnesie, Aphasie, Albtr\u00e4umen, Depressionen, Schlafst\u00f6rungen, Aggression.<\/p>\n\n\n\n<p><b>Was l\u00f6st ein Psychotrauma aus?<\/b> Nicht das Ereignis selber (Unfall, Tod) sondern damit verbundene Schuldgef\u00fchle, Hilflosigkeit, Bedrohung, Betroffenheit.<\/p>\n\n\n\n<p>&#8212; Im Vortrag gab es mehr Beispiele als ich angegeben habe, und nat\u00fcrlich noch anderes und bestimmt auch andere Schwerpunkte, vor allem den des Psychotraumas. F\u00fcr mich war die Beziehung Weltbild-Selbstbild besonders interessant, auch wenn ich jetzt beim Schreiben gemerkt habe, dass ich noch nicht alles gedanklich im Griff habe. Aber ich denke, das sind beides Punkte, an denen die Schule viel Einfluss hat.<\/p>\n\n\n\n<p>Was tragen wir in der Schule zum Selbstbild und Weltbild der Sch\u00fcler bei? Ich habe mich in meinem Selbst- und Weltbild recht komfortabel eingerichtet. Ist jede Kombination von Weltbild und Selbstbild, die Stressfreiheit erm\u00f6glicht, als gleich gut zu bewerten? Oder landen wir dann nicht beim Soziopathen, der m\u00f6glicherweise tats\u00e4chlich nicht unter Stress leidet?<\/p>\n\n\n\n<p>Wo kommt mein Weltbild her? Sicher auch von der Geborgenheit im Elternhaus. Respekt, Achtung, W\u00fcrde. Mir sind aber auch schon fr\u00fch verschiedene Weltbilder angeboten worden. &#8222;With great power comes great responsibility&#8220; &#8211; ich bin Spider-Man-Leser seit 1979. Nicht lachen! Atheistisch ist mein Weltbild auf jeden Fall, klassisch naturwissenschaftlich orientiert. Nihilistisch war ich aber nie. Im Angebot waren Weltbilder aus Macbeth:<\/p>\n\n\n\n<blockquote class=\"wp-block-quote is-layout-flow wp-block-quote-is-layout-flow\">\n<p>To-morrow, and to-morrow, and to-morrow,<br>Creeps in this petty pace from day to day<br>To the last syllable of recorded time,<br>And all our yesterdays have lighted fools<br>The way to dusty death. Out, out, brief candle!<br>Life&#8217;s but a walking shadow, a poor player<br>That struts and frets his hour upon the stage<br>And then is heard no more: it is a tale<br>Told by an idiot, full of sound and fury,<br>Signifying nothing.<\/p>\n<\/blockquote>\n\n\n\n<p>Oder Nathans Worte an Recha:<\/p>\n\n\n\n<blockquote class=\"wp-block-quote is-layout-flow wp-block-quote-is-layout-flow\">\n<p>&nbsp;&nbsp;&nbsp;&nbsp;&nbsp;&nbsp;&nbsp;&nbsp;&nbsp;&nbsp;&nbsp;&nbsp;&nbsp;&nbsp;&nbsp;&nbsp;&nbsp;&nbsp;&nbsp; Wie? weil<br>Es ganz nat\u00fcrlich, ganz allt\u00e4glich kl\u00e4nge,<br>Wenn dich ein eigentlicher Tempelherr<br>Gerettet h\u00e4tte: sollt&#8216; es darum weniger<br>Ein Wunder sein? &#8211; Der Wunder h\u00f6chstes ist,<br>Da\u00df uns die wahren, echten Wunder so<br>Allt\u00e4glich werden k\u00f6nnen, werden sollen.<br>Ohn&#8216; dieses allgemeine Wunder, h\u00e4tte<br>Ein Denkender wohl schwerlich Wunder je<br>Genannt, was Kindern blo\u00df so hei\u00dfen mu\u00dfte,<br>Die gaffend nur das Ungew\u00f6hnlichste,<br>Das Neuste nur verfolgen.<\/p>\n<\/blockquote>\n\n\n\n<p>Die folgende Zen-Anekdote passt gut in mein alles andere als fatalistisches Weltbild:<\/p>\n\n\n\n<blockquote class=\"wp-block-quote is-layout-flow wp-block-quote-is-layout-flow\">\n<p>Ein reicher Mann bat Sengai, etwas f\u00fcr das Gl\u00fcck seiner Familie aufzuschreiben, so da\u00df es von Generation zu Generation im Ged\u00e4chtnis behalten w\u00fcrde. Sengai verlangte einen gro\u00dfen Bogen Papier und schrieb: &#8222;Vater stirbt, Sohn stirbt, Enkel stirbt.&#8220; Der reiche Mann wurde \u00e4rgerlich. &#8222;Ich bat Euch, etwas f\u00fcr das Gl\u00fcck meiner Familie zu schreiben! Warum macht Ihr solch einen Scherz?&#8220; &#8222;Ich hatte nicht die Absicht, einen Scherz zu machen&#8220;, erkl\u00e4rte Sengai. &#8222;Wenn dein Sohn vor dir sterben w\u00fcrde, so w\u00fcrde dich das sehr bek\u00fcmmern. Wenn dein Enkel vor deinem Sohn sterben w\u00fcrde, so w\u00fcrde dies euch beiden das Herz brechen. Wenn deine Familie Generation auf Generation in der Reihenfolge dahinscheidet, die ich genannt habe, so ist das der nat\u00fcrliche Ablauf des Lebens. Das nenne ich wahres Gl\u00fcck.&#8220; (Aus: <em>Ohne Worte, ohne Schweigen<\/em> von Paul Reps)<\/p>\n<\/blockquote>\n\n\n\n<p>Wenn man an Weltbild und Selbstbild denkt, bekommt Bildung eine konkrete Bedeutung, die eben doch \u00fcber Allgemein- und Ausbildung hinausgeht, und deren Nutzen man vielleicht so Leuten erkl\u00e4ren kann, die ihn sonst nicht sehen.<\/p>\n\n\n\n<p>Fu\u00dfnote 1: Ich muss doch mal das didaktisch sch\u00f6n aufbereitete Material zu <a href=\"https:\/\/www.herr-rau.de\/wordpress\/2006\/10\/this-i-believe.htm\">This I Believe<\/a> lesen und einsetzen. Vielleicht im Englisch-LK, ginge nat\u00fcrlich auch auf Deutsch.<\/p>\n\n\n\n<p>Fu\u00dfnote 2: Um noch einmal zur Stressvermeidung zu kommen: Mir hilft auch das Bloggen dabei, glaube ich.<\/p>\n\n\n\n<p>Jetzt aber gute Nacht zusammen, ich muss schauen, dass ich ins Bett komme, morgen fr\u00fch aufstehen und abends Elternsprechabend.<\/p>\n","protected":false},"excerpt":{"rendered":"<p>(4 Kommentare.) (Was ein p\u00e4dagogischer Tag ist.) Dieses Jahr kam ein Gast: Diplompsychologe Bernd Willkomm hielt vor der Lehrerschaft einen Vortrag zum Thema Stress, Stressbew\u00e4ltigung und Psychotrauma im Kontext des Schulalltags. Der Vortrag war sehr gut, es ging um Krisenbew\u00e4ltigung, nicht den \u00fcblichen Alltagsstress. Ich will hier zusammenfassen, was f\u00fcr mich das Interessanteste war, auch [&hellip;]<\/p>\n","protected":false},"author":2,"featured_media":0,"comment_status":"open","ping_status":"open","sticky":false,"template":"","format":"standard","meta":{"_jetpack_memberships_contains_paid_content":false,"footnotes":""},"categories":[6],"tags":[],"class_list":["post-1145","post","type-post","status-publish","format-standard","hentry","category-schule-alltag"],"jetpack_featured_media_url":"","jetpack_sharing_enabled":true,"jetpack_likes_enabled":true,"_links":{"self":[{"href":"https:\/\/www.herr-rau.de\/wordpress\/wp-json\/wp\/v2\/posts\/1145","targetHints":{"allow":["GET"]}}],"collection":[{"href":"https:\/\/www.herr-rau.de\/wordpress\/wp-json\/wp\/v2\/posts"}],"about":[{"href":"https:\/\/www.herr-rau.de\/wordpress\/wp-json\/wp\/v2\/types\/post"}],"author":[{"embeddable":true,"href":"https:\/\/www.herr-rau.de\/wordpress\/wp-json\/wp\/v2\/users\/2"}],"replies":[{"embeddable":true,"href":"https:\/\/www.herr-rau.de\/wordpress\/wp-json\/wp\/v2\/comments?post=1145"}],"version-history":[{"count":1,"href":"https:\/\/www.herr-rau.de\/wordpress\/wp-json\/wp\/v2\/posts\/1145\/revisions"}],"predecessor-version":[{"id":57683,"href":"https:\/\/www.herr-rau.de\/wordpress\/wp-json\/wp\/v2\/posts\/1145\/revisions\/57683"}],"wp:attachment":[{"href":"https:\/\/www.herr-rau.de\/wordpress\/wp-json\/wp\/v2\/media?parent=1145"}],"wp:term":[{"taxonomy":"category","embeddable":true,"href":"https:\/\/www.herr-rau.de\/wordpress\/wp-json\/wp\/v2\/categories?post=1145"},{"taxonomy":"post_tag","embeddable":true,"href":"https:\/\/www.herr-rau.de\/wordpress\/wp-json\/wp\/v2\/tags?post=1145"}],"curies":[{"name":"wp","href":"https:\/\/api.w.org\/{rel}","templated":true}]}}