{"id":12055,"date":"2018-11-24T21:30:00","date_gmt":"2018-11-24T20:30:00","guid":{"rendered":"https:\/\/www.herr-rau.de\/wordpress\/?p=12055"},"modified":"2023-05-14T08:27:45","modified_gmt":"2023-05-14T06:27:45","slug":"dillingen-2018","status":"publish","type":"post","link":"https:\/\/www.herr-rau.de\/wordpress\/2018\/11\/dillingen-2018.htm","title":{"rendered":"Dillingen 2018"},"content":{"rendered":"<div style='text-align:right;'><small>(<a href='https:\/\/www.herr-rau.de\/wordpress\/2018\/11\/dillingen-2018.htm#comments'>16 Kommentare.<\/a>)<\/small> <\/div>\n<p>Die letzte Woche war ich in Dillingen an der Donau auf Fortbildung. Dort gibt es die Akademie f\u00fcr Lehrerbildung und Personalf\u00fchrung. <a href=\"https:\/\/www.herr-rau.de\/wordpress\/2010\/11\/dillingen-an-der-donau.htm\">In einem fr\u00fcheren Blogeintrag<\/a> habe ich ausf\u00fchrlich erkl\u00e4rt, was das ist.<\/p>\n\n\n\n<p>Ich glaube, ich k\u00f6nnte mir das angew\u00f6hnen &#8211; eine Woche Fortbildung im Herbst. Ich kann l\u00e4nger schlafen als zu Hause (zumindest ein wenig) und komme am Abend zum Korrigieren (wenn ich nicht ausgehe oder in den Akademiekeller gehe, aber das bin ich nicht). Daf\u00fcr habe ich den p\u00e4dagogischen Tag an meiner Schule verpasst, der am Bu\u00df- und Bettag stattfindet, weil die Sch\u00fcler und Sch\u00fclerinnen da frei haben und die Lehrer und Lehrerinnen daf\u00fcr einen Tag arbeiten m\u00fcssen. Das muss nicht <em>dieser<\/em> Tag sein, aber der bietet sich an; lange Geschichte. Es mag sicher irgendwo p\u00e4dagogische Tage geben, bei denen ich es schade finden w\u00fcrde, nicht dabei sein zu k\u00f6nnen. Aber bis dahin taugt mir der Termin.<\/p>\n\n\n\n<p>In fast allen Bundesl\u00e4ndern gibt es etwas, das Bildungsurlaub hei\u00dft &#8211; bis zu f\u00fcnf Tage Urlaub im Jahr zur politischen oder beruflichen Bildung. Die Bundesrepublik hat sich 1974 verpflichtet, das einzuf\u00fchren (sagt Wikipedia), aber wie das mit der Kulturhoheit der L\u00e4nder ist: Bayern macht da nicht mit.<\/p>\n\n\n\n<p>Dann eben so. Das Thema war Androidprogrammierung in Java, ein Thema, bei dem ich schon einige Vorkenntnisse hatte. Aber ich wusste, dass ich so oder so Zeit bekommen w\u00fcrde, vor mich hin zu programmieren, und da lerne ich am besten. Allerdings brauchte ich schon eine Einf\u00fchrung: Ich habe einfach keine Lust, \u00fcber Tutorials oder gar &#8211; horribile dictu &#8211; Videos im Web mich in etwas einzuarbeiten.<\/p>\n\n\n\n<p>Gelernt habe ich viel. Jetzt kann ich das so, wie ich m\u00f6chte. Tats\u00e4chlich bietet einem der MIT App Inventor bereits viele wichtige Konzepte daf\u00fcr, aber so ist man flexibler und kann vor allem eigene Klassen erg\u00e4nzen.<\/p>\n\n\n\n<p>Treppenhaus und Handt\u00fccher:<\/p>\n\n\n\n<figure class=\"wp-block-image\"><img loading=\"lazy\" decoding=\"async\" width=\"640\" height=\"640\" src=\"https:\/\/www.herr-rau.de\/wordpress\/archiv\/dillingen_2018.jpg\" alt=\"Collage aus Handtuch mit Aufschrift und Gew\u00f6lbe-Treppenhaus\" class=\"wp-image-12060\" srcset=\"https:\/\/www.herr-rau.de\/wordpress\/archiv\/dillingen_2018.jpg 640w, https:\/\/www.herr-rau.de\/wordpress\/archiv\/dillingen_2018-150x150.jpg 150w, https:\/\/www.herr-rau.de\/wordpress\/archiv\/dillingen_2018-300x300.jpg 300w, https:\/\/www.herr-rau.de\/wordpress\/archiv\/dillingen_2018-135x135.jpg 135w\" sizes=\"auto, (max-width: 640px) 100vw, 640px\" \/><\/figure>\n\n\n\n<p>Genau so &#8211; nur etwas weniger gut erhalten &#8211; sah der Ausblick aus meiner alten Schule aus, ein sehr ehemaliges Kloster in Augsburg. Aber in diesen Hof kam man nicht hin, das geh\u00f6rte dem Hausmeister. Hie\u00df es damals immer. Und jetzt, wo ich mir das \u00fcberlege, wird das wohl so nicht ganz korrekt gewesen sein, aber das f\u00e4llt mir erst jetzt auf.<\/p>\n\n\n\n<figure class=\"wp-block-image\"><img loading=\"lazy\" decoding=\"async\" width=\"450\" height=\"600\" src=\"https:\/\/www.herr-rau.de\/wordpress\/archiv\/dillingen_2018_ausblick.jpg\" alt=\"Ausblick auf Innenhof mit Gras\" class=\"wp-image-12059\" srcset=\"https:\/\/www.herr-rau.de\/wordpress\/archiv\/dillingen_2018_ausblick.jpg 450w, https:\/\/www.herr-rau.de\/wordpress\/archiv\/dillingen_2018_ausblick-113x150.jpg 113w, https:\/\/www.herr-rau.de\/wordpress\/archiv\/dillingen_2018_ausblick-225x300.jpg 225w, https:\/\/www.herr-rau.de\/wordpress\/archiv\/dillingen_2018_ausblick-135x180.jpg 135w\" sizes=\"auto, (max-width: 450px) 100vw, 450px\" \/><\/figure>\n\n\n\n<p>Abendessen. Das bunte rechts oben ist ein Krabbencocktail:<\/p>\n\n\n\n<figure class=\"wp-block-image\"><img loading=\"lazy\" decoding=\"async\" width=\"600\" height=\"450\" src=\"https:\/\/www.herr-rau.de\/wordpress\/archiv\/dillingen_2018_essen.jpg\" alt=\"Tablett mit Essen\" class=\"wp-image-12058\" srcset=\"https:\/\/www.herr-rau.de\/wordpress\/archiv\/dillingen_2018_essen.jpg 600w, https:\/\/www.herr-rau.de\/wordpress\/archiv\/dillingen_2018_essen-150x113.jpg 150w, https:\/\/www.herr-rau.de\/wordpress\/archiv\/dillingen_2018_essen-300x225.jpg 300w, https:\/\/www.herr-rau.de\/wordpress\/archiv\/dillingen_2018_essen-135x101.jpg 135w\" sizes=\"auto, (max-width: 600px) 100vw, 600px\" \/><\/figure>\n\n\n\n<p>Insgesamt war das Essen der schw\u00e4chste Teil der Fortbildung. Kaffee gab es nur zum Fr\u00fchst\u00fcck, und das bei Lehrern. Ach, die Lehrer. Die Leute, mit denen ich in der Fortbildung war, waren ganz normal. Aber so im gro\u00dfen Speisesaal, wenn alle Lehrer und Lehrerinnen sich versammeln, dann kommen sie mir schon komisch vor. Vielleicht sind sie nur einfach nicht mein vertrautes Kollegium. Oder man zieht sich besonders an, wenn man in Dillingen ist? Geht nur ein bestimmter Typ nach Dillingen? Vielleicht ist es auch das Ambiente, beruflich und doch au\u00dferschulisch &#8211; am Ende sind&#8217;s einfach die vielen Schwaben, die ich sonst nicht so treffe.<\/p>\n","protected":false},"excerpt":{"rendered":"<p>(16 Kommentare.) Die letzte Woche war ich in Dillingen an der Donau auf Fortbildung. Dort gibt es die Akademie f\u00fcr Lehrerbildung und Personalf\u00fchrung. In einem fr\u00fcheren Blogeintrag habe ich ausf\u00fchrlich erkl\u00e4rt, was das ist. Ich glaube, ich k\u00f6nnte mir das angew\u00f6hnen &#8211; eine Woche Fortbildung im Herbst. Ich kann l\u00e4nger schlafen als zu Hause (zumindest [&hellip;]<\/p>\n","protected":false},"author":2,"featured_media":12058,"comment_status":"open","ping_status":"open","sticky":false,"template":"","format":"standard","meta":{"_jetpack_memberships_contains_paid_content":false,"footnotes":""},"categories":[6],"tags":[128],"class_list":["post-12055","post","type-post","status-publish","format-standard","has-post-thumbnail","hentry","category-schule-alltag","tag-fortbildung"],"jetpack_featured_media_url":"https:\/\/www.herr-rau.de\/wordpress\/archiv\/dillingen_2018_essen.jpg","jetpack_sharing_enabled":true,"jetpack_likes_enabled":true,"_links":{"self":[{"href":"https:\/\/www.herr-rau.de\/wordpress\/wp-json\/wp\/v2\/posts\/12055","targetHints":{"allow":["GET"]}}],"collection":[{"href":"https:\/\/www.herr-rau.de\/wordpress\/wp-json\/wp\/v2\/posts"}],"about":[{"href":"https:\/\/www.herr-rau.de\/wordpress\/wp-json\/wp\/v2\/types\/post"}],"author":[{"embeddable":true,"href":"https:\/\/www.herr-rau.de\/wordpress\/wp-json\/wp\/v2\/users\/2"}],"replies":[{"embeddable":true,"href":"https:\/\/www.herr-rau.de\/wordpress\/wp-json\/wp\/v2\/comments?post=12055"}],"version-history":[{"count":3,"href":"https:\/\/www.herr-rau.de\/wordpress\/wp-json\/wp\/v2\/posts\/12055\/revisions"}],"predecessor-version":[{"id":56417,"href":"https:\/\/www.herr-rau.de\/wordpress\/wp-json\/wp\/v2\/posts\/12055\/revisions\/56417"}],"wp:featuredmedia":[{"embeddable":true,"href":"https:\/\/www.herr-rau.de\/wordpress\/wp-json\/wp\/v2\/media\/12058"}],"wp:attachment":[{"href":"https:\/\/www.herr-rau.de\/wordpress\/wp-json\/wp\/v2\/media?parent=12055"}],"wp:term":[{"taxonomy":"category","embeddable":true,"href":"https:\/\/www.herr-rau.de\/wordpress\/wp-json\/wp\/v2\/categories?post=12055"},{"taxonomy":"post_tag","embeddable":true,"href":"https:\/\/www.herr-rau.de\/wordpress\/wp-json\/wp\/v2\/tags?post=12055"}],"curies":[{"name":"wp","href":"https:\/\/api.w.org\/{rel}","templated":true}]}}