{"id":1217,"date":"2008-01-29T18:46:48","date_gmt":"2008-01-29T16:46:48","guid":{"rendered":"https:\/\/www.herr-rau.de\/wordpress\/2008\/01\/vermischtes-aus-den-letzten-tagen.htm"},"modified":"2008-04-27T07:52:25","modified_gmt":"2008-04-27T05:52:25","slug":"vermischtes-aus-den-letzten-tagen","status":"publish","type":"post","link":"https:\/\/www.herr-rau.de\/wordpress\/2008\/01\/vermischtes-aus-den-letzten-tagen.htm","title":{"rendered":"Vermischtes aus den letzten Tagen"},"content":{"rendered":"<div style='text-align:right;'><small>(<a href='https:\/\/www.herr-rau.de\/wordpress\/2008\/01\/vermischtes-aus-den-letzten-tagen.htm#comments'>2 Kommentare.<\/a>)<\/small> <\/div><p>Heute nachmittag habe ich den Evaluationsbogen f\u00fcr die Lehrer unserer Schule ausgef\u00fcllt, online nat\u00fcrlich. Die meisten Fragen waren leicht zu beantworten, ein Problem hatte ich aber bei Frage 106: &#8222;Ich stelle hohe, aber l\u00f6sbare Leistungsanforderungen.&#8220; Ich musste die Fragen f\u00fcrs Fach Informatik\/Natur und Technik beantworten, das ich dieses Jahr in der 6. Klasse unterrichte. F\u00fcr l\u00f6sbar halte ich meine Anforderungen, f\u00fcr hoch nicht. Das ist dann wohl ein &#8222;Trifft eher zu&#8220; oder &#8222;eher nicht&#8220;.<\/p>\n<p>Ansonsten: Es ist ein erleichterndes Gef\u00fchl, rechtzeitig alles korrigiert zu haben, auch wenn mich das die letzten Tage von anderen, angenehmeren Arbeiten abgehalten hat.<\/p>\n<p>Im Deutschunterricht, 9. Klasse, wollten mir die Sch\u00fcler zum Geburtstag <strike>korrigieren<\/strike> gratulieren. Ich muss mal nachfragen, aus welchem obskuren Forum ihre Informationen stammen, tats\u00e4chlich bin ich im Moment ziemlich weit entfernt von meinem Geburtstag. Heute waren brasilianische G\u00e4ste zum Zuschauen da, lange Geschichte, ich hoffe, ich habe uns gut repr\u00e4sentiert. Binsenweisheit, aber: Je \u00f6fter ich Unterrichtsbesuch kriege, desto weniger macht mir das etwas aus.<\/p>\n<p>Das Deutsch-Kapitel &#8222;Bewerbung und Lebenslauf&#8220; werde ich ziemlich kurz halten in diesem Schuljahr. Ich habe gefragt; Die Sch\u00fcler haben das schon in Englisch, Franz\u00f6sisch und Wirtschaft gemacht. Viel Neues werde ich da nicht bieten k\u00f6nnen. Ja, am Computer waren sie auch schon.<\/p>\n","protected":false},"excerpt":{"rendered":"<p>(2 Kommentare.) Heute nachmittag habe ich den Evaluationsbogen f\u00fcr die Lehrer unserer Schule ausgef\u00fcllt, online nat\u00fcrlich. Die meisten Fragen waren leicht zu beantworten, ein Problem hatte ich aber bei Frage 106: &#8222;Ich stelle hohe, aber l\u00f6sbare Leistungsanforderungen.&#8220; Ich musste die Fragen f\u00fcrs Fach Informatik\/Natur und Technik beantworten, das ich dieses Jahr in der 6. Klasse [&hellip;]<\/p>\n","protected":false},"author":2,"featured_media":0,"comment_status":"open","ping_status":"open","sticky":false,"template":"","format":"standard","meta":{"_jetpack_memberships_contains_paid_content":false,"footnotes":""},"categories":[6],"tags":[133],"class_list":["post-1217","post","type-post","status-publish","format-standard","hentry","category-schule-alltag","tag-evaluation"],"jetpack_featured_media_url":"","jetpack_sharing_enabled":true,"jetpack_likes_enabled":true,"_links":{"self":[{"href":"https:\/\/www.herr-rau.de\/wordpress\/wp-json\/wp\/v2\/posts\/1217","targetHints":{"allow":["GET"]}}],"collection":[{"href":"https:\/\/www.herr-rau.de\/wordpress\/wp-json\/wp\/v2\/posts"}],"about":[{"href":"https:\/\/www.herr-rau.de\/wordpress\/wp-json\/wp\/v2\/types\/post"}],"author":[{"embeddable":true,"href":"https:\/\/www.herr-rau.de\/wordpress\/wp-json\/wp\/v2\/users\/2"}],"replies":[{"embeddable":true,"href":"https:\/\/www.herr-rau.de\/wordpress\/wp-json\/wp\/v2\/comments?post=1217"}],"version-history":[{"count":0,"href":"https:\/\/www.herr-rau.de\/wordpress\/wp-json\/wp\/v2\/posts\/1217\/revisions"}],"wp:attachment":[{"href":"https:\/\/www.herr-rau.de\/wordpress\/wp-json\/wp\/v2\/media?parent=1217"}],"wp:term":[{"taxonomy":"category","embeddable":true,"href":"https:\/\/www.herr-rau.de\/wordpress\/wp-json\/wp\/v2\/categories?post=1217"},{"taxonomy":"post_tag","embeddable":true,"href":"https:\/\/www.herr-rau.de\/wordpress\/wp-json\/wp\/v2\/tags?post=1217"}],"curies":[{"name":"wp","href":"https:\/\/api.w.org\/{rel}","templated":true}]}}