{"id":14134,"date":"2019-10-07T20:53:28","date_gmt":"2019-10-07T18:53:28","guid":{"rendered":"https:\/\/www.herr-rau.de\/wordpress\/?p=14134"},"modified":"2023-06-09T16:40:43","modified_gmt":"2023-06-09T14:40:43","slug":"wandertag-2019-kleinere-rants","status":"publish","type":"post","link":"https:\/\/www.herr-rau.de\/wordpress\/2019\/10\/wandertag-2019-kleinere-rants.htm","title":{"rendered":"Wandertag 2019 &#038; kleinere Rants"},"content":{"rendered":"<div style='text-align:right;'><small>(<a href='https:\/\/www.herr-rau.de\/wordpress\/2019\/10\/wandertag-2019-kleinere-rants.htm#comments'>4 Kommentare.<\/a>)<\/small> <\/div>\n<p>Ich bin kein Freund von Wandertagen. Klar, man k\u00f6nnte&#8230; aber man tut nicht: ich bin kein Freund von real existierenden Wandertagen. &#8211; Bis vor f\u00fcnfzehn Jahren etwa waren zwei Wandertage pro Schuljahr verpflichtend vorgeschrieben. Dann hat man das den Schulen selbst \u00fcberlassen. Seit f\u00fcnfzehn Jahren gibt es zwei Wandertage an meiner Schule. Meine Englischklasse habe ich dann 9 Tage nicht gesehen, gerade am Anfang des Schuljahres ist das etwas bl\u00f6d.<\/p>\n\n\n\n<p>Aber wir waren im Zoo, und das war schon sch\u00f6n. Ich habe meiner 7. Klasse Aufgaben gestellt, letztlich eine aktualisierte Kurzversion meiner <a href=\"https:\/\/www.herr-rau.de\/wordpress\/2004\/06\/zoobesuche-zum-wandertag.htm\">Zook\u00e4rtchen von 2004<\/a> &#8211; neue Bilder, neue Tiere. Schlammspringer und R\u00f6hrenaale gibt es wohl nicht mehr in Hellabrunn; ein neues Suchtier ist der rote Panda, englisch Firefox. <\/p>\n\n\n\n<figure class=\"wp-block-image\"><img loading=\"lazy\" decoding=\"async\" width=\"700\" height=\"525\" src=\"https:\/\/www.herr-rau.de\/wordpress\/archiv\/zoo_2019_1-700x525.jpg\" alt=\"\" class=\"wp-image-14139\" srcset=\"https:\/\/www.herr-rau.de\/wordpress\/archiv\/zoo_2019_1.jpg 700w, https:\/\/www.herr-rau.de\/wordpress\/archiv\/zoo_2019_1-150x113.jpg 150w, https:\/\/www.herr-rau.de\/wordpress\/archiv\/zoo_2019_1-300x225.jpg 300w\" sizes=\"auto, (max-width: 700px) 100vw, 700px\" \/><figcaption class=\"wp-element-caption\">(Nicht meine Sch\u00fcler oder Sch\u00fclerinnen.)<\/figcaption><\/figure>\n\n\n\n<figure class=\"wp-block-image\"><img loading=\"lazy\" decoding=\"async\" width=\"700\" height=\"525\" src=\"https:\/\/www.herr-rau.de\/wordpress\/archiv\/zoo_2019_2-700x525.jpg\" alt=\"\" class=\"wp-image-14140\" srcset=\"https:\/\/www.herr-rau.de\/wordpress\/archiv\/zoo_2019_2.jpg 700w, https:\/\/www.herr-rau.de\/wordpress\/archiv\/zoo_2019_2-150x113.jpg 150w, https:\/\/www.herr-rau.de\/wordpress\/archiv\/zoo_2019_2-300x225.jpg 300w\" sizes=\"auto, (max-width: 700px) 100vw, 700px\" \/><figcaption class=\"wp-element-caption\">Nicht die einzigen Pfauen, die heute unterwegs waren &#8211; es regnete und war ansonsten ziemlich leer.<\/figcaption><\/figure>\n\n\n\n<p>Am Ende \u00fcberraschten mich die Sch\u00fcler und Sch\u00fclerinnen der 7. Klasse mit einem Geschenk, das ich sicher nicht annehmen darf und das deshalb das Klassenmaskottchen werden wird:<\/p>\n\n\n\n<figure class=\"wp-block-image\"><img loading=\"lazy\" decoding=\"async\" width=\"525\" height=\"700\" src=\"https:\/\/www.herr-rau.de\/wordpress\/archiv\/zoo_2019_3.jpg\" alt=\"\" class=\"wp-image-14141\" srcset=\"https:\/\/www.herr-rau.de\/wordpress\/archiv\/zoo_2019_3.jpg 525w, https:\/\/www.herr-rau.de\/wordpress\/archiv\/zoo_2019_3-113x150.jpg 113w, https:\/\/www.herr-rau.de\/wordpress\/archiv\/zoo_2019_3-225x300.jpg 225w\" sizes=\"auto, (max-width: 525px) 100vw, 525px\" \/><\/figure>\n\n\n\n<p>Von hinten legten sie es mir um, ich wusste wirklich nicht, was da kommen w\u00fcrde. Aber von den Kattas hatte ich der Klasse nat\u00fcrlich erz\u00e4hlt. (Ich war dann so auch einkaufen auf dem Heimweg. Im Drogeriemarkt machte man mich freundlich aufmerksam: &#8222;Sie wissen, dass Sie da so ein Tierchen\u2026 um den Hals\u2026&#8220;)<\/p>\n\n\n\n<p>Ansonsten verschiedene Diskussionen auf Twitter. Eine f\u00fchrte zu diesem Cartoon, mit dem jemand zeigen wollte, dass es nicht immer um richtig oder falsch geht:<\/p>\n\n\n\n<figure class=\"wp-block-image\"><img loading=\"lazy\" decoding=\"async\" width=\"700\" height=\"711\" src=\"https:\/\/www.herr-rau.de\/wordpress\/archiv\/twitter_marcus_aurelius-700x711.jpg\" alt=\"\" class=\"wp-image-14148\" srcset=\"https:\/\/www.herr-rau.de\/wordpress\/archiv\/twitter_marcus_aurelius-700x711.jpg 700w, https:\/\/www.herr-rau.de\/wordpress\/archiv\/twitter_marcus_aurelius-148x150.jpg 148w, https:\/\/www.herr-rau.de\/wordpress\/archiv\/twitter_marcus_aurelius-295x300.jpg 295w, https:\/\/www.herr-rau.de\/wordpress\/archiv\/twitter_marcus_aurelius.jpg 1054w\" sizes=\"auto, (max-width: 700px) 100vw, 700px\" \/><\/figure>\n\n\n\n<p>Der kam mir gleich dubios vor, wie mir \u00fcberhaupt alle weisen Spr\u00fcche im Internet mit einem bekannten Namen darunter dubios vorkommen. <a href=\"https:\/\/www.politifact.com\/facebook-fact-checks\/statements\/2019\/sep\/26\/viral-image\/no-marcus-aurelius-didnt-say-about-opinions-and-fa\/\">Und nat\u00fcrlich ist das so von Marcus Aurelius <em>nicht <\/em>\u00fcberliefert<\/a>, auch wenn das weit im Internet kursiert. Das focht die Cartoonsenderin aber nicht an, weil, recht habe sie ja doch. Das mag schon sein, ein Angriff auf den fiktiven Autor eines Zitats kann man als <em>argumentum ad hominem<\/em> betrachten. Andereits ist so ein Cartoon ja schon der freche Versuch eines <em>argumentum ad verecundiam<\/em> &#8211; die Berufung auf eine Autorit\u00e4t. <\/p>\n\n\n\n<p>Ein anderer Cartoon <a href=\"https:\/\/twitter.com\/mediendidaktik_\/status\/1180426095541309440\">auf Twitter<\/a> war der hier: <\/p>\n\n\n\n<figure class=\"wp-block-image\"><img loading=\"lazy\" decoding=\"async\" width=\"652\" height=\"585\" src=\"https:\/\/www.herr-rau.de\/wordpress\/archiv\/twitter_zeit_dueffel.png\" alt=\"\" class=\"wp-image-14150\" srcset=\"https:\/\/www.herr-rau.de\/wordpress\/archiv\/twitter_zeit_dueffel.png 652w, https:\/\/www.herr-rau.de\/wordpress\/archiv\/twitter_zeit_dueffel-150x135.png 150w, https:\/\/www.herr-rau.de\/wordpress\/archiv\/twitter_zeit_dueffel-300x269.png 300w\" sizes=\"auto, (max-width: 652px) 100vw, 652px\" \/><\/figure>\n\n\n\n<p>Auch hier wurde mir jemand als Autorit\u00e4t pr\u00e4sentiert. Selbstverst\u00e4ndlich kriegt man auf &#8222;Das lyrische Ich befindet sich auf dem Heimweg&#8220; bessere Noten als auf die Erinnerung an den Eindruck des Mondes als gr\u00fcnen Keks. Ob das unter weitgehender Ausschaltung des Gehirns geschieht, ist f\u00fcr die Noten ebenfalls irrelevant. Das mit dem &#8222;Heimweg&#8220; ist eine achtenswerte Leistung; das Wort taucht im Gedicht nicht auf. Man kann dar\u00fcber streiten, ob das mit dem Heimweg stimmt oder nicht; auch das ist gut. Die eigenen Erinnerungen an den Mond sind &#8211; wer das mag &#8211; ein geeigneter Einstieg f\u00fcr die Besch\u00e4ftigung mit dem Gedicht, aber sie sind nicht benotbar und man kann nicht dar\u00fcber streiten.  Es sei denn, man will die Noten abschaffen, um frei \u00fcber Inhalte assoziieren zu k\u00f6nnen. Halte ich f\u00fcr Unsinn, ist gesellschaftlich nicht gew\u00fcnscht, w\u00fcrde mir das Leben aber erleichtern &#8211; Notengeben ist das, was mir keinen Spa\u00df macht, und wof\u00fcr &#8211; so sage ich mir &#8211; ich das viele Geld kriege.<\/p>\n\n\n\n<p>Immer wieder lustig: <a href=\"http:\/\/www.smbc-comics.com\/comic\/why-i-couldn39t-be-a-math-teacher\">SMB und &#8222;Why I could never be a math teacher&#8220;<\/a>.<\/p>\n\n\n\n<p><\/p>\n","protected":false},"excerpt":{"rendered":"<p>(4 Kommentare.) Ich bin kein Freund von Wandertagen. Klar, man k\u00f6nnte&#8230; aber man tut nicht: ich bin kein Freund von real existierenden Wandertagen. &#8211; Bis vor f\u00fcnfzehn Jahren etwa waren zwei Wandertage pro Schuljahr verpflichtend vorgeschrieben. Dann hat man das den Schulen selbst \u00fcberlassen. Seit f\u00fcnfzehn Jahren gibt es zwei Wandertage an meiner Schule. Meine [&hellip;]<\/p>\n","protected":false},"author":2,"featured_media":0,"comment_status":"open","ping_status":"open","sticky":false,"template":"","format":"standard","meta":{"_jetpack_memberships_contains_paid_content":false,"footnotes":""},"categories":[6],"tags":[179,138],"class_list":["post-14134","post","type-post","status-publish","format-standard","hentry","category-schule-alltag","tag-alltag","tag-tiere"],"jetpack_featured_media_url":"","jetpack_sharing_enabled":true,"jetpack_likes_enabled":true,"_links":{"self":[{"href":"https:\/\/www.herr-rau.de\/wordpress\/wp-json\/wp\/v2\/posts\/14134","targetHints":{"allow":["GET"]}}],"collection":[{"href":"https:\/\/www.herr-rau.de\/wordpress\/wp-json\/wp\/v2\/posts"}],"about":[{"href":"https:\/\/www.herr-rau.de\/wordpress\/wp-json\/wp\/v2\/types\/post"}],"author":[{"embeddable":true,"href":"https:\/\/www.herr-rau.de\/wordpress\/wp-json\/wp\/v2\/users\/2"}],"replies":[{"embeddable":true,"href":"https:\/\/www.herr-rau.de\/wordpress\/wp-json\/wp\/v2\/comments?post=14134"}],"version-history":[{"count":3,"href":"https:\/\/www.herr-rau.de\/wordpress\/wp-json\/wp\/v2\/posts\/14134\/revisions"}],"predecessor-version":[{"id":58737,"href":"https:\/\/www.herr-rau.de\/wordpress\/wp-json\/wp\/v2\/posts\/14134\/revisions\/58737"}],"wp:attachment":[{"href":"https:\/\/www.herr-rau.de\/wordpress\/wp-json\/wp\/v2\/media?parent=14134"}],"wp:term":[{"taxonomy":"category","embeddable":true,"href":"https:\/\/www.herr-rau.de\/wordpress\/wp-json\/wp\/v2\/categories?post=14134"},{"taxonomy":"post_tag","embeddable":true,"href":"https:\/\/www.herr-rau.de\/wordpress\/wp-json\/wp\/v2\/tags?post=14134"}],"curies":[{"name":"wp","href":"https:\/\/api.w.org\/{rel}","templated":true}]}}