{"id":152,"date":"2004-11-10T15:47:53","date_gmt":"2004-11-10T13:47:53","guid":{"rendered":"https:\/\/www.herr-rau.de\/wordpress\/2004\/11\/pubertaet-aus-schuelersicht.htm"},"modified":"2008-03-21T16:04:22","modified_gmt":"2008-03-21T15:04:22","slug":"pubertaet-aus-schuelersicht","status":"publish","type":"post","link":"https:\/\/www.herr-rau.de\/wordpress\/2004\/11\/pubertaet-aus-schuelersicht.htm","title":{"rendered":"Pubert\u00e4t aus Sch\u00fclersicht (8. Klasse)"},"content":{"rendered":"<div style='text-align:right;'><small>(<a href='https:\/\/www.herr-rau.de\/wordpress\/2004\/11\/pubertaet-aus-schuelersicht.htm#comments'>11 Kommentare.<\/a>)<\/small> <\/div><p>Folgendes hat eine Sch\u00fclerin aus meiner 8. Klasse f\u00fcr ein laufendes Projekt geschrieben (mehr dazu wohl erst nach Weihnachten); ich habe den Text zwar schon auf unserer Schul-Homepage ver\u00f6ffentlicht, aber hier sehen ihn vielleicht dann doch noch andere Leute.<\/p>\n<hr \/>\n<p>Ein normales Gespr\u00e4ch unter M\u00fcttern: &#8222;Und, wie l\u00e4uft&#8217;s bei euch so?&#8220; &#8222;Ach, meine Tochter hat mal wieder randaliert, sie sind ja so aggressiv in dem Alter, immer passt ihnen was nicht.&#8220; &#8222;Sie sind halt in der Pubert\u00e4t. Das geht vorbei. So ab 19 werden sie wieder zahm.&#8220;<br \/>\nSo manch ein Teenie fragt sich bei diesen Worten: &#8222;Aggressiv? Pubert\u00e4t?&#8220; Es kommt nicht selten vor, dass Erwachsene \u00fcber das &#8218;zarte Alter&#8216; wie \u00fcber eine eklige Krankheit reden, die mit Pocken oder einer Grippe zu vergleichen und so ansteckend ist, dass alle Jugendlichen sie einfach bekommen m\u00fcssen. Viele ratlose Eltern stellen sich dann eine Frage: Was mit den Halbstarken tun? Sie einsperren, bis sie 21 sind, sich mit ihnen an den Kaffeetisch setzen und das Sieh-mal-dein-K\u00f6rper-ver\u00e4ndert-sich-jetzt-Gespr\u00e4ch anfangen oder sie schlicht zum Tierarzt bringen? Doch sind die Eltern die armen Leidtragenden? Wie es der gute alte Instinkt der Menschheit will, sch\u00f6pfen sie daraus einige Vorteile: Zum Beispiel ist ihr einziges Argument (au\u00dfer: &#8222;Wir haben kein Geld daf\u00fcr&#8220;), wenn ihr Spr\u00f6ssling ein viertes Rennrad m\u00f6chte: &#8222;Du bist noch ein halbes Kind, du wei\u00dft doch gar nicht, was du willst.&#8220; Oder wenn er sie um Erlaubnis bittet, zur angesagtesten Party des Jahres zu gehen, hei\u00dft es: &#8222;Dazu bist du noch viel zu jung.&#8220; Dagegen ist man schon alt genug, wenn es darum geht, das Bad zu putzen, einkaufen zu gehen oder bei ihren kleinen Treffen die Bedienung zu spielen. Darf ich Ihnen noch ein H\u00e4ppchen anbieten?&#8220; Und wie erkl\u00e4ren wir uns dieses ganze Affentheater? Nun, einige kluge K\u00f6pfe meinen, es l\u00e4ge an den Hormonen, die in unserem K\u00f6rper \u00fcberall wie shoppingw\u00fctige Weibsbilder in einem XXL-Einkaufscenter herumwuseln.<br \/>\nSo, meine lieben Eltern, Tanten, \u00c4rzte und alle, die das Ph\u00e4nomen des Erwachsenwerdens nicht verstehen: Es liegt nicht an uns! Die Wahrheit ist, dass wir, wenn wir klein sind, automatisch den \u00c4lteren gehorchen und nur selten fragen, wieso dies und das so ist, und wenn wir es doch tun wird uns etwas aufgetischt wie: &#8222;Nein! Dein Hamster ist weg, weil er dem Nikolaus helfen muss, Geschenke auszutragen.&#8220; Mit dem \u00e4lter (und intelligenter) werden erkennen wir, wie viele L\u00fcgen, Schwindel und bescheuerte Regeln und Verbote uns vorgelegt worden sind. Wir verstehen, wie ungerecht doch alles ist, und versuchen unsere Ansichten in das Allt\u00e4gliche einzubauen, was den Erwachsenen gar nicht passt, weil wir doch eigentlich lieb, nett und brav sein sollten und selbst denken tabu ist.<br \/>\nDie Tatsache, dass wir mit h\u00f6herem Alter ihrer Ansicht nach einfacher werden, ist schlicht und einfach darauf zur\u00fcckzuf\u00fchren, dass wir es aufgegeben haben, unsere Ideen, Meinungen und Anregungen zu erl\u00e4utern. Man kann Eltern genauso wenig \u00e4ndern wie einen Wiederholungst\u00e4ter im Nasenbohren.<br \/>\nFazit: Lasst uns bitte in Ruhe, nervt uns nicht und versucht schon gar nicht mit uns zu reden, dann d\u00fcrften wir diese schwierige Zeit wohl alle gut \u00fcberstehen.<\/p>\n<p>(Caro Heep)<\/p>\n","protected":false},"excerpt":{"rendered":"<p>(11 Kommentare.) Folgendes hat eine Sch\u00fclerin aus meiner 8. Klasse f\u00fcr ein laufendes Projekt geschrieben (mehr dazu wohl erst nach Weihnachten); ich habe den Text zwar schon auf unserer Schul-Homepage ver\u00f6ffentlicht, aber hier sehen ihn vielleicht dann doch noch andere Leute. Ein normales Gespr\u00e4ch unter M\u00fcttern: &#8222;Und, wie l\u00e4uft&#8217;s bei euch so?&#8220; &#8222;Ach, meine Tochter [&hellip;]<\/p>\n","protected":false},"author":2,"featured_media":0,"comment_status":"open","ping_status":"open","sticky":false,"template":"","format":"standard","meta":{"_jetpack_memberships_contains_paid_content":false,"footnotes":""},"categories":[15],"tags":[73],"class_list":["post-152","post","type-post","status-publish","format-standard","hentry","category-was-schueler-koennen","tag-schuelertexte"],"jetpack_featured_media_url":"","jetpack_sharing_enabled":true,"jetpack_likes_enabled":true,"_links":{"self":[{"href":"https:\/\/www.herr-rau.de\/wordpress\/wp-json\/wp\/v2\/posts\/152","targetHints":{"allow":["GET"]}}],"collection":[{"href":"https:\/\/www.herr-rau.de\/wordpress\/wp-json\/wp\/v2\/posts"}],"about":[{"href":"https:\/\/www.herr-rau.de\/wordpress\/wp-json\/wp\/v2\/types\/post"}],"author":[{"embeddable":true,"href":"https:\/\/www.herr-rau.de\/wordpress\/wp-json\/wp\/v2\/users\/2"}],"replies":[{"embeddable":true,"href":"https:\/\/www.herr-rau.de\/wordpress\/wp-json\/wp\/v2\/comments?post=152"}],"version-history":[{"count":0,"href":"https:\/\/www.herr-rau.de\/wordpress\/wp-json\/wp\/v2\/posts\/152\/revisions"}],"wp:attachment":[{"href":"https:\/\/www.herr-rau.de\/wordpress\/wp-json\/wp\/v2\/media?parent=152"}],"wp:term":[{"taxonomy":"category","embeddable":true,"href":"https:\/\/www.herr-rau.de\/wordpress\/wp-json\/wp\/v2\/categories?post=152"},{"taxonomy":"post_tag","embeddable":true,"href":"https:\/\/www.herr-rau.de\/wordpress\/wp-json\/wp\/v2\/tags?post=152"}],"curies":[{"name":"wp","href":"https:\/\/api.w.org\/{rel}","templated":true}]}}