{"id":15263,"date":"2020-03-10T16:38:30","date_gmt":"2020-03-10T15:38:30","guid":{"rendered":"https:\/\/www.herr-rau.de\/wordpress\/?p=15263"},"modified":"2023-05-04T18:02:02","modified_gmt":"2023-05-04T16:02:02","slug":"mebis-spontanfortbildungen","status":"publish","type":"post","link":"https:\/\/www.herr-rau.de\/wordpress\/2020\/03\/mebis-spontanfortbildungen.htm","title":{"rendered":"Mebis-Spontanfortbildungen (Klassenkurse f\u00fcr Mebis)"},"content":{"rendered":"<div style='text-align:right;'><small>(<a href='https:\/\/www.herr-rau.de\/wordpress\/2020\/03\/mebis-spontanfortbildungen.htm#comments'>6 Kommentare.<\/a>)<\/small> <\/div>\n<p>Im Moment gibt es ein gestiegenes Interesse an <strong>Mebis<\/strong>, der Online-Schulplattform des bayerischen Kultusministerium, die allen Schulen zur Verf\u00fcgung gestellt wird. Nicht ihr einziger, aber doch der wichtigste Bestandteil ist die <strong>Lernplattform<\/strong>, ein angepasstes Moodle. Und die wird pl\u00f6tzlich interessant, f\u00fcr den Fall, dass Schulen im Zusammenhang mit dem Corina-Virus geschlossen werden m\u00fcssten. <\/p>\n\n\n\n<h4 class=\"wp-block-heading\">Vorschlag 1<\/h4>\n\n\n\n<p>Eine M\u00f6glichkeit f\u00fcr den Notfall ist, dass<strong> jeder Lehrer und jede Lehrerin f\u00fcr jede Klasse einen eigenen Mebiskur<\/strong>s einrichtet. So habe ich das ja auch gehaltn bisher: Pro Klasse ein Kurs, am Ende des Jahres die Klasse rausgeworfen und den Kurs im neuen Jahr wiederverwendet &#8211; so wird der jedes Jahr (aber langsam, sehr langsam) besser oder entspricht zumindest immer mehr meinen Vorstellungen.<\/p>\n\n\n\n<p>Andererseits, wenn das alle schulweit machen: Dann ist pl\u00f6tzlich ein Sechstkl\u00e4ssler in zehn oder zw\u00f6lf Kursen drin und soll sich noch auskennen, und die Schule hat vierhundert oder mehr Kurse. Und noch sind nicht alle Lehrer und Lehrerinnen soweit, dass sie einen einen eigenen Kurs stemmen k\u00f6nnen. Langfristig halte ich das f\u00fcr machbar, aber nur dann, wenn eine gewisse technische Disziplin daf\u00fcr sorgen w\u00fcrde, dass die Kursteilnehmer und -teilnehmerinnen einen \u00dcberblick \u00fcber ihre Aktivit\u00e4ten und Aufgaben behalten k\u00f6nnten, <em>ohne<\/em> jeweils in alle Kurse hineinzuschauen, also in einem zentralen Dashboard. Grunds\u00e4tzlich denkbar, aber so weit sind wir noch nicht. <\/p>\n\n\n\n<h4 class=\"wp-block-heading\">Vorschlag 2<\/h4>\n\n\n\n<p>Also k\u00f6nnte man <strong>f\u00fcr jedes Fach einen zentralen Kurs<\/strong> einrichten: Dann haben die Lehrkr\u00e4fte weniger Kurse, die Sch\u00fcler allerdings gleichbleibend viele. Zumindest k\u00f6nnten die Lehrkr\u00e4fte eines Faches leichter Material tauschen und wiederverwenden. Urheberrechtlich w\u00e4re das ein bisschen schwieriger, weil man ja nur der eigenen Klasse gesch\u00fctztes Material austeilen darf und nicht etwa einer ganzen Jahrgangsstufe oder mehr. Aber auch da gibt es L\u00f6sungen, indem man die Teilnehmer und Teilnehmerinnen des einen Kurs in unterschiedliche Gruppen einteilt und diesen unterschiedliches Material sichtbar macht.<\/p>\n\n\n\n<h4 class=\"wp-block-heading\">Vorschlag 3<\/h4>\n\n\n\n<p>Eine letzte L\u00f6sung, eine Notl\u00f6sung, aber eine praktische, ist die, <strong>je Klasse einen Kurs<\/strong> anzulegen &#8211; und in diesem Kurs tummeln sich dann alle Lehrer und Lehrerinnen der Klasse, und jedes Fach kriegt einen eigenen Abschnitt. Das sieht dann so aus:<\/p>\n\n\n\n<figure class=\"wp-block-image aligncenter size-large\"><img loading=\"lazy\" decoding=\"async\" width=\"691\" height=\"705\" src=\"https:\/\/www.herr-rau.de\/wordpress\/archiv\/mebis-klassenkurs.png\" alt=\"\" class=\"wp-image-15264\" srcset=\"https:\/\/www.herr-rau.de\/wordpress\/archiv\/mebis-klassenkurs.png 691w, https:\/\/www.herr-rau.de\/wordpress\/archiv\/mebis-klassenkurs-294x300.png 294w, https:\/\/www.herr-rau.de\/wordpress\/archiv\/mebis-klassenkurs-147x150.png 147w\" sizes=\"auto, (max-width: 691px) 100vw, 691px\" \/><\/figure>\n\n\n\n<h4 class=\"wp-block-heading\">Vergn\u00fcgt effizientes Arbeiten<\/h4>\n\n\n\n<p>Ich habe dazu den ersten Start-Abschnitt mit einem Forum, einem Einleitungstext und einem sch\u00f6nen Bild versehen. (Das Auge denkt ja mit.) Und jedes Fach hat schon mal zum Einstieg ein Forum, einen Chat, ein Verzeichnis und zwei \u00dcberschriften gekriegt, so als Grundlage. Den Abschnitt habe ich dann kopiert und umbenannt, fertig mein Demokurs. Und den Demokurs habe ich dann f\u00fcnfundzwanzig oder drei\u00dfig mal kopiert beziehungsweise neue Kurse angelegt und alles Material aus dem Demokurs dorthin importiert. Das Kopieren der Kurse ging alles w\u00e4hrend der S-Bahn-Fahrt von F\u00fcrstenfeldbruck nach M\u00fcnchen &#8211; wenn man es gewohnt ist, ist das Arbeiten mit Mebis schneller als sein Ruf.<\/p>\n\n\n\n<p>Zu Hause habe ich dann pro Kurs noch eine Team-Teaching-Selbsteinschreibung angelegt, so dass sich die Kollegen mit dem geheimen Zauberwort selber in den Kurs eintragen k\u00f6nnen und dort gleich Lehrerrolle innehaben. Das geht ratzfatz, wenn man die Seiten parallel in Tabs aufmacht, und jeden einzelnen Mausklick in den Tabs nacheinander ausf\u00fchrt, also flie\u00dfbandhaft. (Dazu muss man halt schnell mit der Tastatur zwischen Tabs umschalten k\u00f6nnen.) Parallel hat die Kollegin von zu Hause aus Klasseneinschreibungen angelegt und damit die Sch\u00fcler und Sch\u00fclerinnen in die Kurse geholt, und am Handy ging das schneller als vom Schulrechner aus.<\/p>\n\n\n\n<p>Ehrlich gesagt, ich glaube, das geht schneller so, als wenn jeder einen eigenen Kurs anlegt. Au\u00dferdem kann man einander helfen, wenn man sich einen Kurs teilt. Und der gro\u00dfe Vorteil f\u00fcr mich: Ich sehe ein bisschen, was die Kollegen und Kolleginnen so treiben in unserem Kurs. Das hei\u00dft: Noch wird da gar nicht viel getrieben, ist ja nur f\u00fcr den Notfall. Wer einen eigenen Kurs hat, kann den nat\u00fcrlich weiter betreiben. Einige nutzen Mebis ja bereits mehr oder weniger intensiv.<\/p>\n\n\n\n<h4 class=\"wp-block-heading\">Kurzanleitung und Ausblick<\/h4>\n\n\n\n<figure class=\"wp-block-embed is-type-video is-provider-youtube wp-block-embed-youtube wp-embed-aspect-16-9 wp-has-aspect-ratio\"><div class=\"wp-block-embed__wrapper\">\n<iframe loading=\"lazy\" title=\"mebis - Kurzanleitung\" width=\"500\" height=\"281\" src=\"https:\/\/www.youtube.com\/embed\/fBmuacsKjRY?feature=oembed\" frameborder=\"0\" allow=\"accelerometer; autoplay; clipboard-write; encrypted-media; gyroscope; picture-in-picture; web-share\" referrerpolicy=\"strict-origin-when-cross-origin\" allowfullscreen><\/iframe>\n<\/div><figcaption class=\"wp-element-caption\">Video von Tobias Frischholz, Beratungsrektor mBdB f\u00fcr Dachau und F\u00fcrstenfeldbruck und Leiter des Medienzentrums Dachau.<\/figcaption><\/figure>\n\n\n\n<p>Anleitungen f\u00fcr Mebis gibt es gerade viele, das ist eine davon.<\/p>\n\n\n\n<p>Ja, Mebis &#8211; weil Moodle &#8211; ist umst\u00e4ndlich, immer noch, auch wenn es schon viel besser geworden ist. Als ich zwei Kollegen erkl\u00e4rte, wie die Aktivit\u00e4t &#8222;Forum&#8220; funktioniert, wird aber auch ein bisschen klar, woher das kommt: f\u00fcr die eine war sonnenklar, dass sie die E-Mail-Einstellungen auf die eine Art haben m\u00f6chte, der andere wollte das genaue Gegenteil. Das Resultat: Ein Knopf zum Einstellen, beziehungsweise: ganz viele Kn\u00f6pfe dann halt.<\/p>\n\n\n\n<p>Nachtrag: Ich denke, das Wichtigste ist ein funktionierender Kommunikationskanal, egal ob das Mebis ist oder OneNote. Den Rest kriegt man hin &#8211; nat\u00fcrlich nicht mit zeitgem\u00e4\u00dfer Bildung, wie meine kleinen Freunde auf Twitter sie sich w\u00fcnschen, sondern mit Methoden und Weltbild des sp\u00e4ten 20. Jahrhunderts, aber auch das reicht erst einmal aus. Musterkurse daf\u00fcr zentral vom Mebis-Team erstellt.<\/p>\n\n\n\n<p><strong>Nachtrag: Vorschlag 4<\/strong><\/p>\n\n\n\n<p>Ich k\u00f6nnte auch, und so werde ich das vielleicht in Zukunft halten, genau einen Kurs pro Fach einrichten. Dann habe ich nur drei Kurse zu verwalten; in jedem Kurs gibt es verschiedene Gruppen (n\u00e4mlich die in diesem Jahr unterrichteten Klassen). Es wird so zwar etwas enger im Kurs, ich kann mich nicht so breit machen in den Abschnitten wie ich das in Oberstufenkursen meist mache, aber daf\u00fcr ist alles an einem Ort. Das macht die mehrfache Verwendung von Material leichter, und neugierige Sch\u00fcler und Sch\u00fclerinnen k\u00f6nnen schon mal bei den anderen Jahren hineinschauen. <em>Ein <\/em>virtuelles Klassenzimmer, in dem mein Material ausliegt.<\/p>\n","protected":false},"excerpt":{"rendered":"<p>(6 Kommentare.) Im Moment gibt es ein gestiegenes Interesse an Mebis, der Online-Schulplattform des bayerischen Kultusministerium, die allen Schulen zur Verf\u00fcgung gestellt wird. Nicht ihr einziger, aber doch der wichtigste Bestandteil ist die Lernplattform, ein angepasstes Moodle. Und die wird pl\u00f6tzlich interessant, f\u00fcr den Fall, dass Schulen im Zusammenhang mit dem Corina-Virus geschlossen werden m\u00fcssten. [&hellip;]<\/p>\n","protected":false},"author":2,"featured_media":15264,"comment_status":"open","ping_status":"open","sticky":false,"template":"","format":"standard","meta":{"_jetpack_memberships_contains_paid_content":false,"footnotes":""},"categories":[6],"tags":[248],"class_list":["post-15263","post","type-post","status-publish","format-standard","has-post-thumbnail","hentry","category-schule-alltag","tag-schule-zu-hause"],"jetpack_featured_media_url":"https:\/\/www.herr-rau.de\/wordpress\/archiv\/mebis-klassenkurs.png","jetpack_sharing_enabled":true,"jetpack_likes_enabled":true,"_links":{"self":[{"href":"https:\/\/www.herr-rau.de\/wordpress\/wp-json\/wp\/v2\/posts\/15263","targetHints":{"allow":["GET"]}}],"collection":[{"href":"https:\/\/www.herr-rau.de\/wordpress\/wp-json\/wp\/v2\/posts"}],"about":[{"href":"https:\/\/www.herr-rau.de\/wordpress\/wp-json\/wp\/v2\/types\/post"}],"author":[{"embeddable":true,"href":"https:\/\/www.herr-rau.de\/wordpress\/wp-json\/wp\/v2\/users\/2"}],"replies":[{"embeddable":true,"href":"https:\/\/www.herr-rau.de\/wordpress\/wp-json\/wp\/v2\/comments?post=15263"}],"version-history":[{"count":2,"href":"https:\/\/www.herr-rau.de\/wordpress\/wp-json\/wp\/v2\/posts\/15263\/revisions"}],"predecessor-version":[{"id":55652,"href":"https:\/\/www.herr-rau.de\/wordpress\/wp-json\/wp\/v2\/posts\/15263\/revisions\/55652"}],"wp:featuredmedia":[{"embeddable":true,"href":"https:\/\/www.herr-rau.de\/wordpress\/wp-json\/wp\/v2\/media\/15264"}],"wp:attachment":[{"href":"https:\/\/www.herr-rau.de\/wordpress\/wp-json\/wp\/v2\/media?parent=15263"}],"wp:term":[{"taxonomy":"category","embeddable":true,"href":"https:\/\/www.herr-rau.de\/wordpress\/wp-json\/wp\/v2\/categories?post=15263"},{"taxonomy":"post_tag","embeddable":true,"href":"https:\/\/www.herr-rau.de\/wordpress\/wp-json\/wp\/v2\/tags?post=15263"}],"curies":[{"name":"wp","href":"https:\/\/api.w.org\/{rel}","templated":true}]}}