{"id":15487,"date":"2020-03-26T10:54:18","date_gmt":"2020-03-26T09:54:18","guid":{"rendered":"https:\/\/www.herr-rau.de\/wordpress\/?p=15487"},"modified":"2023-07-26T13:12:38","modified_gmt":"2023-07-26T11:12:38","slug":"videokonferenz-datenschutz-essensfotos","status":"publish","type":"post","link":"https:\/\/www.herr-rau.de\/wordpress\/2020\/03\/videokonferenz-datenschutz-essensfotos.htm","title":{"rendered":"Videokonferenz, Datenschutz, Essensfotos"},"content":{"rendered":"<div style='text-align:right;'><small>(<a href='https:\/\/www.herr-rau.de\/wordpress\/2020\/03\/videokonferenz-datenschutz-essensfotos.htm#comments'>8 Kommentare.<\/a>)<\/small> <\/div>\n<h4 class=\"wp-block-heading\">Videokonferenz<\/h4>\n\n\n\n<figure class=\"wp-block-image size-large\"><img loading=\"lazy\" decoding=\"async\" width=\"700\" height=\"525\" src=\"https:\/\/www.herr-rau.de\/wordpress\/archiv\/jitsi2020.jpg\" alt=\"\" class=\"wp-image-15488\" srcset=\"https:\/\/www.herr-rau.de\/wordpress\/archiv\/jitsi2020.jpg 700w, https:\/\/www.herr-rau.de\/wordpress\/archiv\/jitsi2020-300x225.jpg 300w, https:\/\/www.herr-rau.de\/wordpress\/archiv\/jitsi2020-150x113.jpg 150w\" sizes=\"auto, (max-width: 700px) 100vw, 700px\" \/><figcaption class=\"wp-element-caption\">(Zwei Rechner, aus technischen Gr\u00fcnden und zum Probieren. Kaffeetasse und Bluesharp an der Seite, aber Musik kommt nicht gut r\u00fcber, kompressionsalgorithmushalber.)<\/figcaption><\/figure>\n\n\n\n<p>Gestern endlich mal Videokonferenz ausprobiert. Freiwillig, mit Sch\u00fclern und Sch\u00fclerinnen einer Klasse, ohne irgendwas mit Unterricht &#8211; sondern gegen Langeweile, zur Erprobung von und Vertrautmachung mit neuer Technik, f\u00fcr menschlichen Kontakt. Ich kann mir nicht vorstellen, das f\u00fcr Unterricht zu nutzen. Andere erz\u00e4hlen davon, wie sie das tun, eine halbe Stunde Frontalunterricht, dann Fragerunde &#8211; passt nicht zu mir, und ich mag ohnehin weder Telefon noch sonstige synchrone Kommunikation, kann genauso einen Film vorgeben. (In einer Klasse stehen, das mag ich aber schon.)<\/p>\n\n\n\n<p>Es war sch\u00f6n, ein paar Gesichter zu sehen und Stimmen zu h\u00f6ren.<\/p>\n\n\n\n<p>Technisch gibt es dazu viele viele M\u00f6glichkeiten: Zoom, Google Hangout, Skype, Microsoft Teams, Jitsi. Getestet habe ich alles au\u00dfer Teams; aus Datenschutzgr\u00fcnden kommt nur Jitsi f\u00fcr mich in Frage &#8211; aber wer Video extensiv nutzen mag, findet anderes praktischer.<\/p>\n\n\n\n<p>Jitsi ist eine Open-Source-Software, die auf verschiedenen Servern l\u00e4uft. Kann man auch selber installieren, hat ein Ex-Sch\u00fcler f\u00fcr uns mal ausprobiert, vielleicht interessiert sich ja der Sachaufwandstr\u00e4ger daf\u00fcr. Wenn die Software auf einem Server l\u00e4uft, kann erst einmal jeder dort ein Meet anlegen &#8211; man denkt sich einen Treffpunktnamen aus, und der erste, der sich zu dieser Adresse begibt, ist Moderator. Alle anderen sind Teilnehmer. Als Moderator kann ich ein Passwort vergeben, und einstellen, dass alle Neuank\u00f6mmlinge im Meet erst einmal Mikrofon und Kamera aushaben. Das hei\u00dft, sie m\u00fcssen sie bewusst einschalten, um geh\u00f6rt oder gesehen zu werden. Wenn alle den Meet verlassen haben, ist es so, als h\u00e4tte er nie existiert &#8211; beim n\u00e4chsten Mal m\u00fcsste man also wieder Passwort eingeben, wenn man denn will, und so weiter. Man kann sich also keinen Meet-Namen reservieren.<\/p>\n\n\n\n<p>Es gibt eine App daf\u00fcr, &#8222;Jitsi Meet&#8220;, die macht es Sch\u00fclern und Sch\u00fclerinnen besonders leicht.<\/p>\n\n\n\n<p>Ich habe einen halbwegs vertrauensw\u00fcrdige Jitsi-Server gew\u00e4hlt und meinen Sch\u00fclern und Sch\u00fclerinnen gesagt, dass das freiwillig ist, dass sie keine schulichen Vorteile davon haben, dass sie ihre Eltern informieren sollen und dass sie ihre Kamera auslassen k\u00f6nnen. Denn: datenschutzrechtlich ist das alles trotz ein wenig gelockerter Regelungen h\u00f6chst bedenklich.<\/p>\n\n\n\n<h4 class=\"wp-block-heading\">Datenschutz<\/h4>\n\n\n\n<p>Mebis ist die einzige datenschutzrechtlich sichere Plattform in Bayern. Und selbst da gilt: Niemand muss eine E-Mail-Adresse eintragen (denn E-Mails werden ja unverschl\u00fcsselt versendet), und die Teilnahme an sich ist freiwillig &#8211; au\u00dfer, das Schulforum hat das anders beschlossen, dann kann man das verpflichtend machen. Das Schulforum beschlie\u00dft so etwas allerdings unter normalen Umst\u00e4nden unter der Bedingung, dass an der Schule genug Rechner f\u00fcr diejenigen sind, die zu Hause keinen Zugang zum Internet haben. <em>Freiwillig<\/em> kann an Schulen nat\u00fcrlich alles m\u00f6gliche genutzt werden, erfordert aber die wirksame Einwilligung der Eltern bzw. auch der Sch\u00fcler und Sch\u00fclerinnen.<\/p>\n\n\n\n<p>Jetzt sind aber keine normalen Umst\u00e4nde. Dennoch finde ich, man sollte Datenschutzregelungen behutsam hintergehen. Auf Twitter gibt es sicher nicht nur den einen Thread mit unterschiedlichen Meinungen dazu:<\/p>\n\n\n\n<blockquote class=\"twitter-tweet\"><p lang=\"de\" dir=\"ltr\">In Hamburg untersagt der Datenschutzbeauftragte den Kontakt zwischen Lehrern und Sch\u00fclern per Skype. Sp\u00e4testens immer wenn das schulische IT-System \u00fcberlastet ist, hei\u00dft das im Zweifelsfall, dass Kontakt nur zu den gut ausgestatteten und medienkompetenten Familien stattfindet. <a href=\"https:\/\/t.co\/pAJQNaCc2p\">pic.twitter.com\/pAJQNaCc2p<\/a><\/p>&mdash; J\u00f6ran Muu\u00df-Merholz (@joeranDE) <a href=\"https:\/\/twitter.com\/joeranDE\/status\/1242886480487481346?ref_src=twsrc%5Etfw\">March 25, 2020<\/a><\/blockquote> <script async src=\"https:\/\/platform.twitter.com\/widgets.js\" charset=\"utf-8\"><\/script> \n\n\n\n<p>Ich halte Skype (und auch Jitsi) f\u00fcr den Schulbetrieb f\u00fcr unn\u00f6tig. Ein Luxus, nice to have. Andere versteigen sich zur Ableitung der Notwendigkeit von Skype aus Artikel 7 Grundgesetz und UN-Menschenrechtskatalog, soll sein, soll sein, soll sein. Gerade, weil man damit die internetfernen Schichten errreichen k\u00f6nnte. Nun, man wird ganz bestimmt L\u00f6sungen f\u00fcr die Zukunft finden m\u00fcssen &#8211; im Moment ist das noch nicht wichtig, aber dennoch sind weiterhin ganz viele Vorausschauende unterwegs, die etwas verkaufen wollen.<\/p>\n\n\n\n<h4 class=\"wp-block-heading\">Suppe<\/h4>\n\n\n\n<figure class=\"wp-block-image size-large\"><img loading=\"lazy\" decoding=\"async\" width=\"700\" height=\"525\" src=\"https:\/\/www.herr-rau.de\/wordpress\/archiv\/tomatensugosuppe.jpg\" alt=\"\" class=\"wp-image-15497\" srcset=\"https:\/\/www.herr-rau.de\/wordpress\/archiv\/tomatensugosuppe.jpg 700w, https:\/\/www.herr-rau.de\/wordpress\/archiv\/tomatensugosuppe-300x225.jpg 300w, https:\/\/www.herr-rau.de\/wordpress\/archiv\/tomatensugosuppe-150x113.jpg 150w\" sizes=\"auto, (max-width: 700px) 100vw, 700px\" \/><\/figure>\n\n\n\n<p>Ein Glas Tomatensugo aus dem Kartoffelkombinat, zur Suppe gestreckt, Sahnerest vom Vortag, Dillrest vom Vorvortag, Kartoffeln aus dem Kartoffelkombinat zu P\u00fcree verarbeitet, auf Backblech gespritzt, nach Anregung durch <a href=\"https:\/\/twitter.com\/FrolleinPolly\/status\/1239279639362785280\">diesen Tweet<\/a>. Ich habe n\u00e4mlich mal schlimme Erfahrungen mit Herzoginkartoffeln gemacht &#8211; lila Kartoffeln eignen sich <em>nicht<\/em> daf\u00fcr.<\/p>\n\n\n\n<h4 class=\"wp-block-heading\">Herby Polenta<\/h4>\n\n\n\n<figure class=\"wp-block-image size-large\"><img loading=\"lazy\" decoding=\"async\" width=\"700\" height=\"525\" src=\"https:\/\/www.herr-rau.de\/wordpress\/archiv\/herby_polenta.jpg\" alt=\"\" class=\"wp-image-15496\" srcset=\"https:\/\/www.herr-rau.de\/wordpress\/archiv\/herby_polenta.jpg 700w, https:\/\/www.herr-rau.de\/wordpress\/archiv\/herby_polenta-300x225.jpg 300w, https:\/\/www.herr-rau.de\/wordpress\/archiv\/herby_polenta-150x113.jpg 150w\" sizes=\"auto, (max-width: 700px) 100vw, 700px\" \/><\/figure>\n\n\n\n<p>Viel Knoblauch dran. Im Prinzip Polentagrie\u00df mit Br\u00fche\/Milch in den Ofen (dazu Gr\u00fcnzeug und Maisk\u00f6rner), nach zwanzig Minuten umr\u00fchren, dann nach zwanzig Minuten noch einmal umr\u00fchren, und Eier drauf, wie bei Shakshuka. (<a href=\"https:\/\/www.irishtimes.com\/life-and-style\/food-and-drink\/recipes\/yotam-ottolenghi-s-herby-polenta-with-corn-eggs-and-feta-1.3915297\">Rezept<\/a>)  <\/p>\n\n\n\n<h4 class=\"wp-block-heading\">Rehpastete<\/h4>\n\n\n\n<p>Ich wollte schon lange mal wieder diese Pastete machen, also zum Viktualienmarkt, gro\u00df einkaufen. Nebenbei auch Zicklein, zum Einfrieren &#8211; ich kaufe gerade so viel wie m\u00f6glich, und gebe Trinkgeld, wo ich kann, auch im Supermarkt. Vom \u00fcbrigen Teig und vom \u00fcbrigen Fleisch habe ich dann noch ein paar Pies nach meinem Pork-Pie-Rezept gemacht.<\/p>\n\n\n\n<figure class=\"wp-block-gallery has-nested-images columns-1 is-cropped wp-block-gallery-2 is-layout-flex wp-block-gallery-is-layout-flex\">\n<figure class=\"wp-block-image size-large\"><img loading=\"lazy\" decoding=\"async\" width=\"700\" height=\"525\" data-id=\"15502\" src=\"https:\/\/www.herr-rau.de\/wordpress\/archiv\/pastete2020_1.jpg\" alt=\"\" class=\"wp-image-15502\" srcset=\"https:\/\/www.herr-rau.de\/wordpress\/archiv\/pastete2020_1.jpg 700w, https:\/\/www.herr-rau.de\/wordpress\/archiv\/pastete2020_1-300x225.jpg 300w, https:\/\/www.herr-rau.de\/wordpress\/archiv\/pastete2020_1-150x113.jpg 150w\" sizes=\"auto, (max-width: 700px) 100vw, 700px\" \/><\/figure>\n\n\n\n<figure class=\"wp-block-image size-large\"><img loading=\"lazy\" decoding=\"async\" width=\"700\" height=\"525\" data-id=\"15503\" src=\"https:\/\/www.herr-rau.de\/wordpress\/archiv\/pastete2020_2.jpg.jpg\" alt=\"\" class=\"wp-image-15503\" srcset=\"https:\/\/www.herr-rau.de\/wordpress\/archiv\/pastete2020_2.jpg.jpg 700w, https:\/\/www.herr-rau.de\/wordpress\/archiv\/pastete2020_2.jpg-300x225.jpg 300w, https:\/\/www.herr-rau.de\/wordpress\/archiv\/pastete2020_2.jpg-150x113.jpg 150w\" sizes=\"auto, (max-width: 700px) 100vw, 700px\" \/><\/figure>\n\n\n\n<figure class=\"wp-block-image size-large\"><img loading=\"lazy\" decoding=\"async\" width=\"700\" height=\"525\" data-id=\"15504\" src=\"https:\/\/www.herr-rau.de\/wordpress\/archiv\/pastete2020_3.jpg.jpg\" alt=\"\" class=\"wp-image-15504\" srcset=\"https:\/\/www.herr-rau.de\/wordpress\/archiv\/pastete2020_3.jpg.jpg 700w, https:\/\/www.herr-rau.de\/wordpress\/archiv\/pastete2020_3.jpg-300x225.jpg 300w, https:\/\/www.herr-rau.de\/wordpress\/archiv\/pastete2020_3.jpg-150x113.jpg 150w\" sizes=\"auto, (max-width: 700px) 100vw, 700px\" \/><\/figure>\n<\/figure>\n\n\n\n<p>Ist h\u00fcbsch, ja, aber der Deckel sitzt noch nicht ganz, und die H\u00fclle ist zu dick. Bin aber schon zufrieden. Die Scheiben werden eingefroren, ich wei\u00df noch nicht, wie gut das klappt, denke aber schon. (<a href=\"https:\/\/www.herr-rau.de\/wordpress\/2019\/04\/rehpastete.htm\">Rezept<\/a>)<\/p>\n","protected":false},"excerpt":{"rendered":"<p>(8 Kommentare.) Videokonferenz Gestern endlich mal Videokonferenz ausprobiert. Freiwillig, mit Sch\u00fclern und Sch\u00fclerinnen einer Klasse, ohne irgendwas mit Unterricht &#8211; sondern gegen Langeweile, zur Erprobung von und Vertrautmachung mit neuer Technik, f\u00fcr menschlichen Kontakt. Ich kann mir nicht vorstellen, das f\u00fcr Unterricht zu nutzen. Andere erz\u00e4hlen davon, wie sie das tun, eine halbe Stunde Frontalunterricht, [&hellip;]<\/p>\n","protected":false},"author":2,"featured_media":15488,"comment_status":"open","ping_status":"open","sticky":false,"template":"","format":"standard","meta":{"_jetpack_memberships_contains_paid_content":false,"footnotes":""},"categories":[6],"tags":[248],"class_list":["post-15487","post","type-post","status-publish","format-standard","has-post-thumbnail","hentry","category-schule-alltag","tag-schule-zu-hause"],"jetpack_featured_media_url":"https:\/\/www.herr-rau.de\/wordpress\/archiv\/jitsi2020.jpg","jetpack_sharing_enabled":true,"jetpack_likes_enabled":true,"_links":{"self":[{"href":"https:\/\/www.herr-rau.de\/wordpress\/wp-json\/wp\/v2\/posts\/15487","targetHints":{"allow":["GET"]}}],"collection":[{"href":"https:\/\/www.herr-rau.de\/wordpress\/wp-json\/wp\/v2\/posts"}],"about":[{"href":"https:\/\/www.herr-rau.de\/wordpress\/wp-json\/wp\/v2\/types\/post"}],"author":[{"embeddable":true,"href":"https:\/\/www.herr-rau.de\/wordpress\/wp-json\/wp\/v2\/users\/2"}],"replies":[{"embeddable":true,"href":"https:\/\/www.herr-rau.de\/wordpress\/wp-json\/wp\/v2\/comments?post=15487"}],"version-history":[{"count":3,"href":"https:\/\/www.herr-rau.de\/wordpress\/wp-json\/wp\/v2\/posts\/15487\/revisions"}],"predecessor-version":[{"id":59788,"href":"https:\/\/www.herr-rau.de\/wordpress\/wp-json\/wp\/v2\/posts\/15487\/revisions\/59788"}],"wp:featuredmedia":[{"embeddable":true,"href":"https:\/\/www.herr-rau.de\/wordpress\/wp-json\/wp\/v2\/media\/15488"}],"wp:attachment":[{"href":"https:\/\/www.herr-rau.de\/wordpress\/wp-json\/wp\/v2\/media?parent=15487"}],"wp:term":[{"taxonomy":"category","embeddable":true,"href":"https:\/\/www.herr-rau.de\/wordpress\/wp-json\/wp\/v2\/categories?post=15487"},{"taxonomy":"post_tag","embeddable":true,"href":"https:\/\/www.herr-rau.de\/wordpress\/wp-json\/wp\/v2\/tags?post=15487"}],"curies":[{"name":"wp","href":"https:\/\/api.w.org\/{rel}","templated":true}]}}