{"id":16323,"date":"2020-07-24T11:33:05","date_gmt":"2020-07-24T09:33:05","guid":{"rendered":"https:\/\/www.herr-rau.de\/wordpress\/?p=16323"},"modified":"2023-06-09T14:36:57","modified_gmt":"2023-06-09T12:36:57","slug":"gefuehl-und-vernunft-und-der-taegliche-charaktertest","status":"publish","type":"post","link":"https:\/\/www.herr-rau.de\/wordpress\/2020\/07\/gefuehl-und-vernunft-und-der-taegliche-charaktertest.htm","title":{"rendered":"Gef\u00fchl und Vernunft und der t\u00e4gliche Charaktertest"},"content":{"rendered":"<div style='text-align:right;'><small>(<a href='https:\/\/www.herr-rau.de\/wordpress\/2020\/07\/gefuehl-und-vernunft-und-der-taegliche-charaktertest.htm#comments'>4 Kommentare.<\/a>)<\/small> <\/div>\n<p>Wenn ich in der Schule unterwegs bin und ich brav Maske in den G\u00e4ngen trage und Abstand zu Kollegen und Kolleginnen halte, sagt mir mein Gef\u00fchl, dass keiner von uns mit SARS-CoV-2 infiziert ist. Auch in meinen Klassen habe ich das Gef\u00fchl, ich glaube, an meiner ganze Schule ist niemand (mehr) infiziert.<\/p>\n\n\n\n<p>In der S-Bahn zur Schule sagt mir mein Gef\u00fchl, dass ich wahrscheinlich nicht infiziert bin. Der Mann gegen\u00fcber mit der heraush\u00e4ngenden Nase wahrscheinlich auch nicht, wenn auch nicht ganz so wahrscheinlich wie ich &#8211; erstens, weil ich ich bin, und zweitens, weil er ein Depp ist. <\/p>\n\n\n\n<p>Auf der Geburtstagsfeier mit Freunden, im Freien, ist wahescheinlich auch niemand infiziert, sagt mir mein Gef\u00fchl.<\/p>\n\n\n\n<p>Man sollte allerdings seinen Gef\u00fchlen misstrauen, gerade bei Wahrscheinlichkeiten, und gerade bei Dingen, die man sich w\u00fcnscht. Das ist eine ganz wichtige Lektion. In diesem Fall hat das Gef\u00fchl aber v\u00f6llig recht. Wahrscheinlich <em>ist<\/em> niemand an meiner ganzen Schule infiziert, und in der S-Bahn auch nicht. Wenn man die eigene Maske vergessen hat, steckt man wahrscheinlich niemand an, wenn die  anderen ihre H\u00e4nde nicht gewaschen hat, kriegt man trotzdem wahrscheinlich keine Infektion.<\/p>\n\n\n\n<p>Und wenn man Covid-19 kriegt, hat man das Gef\u00fchl, dass einem schon nichts passieren wird. <em>Ich<\/em> habe jedenfalls dieses Gef\u00fchl, und viele andere auch. Auch hier t\u00e4uscht mich das Gef\u00fchl nicht &#8211; es wird wahrscheinlich so sein.<\/p>\n\n\n\n<p>Muss ich mir also Sorgen machen, wenn ich eine Kollegin umarme? Nein, nicht wirklich . <\/p>\n\n\n\n<p>Warum soll ich also trotzdem Abstand halten, H\u00e4nde waschen, Maske tragen, Ansammlungen meiden? Weil es vern\u00fcnftig ist. Alle, die das hier lesen, wissen das ohnehin schon. Das Risiko, das ich jemand anstecke, ist ganz, ganz, ganz klein, aber die Probleme, die ich damit erzeuge, sind sehr, sehr, sehr gro\u00df. Das muss man miteinander verrechnen, und stellt sich heraus: es <em>lohnt<\/em> sich, das ganz, ganz, ganz kleine Risiko zu vermeiden. Wenn viele Menschen das sehr oft machen, ist das sehr gut. Wenn gen\u00fcgend Menschen das gen\u00fcgend oft machen, ist das ausreichend. Wenn ich das mal vergesse, ist das nicht dramatisch &#8211; aber je \u00f6fter und je mehr Menschen das vergessen, desto schlechter.<\/p>\n\n\n\n<p>Wir sind wieder beim Gefangenendilemma: Wenn ich als einziger mich an keine Regeln halte, ist das v\u00f6llig in Ordnung, solange gen\u00fcgend andere das machen. Insofern ist jeder Tag ein neuer Intelligenz- oder Charaktertest.  Ich bestehe ihn nicht immer, aber ziemlich oft. Man kriegt ja immer eine neue Chance am n\u00e4chsten Tag. <em>(And yes, I will judge you.)<\/em><\/p>\n\n\n\n<p><\/p>\n","protected":false},"excerpt":{"rendered":"<p>(4 Kommentare.) Wenn ich in der Schule unterwegs bin und ich brav Maske in den G\u00e4ngen trage und Abstand zu Kollegen und Kolleginnen halte, sagt mir mein Gef\u00fchl, dass keiner von uns mit SARS-CoV-2 infiziert ist. Auch in meinen Klassen habe ich das Gef\u00fchl, ich glaube, an meiner ganze Schule ist niemand (mehr) infiziert. In [&hellip;]<\/p>\n","protected":false},"author":2,"featured_media":0,"comment_status":"open","ping_status":"open","sticky":false,"template":"","format":"standard","meta":{"_jetpack_memberships_contains_paid_content":false,"footnotes":""},"categories":[314],"tags":[],"class_list":["post-16323","post","type-post","status-publish","format-standard","hentry","category-analysen"],"jetpack_featured_media_url":"","jetpack_sharing_enabled":true,"jetpack_likes_enabled":true,"_links":{"self":[{"href":"https:\/\/www.herr-rau.de\/wordpress\/wp-json\/wp\/v2\/posts\/16323","targetHints":{"allow":["GET"]}}],"collection":[{"href":"https:\/\/www.herr-rau.de\/wordpress\/wp-json\/wp\/v2\/posts"}],"about":[{"href":"https:\/\/www.herr-rau.de\/wordpress\/wp-json\/wp\/v2\/types\/post"}],"author":[{"embeddable":true,"href":"https:\/\/www.herr-rau.de\/wordpress\/wp-json\/wp\/v2\/users\/2"}],"replies":[{"embeddable":true,"href":"https:\/\/www.herr-rau.de\/wordpress\/wp-json\/wp\/v2\/comments?post=16323"}],"version-history":[{"count":3,"href":"https:\/\/www.herr-rau.de\/wordpress\/wp-json\/wp\/v2\/posts\/16323\/revisions"}],"predecessor-version":[{"id":16373,"href":"https:\/\/www.herr-rau.de\/wordpress\/wp-json\/wp\/v2\/posts\/16323\/revisions\/16373"}],"wp:attachment":[{"href":"https:\/\/www.herr-rau.de\/wordpress\/wp-json\/wp\/v2\/media?parent=16323"}],"wp:term":[{"taxonomy":"category","embeddable":true,"href":"https:\/\/www.herr-rau.de\/wordpress\/wp-json\/wp\/v2\/categories?post=16323"},{"taxonomy":"post_tag","embeddable":true,"href":"https:\/\/www.herr-rau.de\/wordpress\/wp-json\/wp\/v2\/tags?post=16323"}],"curies":[{"name":"wp","href":"https:\/\/api.w.org\/{rel}","templated":true}]}}