{"id":17290,"date":"2020-10-31T11:04:16","date_gmt":"2020-10-31T10:04:16","guid":{"rendered":"https:\/\/www.herr-rau.de\/wordpress\/?p=17290"},"modified":"2023-06-09T14:13:29","modified_gmt":"2023-06-09T12:13:29","slug":"berufsbild-als-lehrkraft-so-war-das-aber-nicht-bestellt","status":"publish","type":"post","link":"https:\/\/www.herr-rau.de\/wordpress\/2020\/10\/berufsbild-als-lehrkraft-so-war-das-aber-nicht-bestellt.htm","title":{"rendered":"Berufsbild als Lehrkraft: So war das aber nicht bestellt"},"content":{"rendered":"<div style='text-align:right;'><small>(<a href='https:\/\/www.herr-rau.de\/wordpress\/2020\/10\/berufsbild-als-lehrkraft-so-war-das-aber-nicht-bestellt.htm#comments'>8 Kommentare.<\/a>)<\/small> <\/div>\n<p><em>Modell 1: Gut und bew\u00e4hrt.<\/em><\/p>\n\n\n\n<p>Das mit den Digitalisierungskonzepten an Schulen geht ja schon eine Weile, schon lang vor Covid19. Und damals, vor einem Jahr vielleicht, meinte ein Kollege, der tats\u00e4chlich pflichtgem\u00e4\u00df, aber unenthusiastisch das N\u00f6tigste digital machte: er wolle das ganze nicht. Kein Mebis, kein Smartphone, keine Computer, kein digitales Sonstwas. So wie er seinen Unterricht gerne h\u00e4tte, wie er ihn sich vorgestellt hatte, so wie er ihm am liebsten ist: als M\u00e4rchenonkel und Erkl\u00e4rb\u00e4r; ein Modus, wie er mir auch vertraut ist &#8211; lehrerzentriert, mit fachwissenschaftlich gut ausgebildeten Lehrern, mit Referaten und Auftr\u00e4gen vielleicht, viel im Diskurs und Gespr\u00e4ch, sokratisch. Mit DVDs und CDs, das wohl schon, nehme ich an. Aber ohne Sprachlabor, ohne digitales Whiteboard, ohne Magnete, ohne W\u00f6rterb\u00fccher f\u00fcr Sch\u00fcler und Sch\u00fclerinnen, mit Tafel, mit Overheadprojektor. Diese Lehrkraft will den Sch\u00fclern und Sch\u00fclerinnen auch gar keine Medienkompetenz beibringen (und macht das halt, aus Pflichtgef\u00fchl), sondern Aspekte der Fachwissenschaft. (Dass diese Lehrkraft guten Fachunterricht macht, setze ich mal als gegeben.)<\/p>\n\n\n\n<p><em>Modell 2: Hauptsache ausprobieren.<\/em><\/p>\n\n\n\n<p>Am anderen Ende der Technikaffinit\u00e4t ist der digitale Hausmeister: Jongliert Mebis und Videokonferenzen, Padlets und Chatkan\u00e4le, gibt spontan WLAN frei und geteilte Dokumente, nimmt .odt ebenso an wie .docx oder .rtf oder dreht und wandelt .jpg in .pdf um.<\/p>\n\n\n\n<div class=\"wp-block-group has-background\" style=\"background-color:#f0f5f7\"><div class=\"wp-block-group__inner-container is-layout-flow wp-block-group-is-layout-flow\">\n<p><strong>Kleine Frage<\/strong><\/p>\n\n\n\n<p>Meine Frage: Wie viel Technik muss eine Lehrkraft k\u00f6nnen? Sollte es nicht einen technische Assistenz an einer Schule geben, die alle Technikfragen \u00fcbernimmt? <\/p>\n\n\n\n<p><em>Der Assistenz sagt man dann: Ich brauche einen Mebiskurs, den bitte einrichten, mit folgenden Abschnitten, und hier ist die Liste der Sch\u00fcler und Sch\u00fclerinnen, die sollen dann in den Kurs.<\/em><\/p>\n\n\n\n<p><em>Der Assistenz sagt man dann: Hier eine Liste von Passw\u00f6rtern f\u00fcr den Online-Wettbewerb, bitte allen im Kurs jeweils das passende zukommen lassen.<\/em><\/p>\n\n\n\n<p><em>Der Assistenz sagt man dann: Hier der Dramenauszug, bitte sch\u00f6n formatieren entsprechend der Schul-Stilfibel, mit Versangaben am Rand, die Regieanweisungen bitte kursiv.<\/em><\/p>\n\n\n\n<p><em>Der Assistenz sagt man dann: Hier diese acht Sch\u00fcler und Sch\u00fclerinnen sollen gemeinsam an einem Online-Dokument arbeiten, leg da mal was an und gib denen den Link. (So neulich geschehen, nur dass ich halt die Assistenz in diesen F\u00e4llen bin.)<\/em><\/p>\n\n\n\n<p><em>Der Assistenz sagt man dann: Das hier bitte kopieren, DIN A 3 beidseitig.<\/em><\/p>\n\n\n\n<p>Nicht lachen! Im Referendariat habe ich das noch erlebt, dass man Kopiervorlagen in eine Mappe in einem Raum legte, und am n\u00e4chsten Morgen kriegte man dann die Kopien. Zugegeben, das waren auch keine Kopien, sondern Umdruck-Vervielf\u00e4ltigungen, aber auf einem relativ neuen Ger\u00e4t.<\/p>\n\n\n\n<p>Und was w\u00e4re so schlecht an diesem Modell? Es w\u00e4re vielleicht ineffizient, aber Ineffizienz w\u00fcrde unserer Gesellschaft vielleicht gut tun. Mehr Assistenz an den Schulen f\u00fcr Techniker, mehr Sekretariat, einen Portier, und die Lehrkr\u00e4fte in Talaren wie in Eton&#8230; kann ich mir vorstellen. <\/p>\n\n\n\n<p>Zugegeben: <em>Mir<\/em> bereitet das Gef\u00fchl der Selbstwirksamkeit Vergn\u00fcgen, das ich durch den Umgang mit Werkzeugen erfahre. Aber das muss ja nicht allen so gehen.<\/p>\n<\/div><\/div>\n\n\n\n<p><\/p>\n\n\n\n<p><em>Modell 3: So wie bisher, aber mit neuen Mitteln<\/em>.<\/p>\n\n\n\n<p>Unter wiederum anderen Lehrkr\u00e4ften an meiner Schule boomt gerade die \u00dcbertragung des Unterrichts per Video. (Wir haben zur Zeit A\/B-Wochen, in denen die eine H\u00e4lfte jeder Klasse zuhause bleibt und dort arbeitet &#8211; an Auftr\u00e4gen, die verschiedene Formen annehmen k\u00f6nnen.) Die Gr\u00fcnde f\u00fcr diese Beliebtheit sind durchaus legitim: Man muss sich keine eigenen Auftr\u00e4ge f\u00fcr die Abwesenden einfallen lassen; und man muss an seinem &#8211; bew\u00e4hrten &#8211; Unterrichtsstil eventuell nicht viel \u00e4ndern. Legitim ist das unter anderem, weil fast alle von uns ohnehin viel mehr arbeiten als sonst. Ich finde das dennoch etwas schade, weil jetzt eine Gelegenheit w\u00e4re, notgedrungen Neues auszuprobieren &#8211; Neues jenseits des neuen Kanals. Gelegentlich h\u00f6re ich, die Sch\u00fcler und Sch\u00fclerinnen k\u00f6nnten nicht alleine anhand des Buches etwas lernen, und deshalb braucht es Videounterricht. Ich kann das nur f\u00fcr meine F\u00e4cher beurteilen, und da gibt es selbstverst\u00e4ndlich viele M\u00f6glichkeiten, ohne Lehrkraft damit zu arbeiten. Gelegentlich h\u00f6re ich, die Sch\u00fcler und Sch\u00fclerinnen m\u00f6gen oder w\u00fcrden nicht alleine ohne Videounterricht etwas lernen. Das kann ich mir eher vorstellen, aber aus dieser selbstgew\u00e4hlten Hilflosigkeit sollten sie ohnehin heraus.<\/p>\n\n\n\n<p>Ich wei\u00df doch auch nicht, wo das hin will und soll. Deshalb habe ich auch davon Abstand genommen, die W\u00f6rter &#8222;agil&#8220;, &#8222;Mehrwert&#8220; oder &#8222;zeitgem\u00e4\u00df&#8220; zu verwenden, von &#8222;Digitalit\u00e4t&#8220; ganzu schweigen; inzwischen ist man eh schon bei &#8222;post-digital&#8220;.<\/p>\n\n\n\n<blockquote class=\"twitter-tweet\"><p dir=\"ltr\" lang=\"de\">So sieht die Lehre in Harvard aus. Was ist eure Meinung dazu? Vorbild? Abschreckend? Undenkbar in deutschen Schulen? <a href=\"https:\/\/twitter.com\/hashtag\/twlz?src=hash&amp;ref_src=twsrc%5Etfw\">#twlz<\/a> <a href=\"https:\/\/t.co\/qnI6lJRnOz\">https:\/\/t.co\/qnI6lJRnOz<\/a><\/p>\u2014 fobizz (@fobizz) <a href=\"https:\/\/twitter.com\/fobizz\/status\/1322472127606521856?ref_src=twsrc%5Etfw\">October 31, 2020<\/a><\/blockquote> <script async=\"\" src=\"https:\/\/platform.twitter.com\/widgets.js\" charset=\"utf-8\"><\/script>\n\n\n\n<p>So etwas h\u00e4tte ich schon gerne als <em>ein<\/em> Werkzeug unter vielen, und ich w\u00fcrde nicht haupts\u00e4chlich dieses verwenden, und das ist auch nicht, was wir aktuell am dringendsten brauchen.<\/p>\n","protected":false},"excerpt":{"rendered":"<p>(8 Kommentare.) Modell 1: Gut und bew\u00e4hrt. Das mit den Digitalisierungskonzepten an Schulen geht ja schon eine Weile, schon lang vor Covid19. Und damals, vor einem Jahr vielleicht, meinte ein Kollege, der tats\u00e4chlich pflichtgem\u00e4\u00df, aber unenthusiastisch das N\u00f6tigste digital machte: er wolle das ganze nicht. Kein Mebis, kein Smartphone, keine Computer, kein digitales Sonstwas. So [&hellip;]<\/p>\n","protected":false},"author":2,"featured_media":0,"comment_status":"open","ping_status":"open","sticky":false,"template":"","format":"standard","meta":{"_jetpack_memberships_contains_paid_content":false,"footnotes":""},"categories":[314],"tags":[130],"class_list":["post-17290","post","type-post","status-publish","format-standard","hentry","category-analysen","tag-bildungsfragen"],"jetpack_featured_media_url":"","jetpack_sharing_enabled":true,"jetpack_likes_enabled":true,"_links":{"self":[{"href":"https:\/\/www.herr-rau.de\/wordpress\/wp-json\/wp\/v2\/posts\/17290","targetHints":{"allow":["GET"]}}],"collection":[{"href":"https:\/\/www.herr-rau.de\/wordpress\/wp-json\/wp\/v2\/posts"}],"about":[{"href":"https:\/\/www.herr-rau.de\/wordpress\/wp-json\/wp\/v2\/types\/post"}],"author":[{"embeddable":true,"href":"https:\/\/www.herr-rau.de\/wordpress\/wp-json\/wp\/v2\/users\/2"}],"replies":[{"embeddable":true,"href":"https:\/\/www.herr-rau.de\/wordpress\/wp-json\/wp\/v2\/comments?post=17290"}],"version-history":[{"count":4,"href":"https:\/\/www.herr-rau.de\/wordpress\/wp-json\/wp\/v2\/posts\/17290\/revisions"}],"predecessor-version":[{"id":23458,"href":"https:\/\/www.herr-rau.de\/wordpress\/wp-json\/wp\/v2\/posts\/17290\/revisions\/23458"}],"wp:attachment":[{"href":"https:\/\/www.herr-rau.de\/wordpress\/wp-json\/wp\/v2\/media?parent=17290"}],"wp:term":[{"taxonomy":"category","embeddable":true,"href":"https:\/\/www.herr-rau.de\/wordpress\/wp-json\/wp\/v2\/categories?post=17290"},{"taxonomy":"post_tag","embeddable":true,"href":"https:\/\/www.herr-rau.de\/wordpress\/wp-json\/wp\/v2\/tags?post=17290"}],"curies":[{"name":"wp","href":"https:\/\/api.w.org\/{rel}","templated":true}]}}