{"id":180,"date":"2005-01-13T19:59:29","date_gmt":"2005-01-13T17:59:29","guid":{"rendered":"https:\/\/www.herr-rau.de\/wordpress\/2005\/01\/so-schlimm-sind-wir-doch-auch-nicht.htm"},"modified":"2023-05-24T11:23:35","modified_gmt":"2023-05-24T09:23:35","slug":"so-schlimm-sind-wir-doch-auch-nicht","status":"publish","type":"post","link":"https:\/\/www.herr-rau.de\/wordpress\/2005\/01\/so-schlimm-sind-wir-doch-auch-nicht.htm","title":{"rendered":"So schlimm sind wir doch auch nicht"},"content":{"rendered":"<div style='text-align:right;'><small>(<a href='https:\/\/www.herr-rau.de\/wordpress\/2005\/01\/so-schlimm-sind-wir-doch-auch-nicht.htm#comments'>2 Kommentare.<\/a>)<\/small> <\/div>\n<figure class=\"wp-block-image\"><img decoding=\"async\" src=\"https:\/\/www.herr-rau.de\/wordpress\/archiv\/schul-chaos.jpg\" alt=\"\"\/><\/figure>\n\n\n\n<p>Aber ganz nebenbei, solche Schlagzeilen benutze ich in der 8. Klasse, wenn ich Adverbials\u00e4tze wiederhole oder erg\u00e4nze. Eben weil in diesen Schlagzeilen zwei S\u00e4tze unverbunden nebeneinander stehen, so dass deren Zusammenhang erschlossen werden muss &#8211; sicher aus Platzgr\u00fcnden, aber auch, um Zusammenh\u00e4nge zu suggerieren, die so gar nicht vorliegen:<\/p>\n\n\n\n<blockquote class=\"wp-block-quote is-layout-flow wp-block-quote-is-layout-flow\">\n<p>Polizei benutzt Schusswaffe &#8211; Kinder in Gefahr.<\/p>\n<\/blockquote>\n\n\n\n<p>Obwohl die Kinder in Gefahr sind? Weil? W\u00e4hrend? So dass Kinder in Gefahr sind?<\/p>\n\n\n\n<blockquote class=\"wp-block-quote is-layout-flow wp-block-quote-is-layout-flow\">\n<p>Mutter feierte bis 4 Uhr fr\u00fch. Ihre Kinder erstickten.<\/p>\n<\/blockquote>\n\n\n\n<p>Angedeutet wird ein kausaler Zusammenhang, m\u00f6glicherweise liegt aber auch nur ein temporaler vor.<\/p>\n\n\n\n<p>Andererseits habe ich mich auch selbst ertappt, wenn ich bei Schulaufgabenkommentaren ungenau formuliere, aus welchen Gr\u00fcnden auch immer:<\/p>\n\n\n\n<blockquote class=\"wp-block-quote is-layout-flow wp-block-quote-is-layout-flow\">\n<p>Formal ist der Kopf deines Briefes nicht korrekt; die Betreffzeile fehlt.<\/p>\n<\/blockquote>\n\n\n\n<p>Ist der Kopf nicht korrekt, <em>da<\/em> die Betreffzeile fehlt, oder fehlt <em>au\u00dferdem<\/em> die Betreffzeile?<\/p>\n","protected":false},"excerpt":{"rendered":"<p>(2 Kommentare.) Aber ganz nebenbei, solche Schlagzeilen benutze ich in der 8. Klasse, wenn ich Adverbials\u00e4tze wiederhole oder erg\u00e4nze. Eben weil in diesen Schlagzeilen zwei S\u00e4tze unverbunden nebeneinander stehen, so dass deren Zusammenhang erschlossen werden muss &#8211; sicher aus Platzgr\u00fcnden, aber auch, um Zusammenh\u00e4nge zu suggerieren, die so gar nicht vorliegen: Polizei benutzt Schusswaffe &#8211; [&hellip;]<\/p>\n","protected":false},"author":2,"featured_media":5148,"comment_status":"open","ping_status":"open","sticky":false,"template":"","format":"standard","meta":{"_jetpack_memberships_contains_paid_content":false,"footnotes":""},"categories":[1],"tags":[],"class_list":["post-180","post","type-post","status-publish","format-standard","has-post-thumbnail","hentry","category-fundstuecke"],"jetpack_featured_media_url":"https:\/\/www.herr-rau.de\/wordpress\/archiv\/schul-chaos.jpg","jetpack_sharing_enabled":true,"jetpack_likes_enabled":true,"_links":{"self":[{"href":"https:\/\/www.herr-rau.de\/wordpress\/wp-json\/wp\/v2\/posts\/180","targetHints":{"allow":["GET"]}}],"collection":[{"href":"https:\/\/www.herr-rau.de\/wordpress\/wp-json\/wp\/v2\/posts"}],"about":[{"href":"https:\/\/www.herr-rau.de\/wordpress\/wp-json\/wp\/v2\/types\/post"}],"author":[{"embeddable":true,"href":"https:\/\/www.herr-rau.de\/wordpress\/wp-json\/wp\/v2\/users\/2"}],"replies":[{"embeddable":true,"href":"https:\/\/www.herr-rau.de\/wordpress\/wp-json\/wp\/v2\/comments?post=180"}],"version-history":[{"count":1,"href":"https:\/\/www.herr-rau.de\/wordpress\/wp-json\/wp\/v2\/posts\/180\/revisions"}],"predecessor-version":[{"id":57580,"href":"https:\/\/www.herr-rau.de\/wordpress\/wp-json\/wp\/v2\/posts\/180\/revisions\/57580"}],"wp:featuredmedia":[{"embeddable":true,"href":"https:\/\/www.herr-rau.de\/wordpress\/wp-json\/wp\/v2\/media\/5148"}],"wp:attachment":[{"href":"https:\/\/www.herr-rau.de\/wordpress\/wp-json\/wp\/v2\/media?parent=180"}],"wp:term":[{"taxonomy":"category","embeddable":true,"href":"https:\/\/www.herr-rau.de\/wordpress\/wp-json\/wp\/v2\/categories?post=180"},{"taxonomy":"post_tag","embeddable":true,"href":"https:\/\/www.herr-rau.de\/wordpress\/wp-json\/wp\/v2\/tags?post=180"}],"curies":[{"name":"wp","href":"https:\/\/api.w.org\/{rel}","templated":true}]}}