{"id":19150,"date":"2021-08-30T07:29:02","date_gmt":"2021-08-30T05:29:02","guid":{"rendered":"https:\/\/www.herr-rau.de\/wordpress\/?p=19150"},"modified":"2023-06-09T09:57:56","modified_gmt":"2023-06-09T07:57:56","slug":"sechs-tage-im-bayerischen-wald","status":"publish","type":"post","link":"https:\/\/www.herr-rau.de\/wordpress\/2021\/08\/sechs-tage-im-bayerischen-wald.htm","title":{"rendered":"Sechs Tage im Bayerischen Wald"},"content":{"rendered":"<div style='text-align:right;'><small>(<a href='https:\/\/www.herr-rau.de\/wordpress\/2021\/08\/sechs-tage-im-bayerischen-wald.htm#comments'>5 Kommentare.<\/a>)<\/small> <\/div>\n<p>Es war eher feucht, aber noch so, dass man gut wandern konnte. <\/p>\n\n\n\n<figure class=\"wp-block-image size-full\"><img loading=\"lazy\" decoding=\"async\" width=\"700\" height=\"394\" src=\"https:\/\/www.herr-rau.de\/wordpress\/archiv\/baywald2.jpg\" alt=\"\" class=\"wp-image-19151\" srcset=\"https:\/\/www.herr-rau.de\/wordpress\/archiv\/baywald2.jpg 700w, https:\/\/www.herr-rau.de\/wordpress\/archiv\/baywald2-300x169.jpg 300w, https:\/\/www.herr-rau.de\/wordpress\/archiv\/baywald2-150x84.jpg 150w\" sizes=\"auto, (max-width: 700px) 100vw, 700px\" \/><figcaption class=\"wp-element-caption\">Dunstiges Wandern<\/figcaption><\/figure>\n\n\n\n<figure class=\"wp-block-image size-full\"><img loading=\"lazy\" decoding=\"async\" width=\"450\" height=\"800\" src=\"https:\/\/www.herr-rau.de\/wordpress\/archiv\/baywald6.jpg\" alt=\"\" class=\"wp-image-19153\" srcset=\"https:\/\/www.herr-rau.de\/wordpress\/archiv\/baywald6.jpg 450w, https:\/\/www.herr-rau.de\/wordpress\/archiv\/baywald6-169x300.jpg 169w, https:\/\/www.herr-rau.de\/wordpress\/archiv\/baywald6-84x150.jpg 84w\" sizes=\"auto, (max-width: 450px) 100vw, 450px\" \/><figcaption class=\"wp-element-caption\">Nicht ganz so dunstig<\/figcaption><\/figure>\n\n\n\n<figure class=\"wp-block-image size-full\"><img loading=\"lazy\" decoding=\"async\" width=\"700\" height=\"394\" src=\"https:\/\/www.herr-rau.de\/wordpress\/archiv\/baywald3.jpg\" alt=\"\" class=\"wp-image-19152\" srcset=\"https:\/\/www.herr-rau.de\/wordpress\/archiv\/baywald3.jpg 700w, https:\/\/www.herr-rau.de\/wordpress\/archiv\/baywald3-300x169.jpg 300w, https:\/\/www.herr-rau.de\/wordpress\/archiv\/baywald3-150x84.jpg 150w\" sizes=\"auto, (max-width: 700px) 100vw, 700px\" \/><figcaption class=\"wp-element-caption\">Gipfelkreuz auf dem Silberberg: Nachts leuchtend von oben herab ins Tal &#8211; also nicht angestrahlt, sondern eher wie mit Neonr\u00f6hren. Oder doch reflektierende Oberfl\u00e4che?<\/figcaption><\/figure>\n\n\n\n<figure class=\"wp-block-image size-full\"><img loading=\"lazy\" decoding=\"async\" width=\"525\" height=\"700\" src=\"https:\/\/www.herr-rau.de\/wordpress\/archiv\/baywald7.jpg\" alt=\"\" class=\"wp-image-19154\" srcset=\"https:\/\/www.herr-rau.de\/wordpress\/archiv\/baywald7.jpg 525w, https:\/\/www.herr-rau.de\/wordpress\/archiv\/baywald7-225x300.jpg 225w, https:\/\/www.herr-rau.de\/wordpress\/archiv\/baywald7-113x150.jpg 113w\" sizes=\"auto, (max-width: 525px) 100vw, 525px\" \/><figcaption class=\"wp-element-caption\">Wanderer im Nebelwald.<\/figcaption><\/figure>\n\n\n\n<figure class=\"wp-block-image size-full\"><img loading=\"lazy\" decoding=\"async\" width=\"700\" height=\"394\" src=\"https:\/\/www.herr-rau.de\/wordpress\/archiv\/baywald8.jpg\" alt=\"\" class=\"wp-image-19155\" srcset=\"https:\/\/www.herr-rau.de\/wordpress\/archiv\/baywald8.jpg 700w, https:\/\/www.herr-rau.de\/wordpress\/archiv\/baywald8-300x169.jpg 300w, https:\/\/www.herr-rau.de\/wordpress\/archiv\/baywald8-150x84.jpg 150w\" sizes=\"auto, (max-width: 700px) 100vw, 700px\" \/><figcaption class=\"wp-element-caption\">Blaubeeren.<\/figcaption><\/figure>\n\n\n\n<figure class=\"wp-block-image size-full\"><img loading=\"lazy\" decoding=\"async\" width=\"394\" height=\"700\" src=\"https:\/\/www.herr-rau.de\/wordpress\/archiv\/baywald9.jpg\" alt=\"\" class=\"wp-image-19156\" srcset=\"https:\/\/www.herr-rau.de\/wordpress\/archiv\/baywald9.jpg 394w, https:\/\/www.herr-rau.de\/wordpress\/archiv\/baywald9-169x300.jpg 169w, https:\/\/www.herr-rau.de\/wordpress\/archiv\/baywald9-84x150.jpg 84w\" sizes=\"auto, (max-width: 394px) 100vw, 394px\" \/><figcaption class=\"wp-element-caption\">Der Gipfel des Gro\u00dfen Arber. Wenn es mal halbwegs trocken ist, gehen *alle* dorthin &#8211; zu Fu\u00df, per Seilbahn, mit Fahrrad oder Auto. Also eher warten, bis die Seilbahn keine Saison hat? &#8211; Dass die Wege am Gipfel alle eingez\u00e4unt waren mit der Bitte, doch den Tieren eine Chance zu geben, hielt eine Gruppe nicht vom Picknick ab.<\/figcaption><\/figure>\n\n\n\n<figure class=\"wp-block-gallery has-nested-images columns-default is-cropped wp-block-gallery-2 is-layout-flex wp-block-gallery-is-layout-flex\">\n<figure class=\"wp-block-image size-large\"><img loading=\"lazy\" decoding=\"async\" width=\"350\" height=\"622\" data-id=\"19157\" src=\"https:\/\/www.herr-rau.de\/wordpress\/archiv\/baywald10.jpg\" alt=\"\" class=\"wp-image-19157\" srcset=\"https:\/\/www.herr-rau.de\/wordpress\/archiv\/baywald10.jpg 350w, https:\/\/www.herr-rau.de\/wordpress\/archiv\/baywald10-169x300.jpg 169w, https:\/\/www.herr-rau.de\/wordpress\/archiv\/baywald10-84x150.jpg 84w\" sizes=\"auto, (max-width: 350px) 100vw, 350px\" \/><figcaption class=\"wp-element-caption\">Links: Weg<\/figcaption><\/figure>\n\n\n\n<figure class=\"wp-block-image size-large\"><img loading=\"lazy\" decoding=\"async\" width=\"350\" height=\"622\" data-id=\"19158\" src=\"https:\/\/www.herr-rau.de\/wordpress\/archiv\/baywald11.jpg\" alt=\"\" class=\"wp-image-19158\" srcset=\"https:\/\/www.herr-rau.de\/wordpress\/archiv\/baywald11.jpg 350w, https:\/\/www.herr-rau.de\/wordpress\/archiv\/baywald11-169x300.jpg 169w, https:\/\/www.herr-rau.de\/wordpress\/archiv\/baywald11-84x150.jpg 84w\" sizes=\"auto, (max-width: 350px) 100vw, 350px\" \/><figcaption class=\"wp-element-caption\">Rechts: Nicht Weg<\/figcaption><\/figure>\n<\/figure>\n\n\n\n<p>Also: Wandern ja. Ist auch alles gut ausgeschildert. Pilze gibt es enorm viel, aber ich kenne ich mich nicht aus und wir h\u00e4tten ohnehin keine Kochgelegenheit gehabt. Ansonsten gab es in Bodenmais zu unserer \u00dcberraschung nur liebloses Essen. Wir haben uns halt beholfen, der Chinese ging noch halbwegs. <\/p>\n\n\n\n<p>Interessieren sich andere Touristen \u00fcberhaupt nicht f\u00fcrs Essen, oder wieso greift das niemand auf? Einmal erkundete sich ein amerikanisches Paar nach vegetarischen Gerichten in einem der gr\u00f6\u00dften Gasth\u00f6fe am Ort. Die Bedienung ging mit ihnen die Speisekarte durch. &#8222;Meat&#8230; that&#8217;s meat&#8230; meat&#8230; fish&#8230; salad, but with meat&#8230;&#8220; Das Paar ging dann. Aber auch Schweinebraten und Schnitzel waren lieblos. (Der Unsitte, das Griebenschmalz mit irgendeiner Art von Bratenso\u00dfenextrakt zu versetzen, ist mir um M\u00fcnchen herum aber auch schon begegnet.)<\/p>\n\n\n\n<p>Die beste Wanderung: Von Bayerisch Eisenstein den Gro\u00dfen Regen entlang \u00fcber Ludwigsthal nach Zwiesel. Die zweitbeste: Auf der anderen Seite des Flusses von Ludwigsthal nach Bayerisch Eisenstein zur\u00fcck.<\/p>\n\n\n\n<p>Der Bahnhof von Bayerisch Eisenstein ist sehenswert. Riesengro\u00df, ein gutes und sch\u00f6nes Restaurant ist darin, und die Grenze zu Tschechien verl\u00e4uft mitten durch das Geb\u00e4ude. Aber das alles kann man anderswo nachlesen. Bayerisch Eisenstein hei\u00dft so, weil es auf der tschechischen Seite Markt Eisenstein gibt, wie \u00fcberhaupt die Grenze zwischen Bayern und B\u00f6hmen erst sp\u00e4t fix wurde, und die Bezeichnung Bayerischen Wald nach und nach Richtung Ostern wanderte &#8211; urspr\u00fcnglich ist das alles zusammenh\u00e4ngend B\u00f6hmerwald.<\/p>\n","protected":false},"excerpt":{"rendered":"<p>(5 Kommentare.) Es war eher feucht, aber noch so, dass man gut wandern konnte. Also: Wandern ja. Ist auch alles gut ausgeschildert. Pilze gibt es enorm viel, aber ich kenne ich mich nicht aus und wir h\u00e4tten ohnehin keine Kochgelegenheit gehabt. Ansonsten gab es in Bodenmais zu unserer \u00dcberraschung nur liebloses Essen. Wir haben uns [&hellip;]<\/p>\n","protected":false},"author":2,"featured_media":19151,"comment_status":"open","ping_status":"open","sticky":false,"template":"","format":"standard","meta":{"_jetpack_memberships_contains_paid_content":false,"footnotes":""},"categories":[313],"tags":[240],"class_list":["post-19150","post","type-post","status-publish","format-standard","has-post-thumbnail","hentry","category-tagebuch","tag-wandern"],"jetpack_featured_media_url":"https:\/\/www.herr-rau.de\/wordpress\/archiv\/baywald2.jpg","jetpack_sharing_enabled":true,"jetpack_likes_enabled":true,"_links":{"self":[{"href":"https:\/\/www.herr-rau.de\/wordpress\/wp-json\/wp\/v2\/posts\/19150","targetHints":{"allow":["GET"]}}],"collection":[{"href":"https:\/\/www.herr-rau.de\/wordpress\/wp-json\/wp\/v2\/posts"}],"about":[{"href":"https:\/\/www.herr-rau.de\/wordpress\/wp-json\/wp\/v2\/types\/post"}],"author":[{"embeddable":true,"href":"https:\/\/www.herr-rau.de\/wordpress\/wp-json\/wp\/v2\/users\/2"}],"replies":[{"embeddable":true,"href":"https:\/\/www.herr-rau.de\/wordpress\/wp-json\/wp\/v2\/comments?post=19150"}],"version-history":[{"count":3,"href":"https:\/\/www.herr-rau.de\/wordpress\/wp-json\/wp\/v2\/posts\/19150\/revisions"}],"predecessor-version":[{"id":55633,"href":"https:\/\/www.herr-rau.de\/wordpress\/wp-json\/wp\/v2\/posts\/19150\/revisions\/55633"}],"wp:featuredmedia":[{"embeddable":true,"href":"https:\/\/www.herr-rau.de\/wordpress\/wp-json\/wp\/v2\/media\/19151"}],"wp:attachment":[{"href":"https:\/\/www.herr-rau.de\/wordpress\/wp-json\/wp\/v2\/media?parent=19150"}],"wp:term":[{"taxonomy":"category","embeddable":true,"href":"https:\/\/www.herr-rau.de\/wordpress\/wp-json\/wp\/v2\/categories?post=19150"},{"taxonomy":"post_tag","embeddable":true,"href":"https:\/\/www.herr-rau.de\/wordpress\/wp-json\/wp\/v2\/tags?post=19150"}],"curies":[{"name":"wp","href":"https:\/\/api.w.org\/{rel}","templated":true}]}}