{"id":1975,"date":"2008-09-21T16:40:36","date_gmt":"2008-09-21T14:40:36","guid":{"rendered":"https:\/\/www.herr-rau.de\/wordpress\/?p=1975"},"modified":"2009-03-21T09:37:41","modified_gmt":"2009-03-21T08:37:41","slug":"die-neue-schule-eroeffnungsfeierlichkeiten","status":"publish","type":"post","link":"https:\/\/www.herr-rau.de\/wordpress\/2008\/09\/die-neue-schule-eroeffnungsfeierlichkeiten.htm","title":{"rendered":"Die neue Schule: Er\u00f6ffnungsfeierlichkeiten"},"content":{"rendered":"<div style='text-align:right;'><small>(<a href='https:\/\/www.herr-rau.de\/wordpress\/2008\/09\/die-neue-schule-eroeffnungsfeierlichkeiten.htm#comments'>8 Kommentare.<\/a>)<\/small> <\/div><p><img loading=\"lazy\" decoding=\"async\" src=\"https:\/\/www.herr-rau.de\/wordpress\/archiv\/grg_schluessel.jpg\" alt=\"\" title=\"grg_schluessel\" width=\"500\" height=\"331\" class=\"alignnone size-full wp-image-1979\" \/><br \/>\n<center><small>(Architekt, Landrat, die beiden Schulleiter)<\/small><\/center><\/p>\n<p>Gestern: Festakt zur Er\u00f6ffnung der neuen Schule. Anwesende Politiker (Siegfried Schneider, unser aller Unterrichtsminister) nutzten die Gelegenheit wie erwartet f\u00fcr den Wahlkampf. Aber die Einlagen zwischen den Reden waren toll. Die Bilder sind leider nur m\u00e4\u00dfig, ich hatte kein Teleobjektiv dabei und war recht weit hinten. (Das hatte den Vorteil, dass ich leichter herumwandern konnte. Mit einem Fotoapparat in der Hand hat man diese Freiheit, jedenfalls mit einer Spiegelreflexkamera.)<\/p>\n<p><img loading=\"lazy\" decoding=\"async\" src=\"https:\/\/www.herr-rau.de\/wordpress\/archiv\/grg_strapaten.jpg\" alt=\"\" title=\"grg_strapaten\" width=\"500\" height=\"750\" class=\"alignnone size-full wp-image-1980\" \/><\/p>\n<p><img loading=\"lazy\" decoding=\"async\" src=\"https:\/\/www.herr-rau.de\/wordpress\/archiv\/grg_trapez.jpg\" alt=\"\" title=\"grg_trapez\" width=\"500\" height=\"750\" class=\"alignnone size-full wp-image-1981\" \/><\/p>\n<p><img loading=\"lazy\" decoding=\"async\" src=\"https:\/\/www.herr-rau.de\/wordpress\/archiv\/grg_jonglieren.jpg\" alt=\"\" title=\"grg_jonglieren\" width=\"500\" height=\"332\" class=\"alignnone size-full wp-image-1978\" \/><\/p>\n<p>Dazu gab es noch sehr gute Klaviereinlagen und Big Band. Davon habe ich aber nur Videoaufnahmen. Bilder gibt es sicher bald auf der Schulhomepage oder in den Blogs der teilnehmenden Sch\u00fcler.<\/p>\n<p>Danach Buffett:<\/p>\n<p><img loading=\"lazy\" decoding=\"async\" src=\"https:\/\/www.herr-rau.de\/wordpress\/archiv\/grg_buffett.jpg\" alt=\"\" title=\"grg_buffett\" width=\"500\" height=\"333\" class=\"alignnone size-full wp-image-1977\" \/><\/p>\n<p>Am Nachmittag war dann quasi offenes Haus mit F\u00fchrungen. Die Besucher waren eigentlich alle begeistert vom Geb\u00e4ude. Es ist ja auch toll. Dass die Klassenzimmer f\u00fcr die Sch\u00fclerzahl zu klein sind, ist vielen aufgefallen; man rechnet halt schon mal mit dem schon lange angek\u00fcndigten Sch\u00fclerschwund. Beim Teppichboden scheiden sich die Geister. Warten wir mal bis zum Fr\u00fchling, ich selber war jedenfalls auch f\u00fcr einen Bodenbelag.<\/p>\n<p>&nbsp;<\/p>\n<p>&#8212; Am Tag zuvor hatte ich \u00fcbrigens <a href=\"http:\/\/www.variete.de\/Muenchen\/\">im Variet\u00e9 in M\u00fcnchen<\/a> ausgewachsenen Akrobaten zugeschaut. Auch da gab es einen K\u00fcnstler an den &#8222;Strapaten&#8220;, den langen B\u00e4ndern von der Decke, wenn die denn wirklich so hei\u00dfen. (Wikipedia l\u00e4sst mich im Stich; auf Englisch: &#8222;aerial silks&#8220;.) Und ebenfalls zwei Leute am Trapez. Und das war wohl die beeindruckendste Nummer des Abends, das<a href=\"http:\/\/www.clipfish.de\/video\/2581223\/duo-elja-am-trapez-vom-gop-variet-mnchen\/11\"> &#8222;Duo Elja&#8220;<\/a>. (Hinter dem Link ein Video mit Interview.) Mal langsam, mal schnell, und mit Humor. Toll.<\/p>\n<p>Optisch hervorragend war Irina Akimova &#8211; mit laserlichtartig schillernden Hula-Hoop-Reifen. Hier ihre <a href=\"http:\/\/profile.myspace.com\/index.cfm?fuseaction=user.viewprofile&#038;friendID=130445868\">MySpace-Seite<\/a>. (Klar. Ich bin nat\u00fcrlich trotzdem \u00fcberrascht, wer alles bei MySpace ist.) So viel Akrobatik und solche Lichteffekte w\u00fcrde ich mal gerne bei Superheldenfilmen sehen &#8211; gegen diese Realit\u00e4t kommen die Spezialeffekte nicht an. Kein Lichtschwertges\u00e4bel und kein Matrix-Gehoppse. Das ist so \u00e4hnlich wie der Unterschied zwischen echten Tierdokumentationen und den computeranimierten Saurierfilmen.<\/p>\n<p>(Nebenbei: Laut eine g\u00e4ngigen Erkl\u00e4rung f\u00fcr das klassische eng anliegenden Superheldenkost\u00fcm, etwa das von Superman, geht es auf die Trikots von Jahrmarkts-Muskelm\u00e4nnern und -akrobaten zur\u00fcck. Die Superheldenassoziation sei mir also verziehen, da tats\u00e4chlich historische Bez\u00fcge bestehen.)<\/p>\n<p>Der dritte meiner Lieblingsauftritte waren &#8222;Antoine und Aurore&#8220;. Auch Partnerakrobatik, aber am Boden: Es sah mal nach Tanz aus, mal nach Boden-Luft-Akrobatik und mal nach einer Zweier-Kata irgendeiner eleganten Kampfsportart. <\/p>\n<p>Gerne h\u00e4tte ich noch ein Lied gehabt und einen Zauberk\u00fcnstler. So bestand das Programm nur aus Akrobatik und den Clownereien (sagt man so? no disrepect intended) des Conferenciers Peter Shub. \u00dcber das deutsche Variet\u00e9 wei\u00df ich sehr wenig, \u00fcber das amerikanische Vaudeville viel mehr (und was es von Varitey und Burlesque unterschied). Alle zwei Monate wechselt das Programm im GOP, Sonntagmittag gibt&#8217;s eine Show f\u00fcr Tagmenschen wie mich, sonst je nach Tag ab 18 Uhr. War auf jeden Fall sehenswert.<\/p>\n","protected":false},"excerpt":{"rendered":"<p>(8 Kommentare.) (Architekt, Landrat, die beiden Schulleiter) Gestern: Festakt zur Er\u00f6ffnung der neuen Schule. Anwesende Politiker (Siegfried Schneider, unser aller Unterrichtsminister) nutzten die Gelegenheit wie erwartet f\u00fcr den Wahlkampf. Aber die Einlagen zwischen den Reden waren toll. Die Bilder sind leider nur m\u00e4\u00dfig, ich hatte kein Teleobjektiv dabei und war recht weit hinten. (Das hatte [&hellip;]<\/p>\n","protected":false},"author":2,"featured_media":1977,"comment_status":"open","ping_status":"open","sticky":false,"template":"","format":"standard","meta":{"_jetpack_memberships_contains_paid_content":false,"footnotes":""},"categories":[15],"tags":[],"class_list":["post-1975","post","type-post","status-publish","format-standard","has-post-thumbnail","hentry","category-was-schueler-koennen"],"jetpack_featured_media_url":"https:\/\/www.herr-rau.de\/wordpress\/archiv\/grg_buffett.jpg","jetpack_sharing_enabled":true,"jetpack_likes_enabled":true,"_links":{"self":[{"href":"https:\/\/www.herr-rau.de\/wordpress\/wp-json\/wp\/v2\/posts\/1975","targetHints":{"allow":["GET"]}}],"collection":[{"href":"https:\/\/www.herr-rau.de\/wordpress\/wp-json\/wp\/v2\/posts"}],"about":[{"href":"https:\/\/www.herr-rau.de\/wordpress\/wp-json\/wp\/v2\/types\/post"}],"author":[{"embeddable":true,"href":"https:\/\/www.herr-rau.de\/wordpress\/wp-json\/wp\/v2\/users\/2"}],"replies":[{"embeddable":true,"href":"https:\/\/www.herr-rau.de\/wordpress\/wp-json\/wp\/v2\/comments?post=1975"}],"version-history":[{"count":0,"href":"https:\/\/www.herr-rau.de\/wordpress\/wp-json\/wp\/v2\/posts\/1975\/revisions"}],"wp:featuredmedia":[{"embeddable":true,"href":"https:\/\/www.herr-rau.de\/wordpress\/wp-json\/wp\/v2\/media\/1977"}],"wp:attachment":[{"href":"https:\/\/www.herr-rau.de\/wordpress\/wp-json\/wp\/v2\/media?parent=1975"}],"wp:term":[{"taxonomy":"category","embeddable":true,"href":"https:\/\/www.herr-rau.de\/wordpress\/wp-json\/wp\/v2\/categories?post=1975"},{"taxonomy":"post_tag","embeddable":true,"href":"https:\/\/www.herr-rau.de\/wordpress\/wp-json\/wp\/v2\/tags?post=1975"}],"curies":[{"name":"wp","href":"https:\/\/api.w.org\/{rel}","templated":true}]}}