{"id":2035,"date":"2008-10-13T21:01:17","date_gmt":"2008-10-13T19:01:17","guid":{"rendered":"https:\/\/www.herr-rau.de\/wordpress\/?p=2035"},"modified":"2023-06-10T08:08:19","modified_gmt":"2023-06-10T06:08:19","slug":"schuelersprecherwahlen","status":"publish","type":"post","link":"https:\/\/www.herr-rau.de\/wordpress\/2008\/10\/schuelersprecherwahlen.htm","title":{"rendered":"Sch\u00fclersprecherwahlen"},"content":{"rendered":"<div style='text-align:right;'><small>(<a href='https:\/\/www.herr-rau.de\/wordpress\/2008\/10\/schuelersprecherwahlen.htm#comments'>17 Kommentare.<\/a>)<\/small> <\/div><p><img decoding=\"async\" src=\"https:\/\/www.herr-rau.de\/wordpress\/archiv\/smv0.jpg\" alt=\"\" title=\"smv0\" \/><\/p>\n<p>Ich will ja wirklich nicht immer mit unserer Aula protzen. Aber noch ist sie eben so sch\u00f6n und hell und voller Sch\u00fcler. Am Schuljahresende sieht sie vielleicht schon ganz anders aus. Aber noch bringt sie einen jedenfalls auf Ideen und macht spannende Sachen m\u00f6glich: Unser Verbindungslehrer regte an und organisierte es, dass die drei Sch\u00fclersprecher dieses Jahr nicht wie sonst durch die Klassensprecherversammlung gew\u00e4hlt werden, sondern direkt. Dazu gab es heute morgen eine Sch\u00fclerversammlung in der Aula (die \u00fcbrigens technisch keine Aula ist, sondern eine Pausenhalle); alle Kandidaten stellten sich dort vor und hielten kurze Wahlreden. Im Laufe der n\u00e4chsten Tage wird im Wahlb\u00fcro gew\u00e4hlt.<\/p>\n<p>Im Publikum wurden ein paar Plakate hochgehalten, ein halbes Dutzend Flugzettel kursierte (liebevoll herabgesegelt von oben). An den W\u00e4nden klebten Poster der Kandidaten. Insgesamt war alles sehr brav, nicht laut, und das bleibt hoffentlich so. Die Sch\u00fclerreden waren noch etwas holprig, aber immerhin ein Anfang. Mit etwas Coaching w\u00e4re aus einzelnen Sch\u00fclern noch mehr herauszuholen, aber da lassen die Lehrer nat\u00fcrlich die Finger davon. Ich habe jetzt schon zwei verschiedene Durchg\u00e4nge an Sch\u00fclersprechern erlebt, auch in den Sitzungen des Schulforums. Hauptsache, die Sch\u00fcler wissen am Jahresende noch, wen sie gew\u00e4hlt haben und was im Laufe des Jahrs passiert ist &#8211; das ist dann schon viel politisches Interesse.<\/p>\n<p>Bin gespannt, wie sich das entwickelt.<\/p>\n","protected":false},"excerpt":{"rendered":"<p>(17 Kommentare.) Ich will ja wirklich nicht immer mit unserer Aula protzen. Aber noch ist sie eben so sch\u00f6n und hell und voller Sch\u00fcler. Am Schuljahresende sieht sie vielleicht schon ganz anders aus. Aber noch bringt sie einen jedenfalls auf Ideen und macht spannende Sachen m\u00f6glich: Unser Verbindungslehrer regte an und organisierte es, dass die [&hellip;]<\/p>\n","protected":false},"author":2,"featured_media":2037,"comment_status":"open","ping_status":"open","sticky":false,"template":"","format":"standard","meta":{"_jetpack_memberships_contains_paid_content":false,"footnotes":""},"categories":[6],"tags":[226,65,179],"class_list":["post-2035","post","type-post","status-publish","format-standard","has-post-thumbnail","hentry","category-schule-alltag","tag-fotos","tag-rhetorik","tag-alltag"],"jetpack_featured_media_url":"https:\/\/www.herr-rau.de\/wordpress\/archiv\/smv0.jpg","jetpack_sharing_enabled":true,"jetpack_likes_enabled":true,"_links":{"self":[{"href":"https:\/\/www.herr-rau.de\/wordpress\/wp-json\/wp\/v2\/posts\/2035","targetHints":{"allow":["GET"]}}],"collection":[{"href":"https:\/\/www.herr-rau.de\/wordpress\/wp-json\/wp\/v2\/posts"}],"about":[{"href":"https:\/\/www.herr-rau.de\/wordpress\/wp-json\/wp\/v2\/types\/post"}],"author":[{"embeddable":true,"href":"https:\/\/www.herr-rau.de\/wordpress\/wp-json\/wp\/v2\/users\/2"}],"replies":[{"embeddable":true,"href":"https:\/\/www.herr-rau.de\/wordpress\/wp-json\/wp\/v2\/comments?post=2035"}],"version-history":[{"count":2,"href":"https:\/\/www.herr-rau.de\/wordpress\/wp-json\/wp\/v2\/posts\/2035\/revisions"}],"predecessor-version":[{"id":58766,"href":"https:\/\/www.herr-rau.de\/wordpress\/wp-json\/wp\/v2\/posts\/2035\/revisions\/58766"}],"wp:featuredmedia":[{"embeddable":true,"href":"https:\/\/www.herr-rau.de\/wordpress\/wp-json\/wp\/v2\/media\/2037"}],"wp:attachment":[{"href":"https:\/\/www.herr-rau.de\/wordpress\/wp-json\/wp\/v2\/media?parent=2035"}],"wp:term":[{"taxonomy":"category","embeddable":true,"href":"https:\/\/www.herr-rau.de\/wordpress\/wp-json\/wp\/v2\/categories?post=2035"},{"taxonomy":"post_tag","embeddable":true,"href":"https:\/\/www.herr-rau.de\/wordpress\/wp-json\/wp\/v2\/tags?post=2035"}],"curies":[{"name":"wp","href":"https:\/\/api.w.org\/{rel}","templated":true}]}}