{"id":2222,"date":"2009-02-02T06:59:30","date_gmt":"2009-02-02T05:59:30","guid":{"rendered":"https:\/\/www.herr-rau.de\/wordpress\/?p=2222"},"modified":"2009-02-02T06:59:30","modified_gmt":"2009-02-02T05:59:30","slug":"kooperation","status":"publish","type":"post","link":"https:\/\/www.herr-rau.de\/wordpress\/2009\/02\/kooperation.htm","title":{"rendered":"&#8222;Kooperation&#8220;"},"content":{"rendered":"<div style='text-align:right;'><small>(<a href='https:\/\/www.herr-rau.de\/wordpress\/2009\/02\/kooperation.htm#comments'>9 Kommentare.<\/a>)<\/small> <\/div><p>Ich entschuldige mich gleich vorab f\u00fcr die ausufernden Anf\u00fchrungszeichen. Aber ich habe nun mal keine Feuerzange zur Hand. <\/p>\n<p>Seit dem laufenden Schuljahr ist die &#8222;Zusammenarbeit&#8220; der F\u00e4cher Sozialkunde und Geschichte in der 10. Klasse &#8222;neu gestaltet&#8220;. Will hei\u00dfen, es gibt eine Stunde Geschichte und eine Stunde Sozialkunde, aber weil einst\u00fcndige F\u00e4cher ja keinen Sinn haben, ist f\u00fcrs Vorr\u00fccken nicht die Note in Geschichte und nicht die in Sozialkunde relevant, sondern zus\u00e4tzlich zu beiden Noten steht dann im Zeugnis die Note &#8222;Geschichte+Sozialkunde&#8220;. Die errechnet sich aus dem Durchschnitt der beiden Einzelnoten, und zwar der Zeugnisnoten. Bin schon mal gespannt, was das an meiner Schule f\u00fcr meine Noten gibt.<\/p>\n<p>Noten muss man in beiden F\u00e4chern machen (schriftliche <em>und<\/em> m\u00fcndliche, nehme ich an), da beides &#8222;selbst\u00e4ndige F\u00e4cher&#8220; sind. Gilt das f\u00fcr Naturundtechnik eigentlich auch? Ich mache brav immer Noten in Informatik und gleiche die mit dem Bio- oder Physiklehrer ab, M\u00fcsste ich das gar nicht? Da d\u00fcrfte jede Schule in Bayern den ihr gegebenen Spielraum flexibel nutzen.<\/p>\n<p>In der 11. und 12. Klassen gibt es meist 2 Stunden Geschichte und 1 Stunde Sozialkunde. Und eine gemeinsame Klausur. Die besteht zu 2\/3 aus Geschichtsfragen und zu 1\/3 aus Sozialkunde. Das wird dann jeweils getrennt von den beiden unterrichtenden Lehrern bewertet, eine Gesamtnote wird nicht gebildet. Erst im Zeugnis steht dann wieder Geschichte+Sozialkunde.<\/p>\n<p>Vom Kolloquium schweige ich.<\/p>\n<p>Vermutlich ist es nur allgemeines Lehrern\u00f6rgeln und die Abneigung gegen Neuerungen. Vielleicht liegt in diesen Kooperationen zwischen F\u00e4chern ja tats\u00e4chlich die Zukunft. Wenn mehr Kooperation zu weniger Notenmacherei f\u00fchren w\u00fcrde, dann arrangierte ich mich gerne damit. Aber es ist ja gerade andersrum.<\/p>\n","protected":false},"excerpt":{"rendered":"<p>(9 Kommentare.) Ich entschuldige mich gleich vorab f\u00fcr die ausufernden Anf\u00fchrungszeichen. Aber ich habe nun mal keine Feuerzange zur Hand. Seit dem laufenden Schuljahr ist die &#8222;Zusammenarbeit&#8220; der F\u00e4cher Sozialkunde und Geschichte in der 10. Klasse &#8222;neu gestaltet&#8220;. Will hei\u00dfen, es gibt eine Stunde Geschichte und eine Stunde Sozialkunde, aber weil einst\u00fcndige F\u00e4cher ja keinen [&hellip;]<\/p>\n","protected":false},"author":2,"featured_media":0,"comment_status":"open","ping_status":"open","sticky":false,"template":"","format":"standard","meta":{"_jetpack_memberships_contains_paid_content":false,"footnotes":""},"categories":[6],"tags":[130,179],"class_list":["post-2222","post","type-post","status-publish","format-standard","hentry","category-schule-alltag","tag-bildungsfragen","tag-alltag"],"jetpack_featured_media_url":"","jetpack_sharing_enabled":true,"jetpack_likes_enabled":true,"_links":{"self":[{"href":"https:\/\/www.herr-rau.de\/wordpress\/wp-json\/wp\/v2\/posts\/2222","targetHints":{"allow":["GET"]}}],"collection":[{"href":"https:\/\/www.herr-rau.de\/wordpress\/wp-json\/wp\/v2\/posts"}],"about":[{"href":"https:\/\/www.herr-rau.de\/wordpress\/wp-json\/wp\/v2\/types\/post"}],"author":[{"embeddable":true,"href":"https:\/\/www.herr-rau.de\/wordpress\/wp-json\/wp\/v2\/users\/2"}],"replies":[{"embeddable":true,"href":"https:\/\/www.herr-rau.de\/wordpress\/wp-json\/wp\/v2\/comments?post=2222"}],"version-history":[{"count":0,"href":"https:\/\/www.herr-rau.de\/wordpress\/wp-json\/wp\/v2\/posts\/2222\/revisions"}],"wp:attachment":[{"href":"https:\/\/www.herr-rau.de\/wordpress\/wp-json\/wp\/v2\/media?parent=2222"}],"wp:term":[{"taxonomy":"category","embeddable":true,"href":"https:\/\/www.herr-rau.de\/wordpress\/wp-json\/wp\/v2\/categories?post=2222"},{"taxonomy":"post_tag","embeddable":true,"href":"https:\/\/www.herr-rau.de\/wordpress\/wp-json\/wp\/v2\/tags?post=2222"}],"curies":[{"name":"wp","href":"https:\/\/api.w.org\/{rel}","templated":true}]}}