{"id":2350,"date":"2009-04-22T07:09:44","date_gmt":"2009-04-22T05:09:44","guid":{"rendered":"https:\/\/www.herr-rau.de\/wordpress\/?p=2350"},"modified":"2023-05-24T16:06:43","modified_gmt":"2023-05-24T14:06:43","slug":"unsere-bibliothek","status":"publish","type":"post","link":"https:\/\/www.herr-rau.de\/wordpress\/2009\/04\/unsere-bibliothek.htm","title":{"rendered":"Unsere Bibliothek (morgen ist Welttag des Buches)"},"content":{"rendered":"<div style='text-align:right;'><small>(<a href='https:\/\/www.herr-rau.de\/wordpress\/2009\/04\/unsere-bibliothek.htm#comments'>24 Kommentare.<\/a>)<\/small> <\/div>\n<p>Mit der neuen Schule haben wir auch einen neuen Raum f\u00fcr die Bibliothek bekommen. Im alten Geb\u00e4ude war die so klein, dass kaum M\u00f6glichkeit bestand, sie anders als ein B\u00fccherlager zu benutzen. Im Trubel des Umzugs wurden die Regale erst mal hochsymmetrisch, aber unpraktisch im Raum verteilt. Das war besonders dem Kollegen Z. ein Dorn im Auge, da er mehr mit der Bibliothek vorhatte, und deshalb haben wir beide heimlich in den <span style=\"text-decoration: line-through;\">Pfingstferien<\/span> Osterferien die Regale umger\u00e4umt. Heimlich deshalb, weil wir nur die n\u00f6tigsten Kollegen um Erlaubnis gefragt haben, da das eher im Handstreich gestehen musste, weil sich sonst eh nur Bedenkentr\u00e4ger gemeldet h\u00e4tten (gebraucht h\u00e4tten wir: Regaltr\u00e4ger).<\/p>\n\n\n\n<p>Erfahrung dabei: Man kriegt ganz sch\u00f6n Muskelkater in den Oberschenkeln. Man stellt Regale n\u00e4mlich auf folgende Art um: B\u00fccher herausnehmen, Regal verstellen, B\u00fccher wieder hineinstellen. (Immer sch\u00f6n aus den Knien, nicht aus dem Kreuz. F\u00fcr den R\u00fccken.) Mit der Variante, die Reihenfolge der einzelnen Teilbereiche (also Schulf\u00e4cher) etwas zu \u00e4ndern und Ringt\u00e4usche vorzunehmen.<\/p>\n\n\n\n<p>So sieht die Bibliothek jetzt aus (die linke Seite und ein paar Details stimmen noch nicht):<\/p>\n\n\n\n<figure class=\"wp-block-image\"><a href=\"https:\/\/www.herr-rau.de\/wordpress\/archiv\/bibliothek_1_large.jpg\"><img decoding=\"async\" src=\"https:\/\/www.herr-rau.de\/wordpress\/archiv\/bibliothek_1_small.jpg\" alt=\"\"\/><\/a><\/figure>\n\n\n\n<p>Die Wand mit den durchgehenden B\u00fccherregalen ist durch zwei quer dazu stehende Reihen von B\u00fccherregalen in drei gro\u00dfe Nischen unterteilt. Auf dem Plan sieht man das besser:<\/p>\n\n\n\n<figure class=\"wp-block-image\"><img decoding=\"async\" src=\"https:\/\/www.herr-rau.de\/wordpress\/archiv\/bibliothek_0.jpg\" alt=\"\"\/><\/figure>\n\n\n\n<p>Die Zeichnung ist nicht ma\u00dfstabsgetreu, schon mal um die Fachschaften zu sch\u00fctzen, die unverh\u00e4ltnism\u00e4\u00dfig viel B\u00fccher zu ben\u00f6tigen glauben und sich auch von den ollsten Kamellen gar nicht trennen m\u00f6gen. Ganz vollst\u00e4ndig ist die Zeichnung noch nicht, vielleicht k\u00f6nnte man im Kunstunterricht sch\u00f6n gestaltete Pl\u00e4ne erstellen. Da, wo die Computer eingezeichnet sind, stehen jeweils ein Paar davon.<\/p>\n\n\n\n<p>In die <strong>linke Nische<\/strong> kommt sp\u00e4ter eine Couch hinein. Auf dem Foto sieht man einen etwas gedr\u00e4ngt arbeitenden Leistungskurs, den wir aus den anderen zwei Nischen dorthin verscheuchen mussten, um noch etwas zu arbeiten &#8211; die Bibliothek war auf einmal so einladend geworden, dass schon am ersten Schultag die erste Kollegin mit ihrem Kurs dort arbeitete. <strong>Rechts daneben<\/strong> die mittlere Nische (mit Tisch f\u00fcr Arbeitsgruppe, Licht ist im Moment aus):<\/p>\n\n\n\n<figure class=\"wp-block-image\"><a href=\"https:\/\/www.herr-rau.de\/wordpress\/archiv\/bibliothek_5.jpg\"><img decoding=\"async\" src=\"https:\/\/www.herr-rau.de\/wordpress\/archiv\/bibliothek_5.jpg\" alt=\"\"\/><\/a><\/figure>\n\n\n\n<figure class=\"wp-block-image\"><a href=\"https:\/\/www.herr-rau.de\/wordpress\/archiv\/bibliothek_4.jpg\"><img decoding=\"async\" src=\"https:\/\/www.herr-rau.de\/wordpress\/archiv\/bibliothek_4.jpg\" alt=\"\"\/><\/a><\/figure>\n\n\n\n<p>Wiederum daneben, in der Ecke, ist die etwas gr\u00f6\u00dfere, <strong>rechte Nische<\/strong>, in der sich das Fach Deutsch breit gemacht hat. Da passen Tische und St\u00fchle f\u00fcr eine Arbeitsgruppe hinein, eventuell auch ein Tafel. Davor, weiter im Raum, befinden sich Regalreihen, die einen <strong>Bereich f\u00fcr Englisch<\/strong> umschlie\u00dfen.<\/p>\n\n\n\n<figure class=\"wp-block-image\"><a href=\"https:\/\/www.herr-rau.de\/wordpress\/archiv\/bibliothek_3.jpg\"><img decoding=\"async\" src=\"https:\/\/www.herr-rau.de\/wordpress\/archiv\/bibliothek_3.jpg\" alt=\"\"\/><\/a><\/figure>\n\n\n\n<figure class=\"wp-block-image\"><a href=\"https:\/\/www.herr-rau.de\/wordpress\/archiv\/bibliothek_2.jpg\"><img decoding=\"async\" src=\"https:\/\/www.herr-rau.de\/wordpress\/archiv\/bibliothek_2.jpg\" alt=\"\"\/><\/a><\/figure>\n\n\n\n<p>Gestern und heute war ich mit dem Deutsch-LK dort, um noch den Rest umzur\u00e4umen. Zwei Regale mussten noch etwas versetzt werden. B\u00fccher in die Hand nehmen und einordnen geh\u00f6rt f\u00fcr mich zum Stoff des Deutschunterrichts. Eilig hatten wir es nicht, die Sch\u00fcler konnten jederzeit Pause machen und in B\u00fcchern bl\u00e4ttern. Auf ihre monumentale Verantwortung habe ich sie hingewiesen: So wie sie die Regale jetzt hinstellen, werden sie vermutlich viele Jahrzehnte bleiben.<\/p>\n\n\n\n<figure class=\"wp-block-image\"><img decoding=\"async\" src=\"https:\/\/www.herr-rau.de\/wordpress\/archiv\/bibliothek_6.jpg\" alt=\"\"\/><\/figure>\n\n\n\n<figure class=\"wp-block-image\"><img decoding=\"async\" src=\"https:\/\/www.herr-rau.de\/wordpress\/archiv\/bibliothek_7.jpg\" alt=\"\"\/><\/figure>\n\n\n\n<p>Vorteile dieses Bibliotheksaufbaus (Konzeption: Kollege Z.):<\/p>\n\n\n\n<ul class=\"wp-block-list\">\n<li>man hat drei Arbeitsbereiche f\u00fcr einzelne Gruppen<\/li>\n\n\n\n<li>die Bereiche sind zentral einsehbar<\/li>\n\n\n\n<li>in der Mitte bleibt ein (leider nur unterw\u00e4ltigend gro\u00dfer) Bereich frei, an dem weitere Arbeitstische stehen werden, den man auch f\u00fcr Lesungen, Vortr\u00e4ge oder Filmvorf\u00fchrungen nutzen kann &#8211; etwa 60 St\u00fchle kriegt man mit gutem Willen unter<\/li>\n<\/ul>\n\n\n\n<p>Fotos von der urspr\u00fcnglichen Anordnung habe ich leider keine, aber einen Schnipsel aus einer Videoaufnahme, als ich vor dem Unterrichtsbeginn im September mal durch ein paar Zimmer gegangen bin:<\/p>\n\n\n\n<figure class=\"wp-block-video\"><video height=\"240\" style=\"aspect-ratio: 320 \/ 240;\" width=\"320\" controls src=\"https:\/\/www.herr-rau.de\/wordpress\/archiv\/bibliothek.mp4\"><\/video><\/figure>\n\n\n\n<p>Zu tun bleibt noch:<\/p>\n\n\n\n<ul class=\"wp-block-list\">\n<li>Plakate an die S\u00e4ule im Deutsch-Eck kleben (gerne mit Sch\u00fclerbeteiligung)<\/li>\n\n\n\n<li>\u00fcberhaupt: Plakate und Poster aufh\u00e4ngen<\/li>\n\n\n\n<li>Tische, St\u00fchle, Couch besorgen; Tafel oder Flipchart; Leinwand f\u00fcr Beamer, Beamer auf Rollwagen<\/li>\n\n\n\n<li>Verteilungsk\u00e4mpfe um noch nicht genutzte Stellfl\u00e4che hinausz\u00f6gern<\/li>\n\n\n\n<li>Schm\u00f6kerliteratur kaufen und Ecke daf\u00fcr einrichten, auch Comics<\/li>\n<\/ul>\n\n\n\n<p>Vorschl\u00e4ge f\u00fcr Plakate: Die lustigen nachgemachten Pulp-Titelbilder f\u00fcr <em>classics<\/em>, <a href=\"http:\/\/www.slate.com\/id\/2142392\/\">die Slate mal vorgestellt hatte<\/a>. Reklametext auf den Titelbildern:<\/p>\n\n\n\n<ul class=\"wp-block-list\">\n<li><em>Little Women<\/em> (in lasziver Pose: <strong>While The Men Are Away&#8230; These Kittens Will Play<\/strong>)<\/li>\n\n\n\n<li><em>Alice in Wonderland<\/em> (<strong>One Girl&#8217;s Drug-Induced Descent Into Dreamland Debauchery<\/strong>)<\/li>\n\n\n\n<li><em>Animal Farm<\/em> (<strong>A Lusty Tale Of Animal Passions And Barnyard Perversions<\/strong>)<\/li>\n<\/ul>\n\n\n\n<p>Oder die faszinierenden <a href=\"http:\/\/centripetalnotion.com\/2007\/09\/13\/13:26:26\/#more-550\">book autopsies<\/a> von <a href=\"http:\/\/www.flickr.com\/photos\/briandettmer\/\">Brian Dettmer<\/a>.<\/p>\n\n\n\n<p>Vielleicht wird sich auch folgende Matheaufgabe etablieren: Mit einer 5.\/6. Klasse reingehen, erst sch\u00e4tzen, wieviel B\u00fccher das sind, dann hochrechnen lassen. Welche Arbeitsgruppe schafft&#8217;s am schnellsten? Stell ich mir lustig vor.<\/p>\n\n\n\n<p>(Nochmal zur Erinnerung: Morgen, 23. April, ist Welttag des Buches, falls jemand noch Zeit hat, etwas dazu zu machen.)<\/p>\n","protected":false},"excerpt":{"rendered":"<p>(24 Kommentare.) Mit der neuen Schule haben wir auch einen neuen Raum f\u00fcr die Bibliothek bekommen. Im alten Geb\u00e4ude war die so klein, dass kaum M\u00f6glichkeit bestand, sie anders als ein B\u00fccherlager zu benutzen. Im Trubel des Umzugs wurden die Regale erst mal hochsymmetrisch, aber unpraktisch im Raum verteilt. Das war besonders dem Kollegen Z. [&hellip;]<\/p>\n","protected":false},"author":2,"featured_media":0,"comment_status":"open","ping_status":"open","sticky":false,"template":"","format":"standard","meta":{"_jetpack_memberships_contains_paid_content":false,"footnotes":""},"categories":[5],"tags":[205],"class_list":["post-2350","post","type-post","status-publish","format-standard","hentry","category-schule-mal-gemacht","tag-schulbibliothek"],"jetpack_featured_media_url":"","jetpack_sharing_enabled":true,"jetpack_likes_enabled":true,"_links":{"self":[{"href":"https:\/\/www.herr-rau.de\/wordpress\/wp-json\/wp\/v2\/posts\/2350","targetHints":{"allow":["GET"]}}],"collection":[{"href":"https:\/\/www.herr-rau.de\/wordpress\/wp-json\/wp\/v2\/posts"}],"about":[{"href":"https:\/\/www.herr-rau.de\/wordpress\/wp-json\/wp\/v2\/types\/post"}],"author":[{"embeddable":true,"href":"https:\/\/www.herr-rau.de\/wordpress\/wp-json\/wp\/v2\/users\/2"}],"replies":[{"embeddable":true,"href":"https:\/\/www.herr-rau.de\/wordpress\/wp-json\/wp\/v2\/comments?post=2350"}],"version-history":[{"count":1,"href":"https:\/\/www.herr-rau.de\/wordpress\/wp-json\/wp\/v2\/posts\/2350\/revisions"}],"predecessor-version":[{"id":57972,"href":"https:\/\/www.herr-rau.de\/wordpress\/wp-json\/wp\/v2\/posts\/2350\/revisions\/57972"}],"wp:attachment":[{"href":"https:\/\/www.herr-rau.de\/wordpress\/wp-json\/wp\/v2\/media?parent=2350"}],"wp:term":[{"taxonomy":"category","embeddable":true,"href":"https:\/\/www.herr-rau.de\/wordpress\/wp-json\/wp\/v2\/categories?post=2350"},{"taxonomy":"post_tag","embeddable":true,"href":"https:\/\/www.herr-rau.de\/wordpress\/wp-json\/wp\/v2\/tags?post=2350"}],"curies":[{"name":"wp","href":"https:\/\/api.w.org\/{rel}","templated":true}]}}