{"id":2366,"date":"2009-05-05T14:19:31","date_gmt":"2009-05-05T12:19:31","guid":{"rendered":"https:\/\/www.herr-rau.de\/wordpress\/?p=2366"},"modified":"2023-05-14T10:01:41","modified_gmt":"2023-05-14T08:01:41","slug":"wandertag-an-der-uni","status":"publish","type":"post","link":"https:\/\/www.herr-rau.de\/wordpress\/2009\/05\/wandertag-an-der-uni.htm","title":{"rendered":"Wandertag an der Uni"},"content":{"rendered":"<div style='text-align:right;'><small>(<a href='https:\/\/www.herr-rau.de\/wordpress\/2009\/05\/wandertag-an-der-uni.htm#comments'>4 Kommentare.<\/a>)<\/small> <\/div>\n<blockquote class=\"wp-block-quote is-layout-flow wp-block-quote-is-layout-flow\">\n<p>Frage: Was ist die Definition f\u00fcr &#8222;ein wichtiger Lehrer&#8220;?<br>Antwort: Einer, der am Wandertag nicht eingeteilt ist.<br>&nbsp;&nbsp;&nbsp;&nbsp;(Kollege P.)<\/p>\n<\/blockquote>\n\n\n\n<p>So weit bin ich noch nicht, deswegen war ich heute unterwegs, und zwar mit dem Leistungskurs Deutsch. Programm: Eine einst\u00fcndige Einweisung in die Bibliothek an der Ludwig-Maximilian-Universit\u00e4t M\u00fcnchen, Einf\u00fchrung in das Online-Katalogsystem <a href=\"https:\/\/opacplus.ub.uni-muenchen.de\/InfoGuideClient.ubmsis\/start.do?Login=igubm\">OPAC<\/a>, anschlie\u00dfende Ausstellung von Benutzerausweisen f\u00fcr die Sch\u00fcler, damit die dort f\u00fcr ihre Facharbeit recherchieren k\u00f6nnen. Die <a href=\"http:\/\/www.muenchner-stadtbibliothek.de\/page.php\">Stadtbibliothek M\u00fcnchen<\/a> (Zentralbibliothek: Gasteig) bietet \u00e4hnliche Programme an, ebenfalls mit OPAC-Einf\u00fchrung. Die <a href=\"http:\/\/www.bsb-muenchen.de\">Staatsbibliothek<\/a> ziert sich zun\u00e4chst etwas (&#8222;Als eine der gr\u00f6\u00dften wissenschaftlichen Bibliotheken in Deutschland dient die Bayerische Staatsbibliothek vorrangig der Wissenschaft und Forschung und wird von Spezialisten aus aller Welt genutzt. Der Literaturbedarf f\u00fcr Sch\u00fcler kann in der Regel von anderen Bibliotheken abgedeckt werde.&#8220;), bietet dann aber doch <a href=\"http:\/\/www.bsb-muenchen.de\/Einfuehrungen-fuer-Schulklasse.351.0.html\">Einf\u00fchrungsveranstaltungen f\u00fcr Kollegstufensch\u00fcler<\/a> an. Au\u00dferdem gibt es dort E-Tutorials.<\/p>\n\n\n\n<p>(F\u00fcr die Stadtbibliothek gibt es \u00fcbrigens einen kostenlosen Institutionenausweis, den M\u00fcnchner Schulen kriegen: Diesen Ausweis kann man Lehrern oder Sch\u00fclern zum Ausleihen mitgeben. Im Antragsformular kann man zwischen den Fabren blau, flieder, gr\u00fcn, orange und pink w\u00e4hlen. Es kommen eigentlich nur orange und pink in Frage, finde ich &#8211; wir brauchen ohnehin einen neuen, mit dem man per RFID-Chip ausleihen kann.)<\/p>\n\n\n\n<p>Und weil die Einf\u00fchrung erst um 12 Uhr beginnt, waren wir zuvor in einer Vorlesung. Im Online-Vorlesungsverzeichnis der LMU kann man sich entweder alle Veranstaltungen einer speziellen Fakult\u00e4t <a href=\"https:\/\/lsf.verwaltung.uni-muenchen.de\/qisserver\/rds;jsessionid=FCCAED63E7875447CEF0038E3D04DD69.lsf2?state=wtree&amp;search=1&amp;category=veranstaltung.browse&amp;topitem=locallinks&amp;subitem=lectureindex&amp;breadcrumb=lectureindex\">anschauen<\/a> &#8211; auch nicht schlecht, so konnten die Sch\u00fcler sehen, was es so alles gibt.<br>Oder man <a href=\"https:\/\/lsf.verwaltung.uni-muenchen.de\/qisserver\/rds;jsessionid=FCCAED63E7875447CEF0038E3D04DD69.lsf2?state=change&amp;type=5&amp;moduleParameter=veranstaltungSearch&amp;nextdir=change&amp;next=search.vm&amp;subdir=veranstaltung&amp;_form=display&amp;function=search&amp;clean=y&amp;category=veranstaltung.search&amp;topitem=locallinks&amp;subitem=search&amp;breadcrumb=searchLectures\">sucht gezielt<\/a> etwa nur nach Vorlesungen am Dienstag zwischen 10 und 12 Uhr. Beides haben wir gestern im Computerraum gemacht. Das dauert eine ganze Schulstunde; f\u00fcrs Navigieren brauchen die meisten Leute viel l\u00e4nger, als ich es gew\u00f6hnt bin &#8211; das gilt aber nicht nur f\u00fcr Sch\u00fcler.<\/p>\n\n\n\n<p>Die Sch\u00fcler mussten sich eine Vorlesung zwischen 10 und 12 Uhr heraussuchen und einen Lageplan ausdrucken. Wer nichts fand, w\u00e4re von mir in &#8222;Lautstruktur des Deutschen&#8220; geschickt worden. Allerdings fand jeder eine Alternative, soweit ich das bisher mitgekriegt habe. (Berichte gibt es in der n\u00e4chsten LK-Stunde, zusammen mit OPAC-\u00dcbungen.) Besucht wurden unter anderem: B\u00fcchner, Geschichte der Theaterkritik, Geburt-Hochzeit-Tod, BWL, soviel wei\u00df ich schon. Mit unterschiedlichen Erfahrungen.<\/p>\n\n\n\n<p>Da ich akademisch bereits erfahren bin, habe ich w\u00e4hrend dieser Zeit einen Milchkaffee und einen Bagel genossen.<\/p>\n\n\n\n<p>Wer&#8217;s nicht kennt, hier der Haupteingang der LMU, Geschwister-Scholl-Platz, mit in den Boden eingelassenen steinernen Flugbl\u00e4ttern als Erinnerung an die Wei\u00dfe Rose:<\/p>\n\n\n\n<figure class=\"wp-block-embed is-type-video is-provider-youtube wp-block-embed-youtube wp-embed-aspect-4-3 wp-has-aspect-ratio\"><div class=\"wp-block-embed__wrapper\">\n<iframe loading=\"lazy\" title=\"Geschwister-Scholl-Platz, LMU M\u00fcnchen\" width=\"500\" height=\"375\" src=\"https:\/\/www.youtube.com\/embed\/GeTy4ewrHPY?feature=oembed\" frameborder=\"0\" allow=\"accelerometer; autoplay; clipboard-write; encrypted-media; gyroscope; picture-in-picture; web-share\" referrerpolicy=\"strict-origin-when-cross-origin\" allowfullscreen><\/iframe>\n<\/div><\/figure>\n\n\n\n<p>(Das Rauschen drau\u00dfen ist ein Springbrunnen.)<\/p>\n\n\n\n<p>&#8212; Bei uns sind die Wandertage \u00fcbrigens so organisiert: Der erste Wandertag im Tag ist frei. Da wird, je nach Durchsetzungsverm\u00f6gen der Sch\u00fcler und Ortskenntnis der Lehrer, gewandert oder nicht. Wandern macht danach allen immer noch am meisten Spa\u00df, aber das wissen die Sch\u00fcler vorher nicht.<br>Der zweite Wandertag ist mit Beschluss der Lehrerschaft umgewandelt worden in Eine Art Wandertag. Das gibt&#8217;s als M\u00f6glichkeit vom KuMi, man geht dann nicht wandern, sondern treibt Kultur. An unserer Schule jahrgangstufenweise: F\u00fcr die 5. Klassen ist, sagen wir, Erdkunde zust\u00e4ndig, f\u00fcr die 11. Deutsch, f\u00fcr die 8. Religion und f\u00fcr die 9. Englisch. Die Fachschaften organisieren jeweils themengebundene Ausfl\u00fcge f\u00fcr die Sch\u00fcler. (Die Klassen fahren dabei schon getrennt, also nicht im Pulk.) Das gibt Gemurr unter den Lehrern, und manchmal sind diese Exkursionen tats\u00e4chlich nicht so gut geplant, dass alle zufrieden sind. Ich halte die Idee, dass es jedes Jahr feste Ziele gibt, allerdings f\u00fcr nicht schlecht.<\/p>\n","protected":false},"excerpt":{"rendered":"<p>(4 Kommentare.) Frage: Was ist die Definition f\u00fcr &#8222;ein wichtiger Lehrer&#8220;?Antwort: Einer, der am Wandertag nicht eingeteilt ist.&nbsp;&nbsp;&nbsp;&nbsp;(Kollege P.) So weit bin ich noch nicht, deswegen war ich heute unterwegs, und zwar mit dem Leistungskurs Deutsch. Programm: Eine einst\u00fcndige Einweisung in die Bibliothek an der Ludwig-Maximilian-Universit\u00e4t M\u00fcnchen, Einf\u00fchrung in das Online-Katalogsystem OPAC, anschlie\u00dfende Ausstellung von [&hellip;]<\/p>\n","protected":false},"author":2,"featured_media":0,"comment_status":"open","ping_status":"open","sticky":false,"template":"","format":"standard","meta":{"_jetpack_memberships_contains_paid_content":false,"footnotes":""},"categories":[6],"tags":[179],"class_list":["post-2366","post","type-post","status-publish","format-standard","hentry","category-schule-alltag","tag-alltag"],"jetpack_featured_media_url":"","jetpack_sharing_enabled":true,"jetpack_likes_enabled":true,"_links":{"self":[{"href":"https:\/\/www.herr-rau.de\/wordpress\/wp-json\/wp\/v2\/posts\/2366","targetHints":{"allow":["GET"]}}],"collection":[{"href":"https:\/\/www.herr-rau.de\/wordpress\/wp-json\/wp\/v2\/posts"}],"about":[{"href":"https:\/\/www.herr-rau.de\/wordpress\/wp-json\/wp\/v2\/types\/post"}],"author":[{"embeddable":true,"href":"https:\/\/www.herr-rau.de\/wordpress\/wp-json\/wp\/v2\/users\/2"}],"replies":[{"embeddable":true,"href":"https:\/\/www.herr-rau.de\/wordpress\/wp-json\/wp\/v2\/comments?post=2366"}],"version-history":[{"count":2,"href":"https:\/\/www.herr-rau.de\/wordpress\/wp-json\/wp\/v2\/posts\/2366\/revisions"}],"predecessor-version":[{"id":56512,"href":"https:\/\/www.herr-rau.de\/wordpress\/wp-json\/wp\/v2\/posts\/2366\/revisions\/56512"}],"wp:attachment":[{"href":"https:\/\/www.herr-rau.de\/wordpress\/wp-json\/wp\/v2\/media?parent=2366"}],"wp:term":[{"taxonomy":"category","embeddable":true,"href":"https:\/\/www.herr-rau.de\/wordpress\/wp-json\/wp\/v2\/categories?post=2366"},{"taxonomy":"post_tag","embeddable":true,"href":"https:\/\/www.herr-rau.de\/wordpress\/wp-json\/wp\/v2\/tags?post=2366"}],"curies":[{"name":"wp","href":"https:\/\/api.w.org\/{rel}","templated":true}]}}