{"id":2376,"date":"2009-05-12T16:06:19","date_gmt":"2009-05-12T14:06:19","guid":{"rendered":"https:\/\/www.herr-rau.de\/wordpress\/?p=2376"},"modified":"2023-05-24T13:16:37","modified_gmt":"2023-05-24T11:16:37","slug":"schueler-aus-augsburg-und-drumrum-podcastseminar-fuer-schuelerzeitungen-uni-augsburg","status":"publish","type":"post","link":"https:\/\/www.herr-rau.de\/wordpress\/2009\/05\/schueler-aus-augsburg-und-drumrum-podcastseminar-fuer-schuelerzeitungen-uni-augsburg.htm","title":{"rendered":"Sch\u00fcler aus Augsburg und drumrum: Podcastseminar f\u00fcr Sch\u00fclerzeitungen (Uni Augsburg)"},"content":{"rendered":"\n<p>Im Rahmen des Wissenschaftsjahres 2009 gibt es an der Uni Augsburg in diesem Sommersemester ein Seminar zur Podcastproduktion:<\/p>\n\n\n\n<blockquote class=\"wp-block-quote is-layout-flow wp-block-quote-is-layout-flow\">\n<p>Das Seminar nennt sich \u0093KaffeePod: Ein Podcast erobert die Uni\u0094 und es geht dabei um Podcasting im Bildungskontext. Gemeinsam mit dem Studierenden soll eine Serie von H\u00f6rspielen produziert werden, die informativ und gleichzeitig unterhaltend \u00fcber den Alltag an einer Universit\u00e4t berichten. KaffeePod hei\u00dft das Ganze deshalb, weil der Dreh- und Angelpunkt aller Aktivit\u00e4ten die Cafeteria der Uni ist.<\/p>\n<\/blockquote>\n\n\n\n<p>(<a href=\"http:\/\/taragramm.wordpress.com\/2009\/04\/19\/startschuss-furs-neue-semester\/\">Tara&#8217;s Weblog<\/a>, h\u00e4lt das Seminar)<\/p>\n\n\n\n<p>Und weil ich in Augsburg studiert habe und diese Cafeteria vom studentischen Fachsimpeln noch gut kenne, mache ich rasch etwas Werbung f\u00fcr eine Veranstaltung im Rahmen dieses Projekts machen: Am <strong>27. Mai<\/strong> veranstaltet das Institut f\u00fcr Medien und Bildungstechnologie der Uni Augsburg einen <strong>Podcastproduktionstag insbesondere f\u00fcr Sch\u00fclerzeitungsredakteure<\/strong> an. Die Sch\u00fcler k\u00f6nnen an diesem Tag in die Medienproduktion hineinschauen und Studierende und Lehrende des Studiengangs zu beschnuppern.<\/p>\n\n\n\n<p>Koordinatorin f\u00fcr die Anmeldung: Konstanze Fr\u00f6lich (konstanze.froelich @ praesidium.uni-augsburg.de), Referentin f\u00fcr \u00d6ffentlichkeitsarbeit.<br>Zu inhaltlichen Fragen: Sandra Hofhues (http:\/\/www.imb-uni-augsburg.de\/sandra-hofhues: sandra.hofhues @ phil.uni-augsburg.de; <a href=\"http:\/\/sandrainthesky.wordpress.com\/2009\/03\/02\/kaffeepod-frisch-gebruhte-infos-aus-dem-unialltag\/\">Blogeintrag dazu<\/a>).<\/p>\n\n\n\n<p>Anmelden rasch, am besten bis <strong>Freitag, 15. Mai,<\/strong> sp\u00e4testens Montag. Falls hier jemand aus der Umgebung von Augsburg mitliest. (Erfahrungen mit Podcasts kann das IMB vorweisen: <a href=\"http:\/\/www.detekteisuni.com\/\">Detektei Suni<\/a>.)<\/p>\n","protected":false},"excerpt":{"rendered":"<p>Im Rahmen des Wissenschaftsjahres 2009 gibt es an der Uni Augsburg in diesem Sommersemester ein Seminar zur Podcastproduktion: Das Seminar nennt sich \u0093KaffeePod: Ein Podcast erobert die Uni\u0094 und es geht dabei um Podcasting im Bildungskontext. Gemeinsam mit dem Studierenden soll eine Serie von H\u00f6rspielen produziert werden, die informativ und gleichzeitig unterhaltend \u00fcber den Alltag [&hellip;]<\/p>\n","protected":false},"author":2,"featured_media":0,"comment_status":"open","ping_status":"open","sticky":false,"template":"","format":"standard","meta":{"_jetpack_memberships_contains_paid_content":false,"footnotes":""},"categories":[1],"tags":[],"class_list":["post-2376","post","type-post","status-publish","format-standard","hentry","category-fundstuecke"],"jetpack_featured_media_url":"","jetpack_sharing_enabled":true,"jetpack_likes_enabled":true,"_links":{"self":[{"href":"https:\/\/www.herr-rau.de\/wordpress\/wp-json\/wp\/v2\/posts\/2376","targetHints":{"allow":["GET"]}}],"collection":[{"href":"https:\/\/www.herr-rau.de\/wordpress\/wp-json\/wp\/v2\/posts"}],"about":[{"href":"https:\/\/www.herr-rau.de\/wordpress\/wp-json\/wp\/v2\/types\/post"}],"author":[{"embeddable":true,"href":"https:\/\/www.herr-rau.de\/wordpress\/wp-json\/wp\/v2\/users\/2"}],"replies":[{"embeddable":true,"href":"https:\/\/www.herr-rau.de\/wordpress\/wp-json\/wp\/v2\/comments?post=2376"}],"version-history":[{"count":1,"href":"https:\/\/www.herr-rau.de\/wordpress\/wp-json\/wp\/v2\/posts\/2376\/revisions"}],"predecessor-version":[{"id":57862,"href":"https:\/\/www.herr-rau.de\/wordpress\/wp-json\/wp\/v2\/posts\/2376\/revisions\/57862"}],"wp:attachment":[{"href":"https:\/\/www.herr-rau.de\/wordpress\/wp-json\/wp\/v2\/media?parent=2376"}],"wp:term":[{"taxonomy":"category","embeddable":true,"href":"https:\/\/www.herr-rau.de\/wordpress\/wp-json\/wp\/v2\/categories?post=2376"},{"taxonomy":"post_tag","embeddable":true,"href":"https:\/\/www.herr-rau.de\/wordpress\/wp-json\/wp\/v2\/tags?post=2376"}],"curies":[{"name":"wp","href":"https:\/\/api.w.org\/{rel}","templated":true}]}}