{"id":251,"date":"2005-03-24T14:13:00","date_gmt":"2005-03-24T13:13:00","guid":{"rendered":"https:\/\/www.herr-rau.de\/wordpress\/2005\/03\/schuelerblogs.htm"},"modified":"2023-05-24T11:24:43","modified_gmt":"2023-05-24T09:24:43","slug":"schuelerblogs","status":"publish","type":"post","link":"https:\/\/www.herr-rau.de\/wordpress\/2005\/03\/schuelerblogs.htm","title":{"rendered":"Sch\u00fclerblogs"},"content":{"rendered":"<div style='text-align:right;'><small>(<a href='https:\/\/www.herr-rau.de\/wordpress\/2005\/03\/schuelerblogs.htm#comments'>4 Kommentare.<\/a>)<\/small> <\/div>\n<blockquote class=\"wp-block-quote is-layout-flow wp-block-quote-is-layout-flow\">\n<p>Paris (AFP) &#8211; Wegen Lehrer-Beleidigungen in ihren Internet-Tageb\u00fcchern (&#8222;Blogs&#8220;) sind mehrere franz\u00f6sische Sch\u00fcler von ihren Schulen geflogen. [&#8230;] In k\u00fcrzester Zeit entwickelte es sich bei den Sch\u00fclern zur Mode, neben Reiseerlebnissen und Privatfotos auch abf\u00e4llige Bemerkungen \u00fcber ihre Lehrer ins Internet zu stellen. Zu den Eintr\u00e4gen, die mit Schulverweisen geahndet wurden, geh\u00f6rten &#8222;Angsthase&#8220; und &#8222;gl\u00fcckliche Idiotin&#8220;.<br>(<a href=\"http:\/\/de.news.yahoo.com\/050324\/286\/4gx7j.html\">Mehr bei Yahoo Nachrichten<\/a>.)<\/p>\n<\/blockquote>\n\n\n\n<p>Da habe ich schon Schlimmeres gelesen. Es scheint mir eine wichtige und sinnvolle Aufgabe, Sch\u00fclern beizubringen, wie man miteinander umgeht, auch und gerade in Blogs. Ich halte meine Sch\u00fcler ja auch zum Bloggen an. Im Leistungskurs ging das eine Zeit lang gut, danach verloren die Sch\u00fcler das Interesse. W\u00e4hrend viele Lehrer einen Hang zum Exhibitionismus haben, dr\u00e4ngt es die meisten Sch\u00fcler keineswegs in die \u00d6ffentlichkeit oder in den Dialog. Aber Beleidigungen kamen da keine.<br>Anders bei dem Umgangston in unmoderierten Oberstufen-Foren mit der M\u00f6glichkeit anonymer Postings, das habe ich mal in einer Kollegstufe erlebt. Da wurden weniger die Lehrer beleidigt als die Mitsch\u00fcler. Das aber auf unterster Ebene. So richtig unten. So gaaaanz unten. Dagegen ist <a href=\"https:\/\/www.herr-rau.de\/wordpress\/2005\/03\/warum-manche-leute-gerne-buecher-verbrennen-und-ich-nicht.htm\">B\u00fccher verbrennen<\/a> wirklich harmlos. Wenn man das so liest, wei\u00df man, dass etwas falsch gelaufen sein muss am Gymnasium. (Vielleicht verlangt man da auch Unm\u00f6gliches.)<br>Es gab aber auch ein Referendarforum (und zwar <em>nicht<\/em> <a href=\"http:\/\/www.referendar.de\/\">http:\/\/www.referendar.de\/<\/a>), das ebenfalls anonyme Beitr\u00e4ge unmoderiert zulie\u00df. Die waren nur wenig besser.<\/p>\n\n\n\n<p>Ich bin aber auch gerade dabei, meine Mittelstufensch\u00fcler auf einer Klassen-Seite zum Bloggen zu bringen. Auch diese Sch\u00fcler haben zum Gro\u00dfteil kein Bed\u00fcrfnis nach \u00d6ffentlichkeit und Aufmerksamkeit. Wenn es Schreibanl\u00e4sse gibt, kommen allerdings interessante Beitr\u00e4ge zusammen; sobald ich die Erlaubnis einiger Sch\u00fcler eingeholt habe, werde ich hier ein paar Ausz\u00fcge posten. Die Motivation und die Bereitschaft zum Erlernen der Technik ist bei diesen Sch\u00fclern gr\u00f6\u00dfer als bei den \u00e4lteren; vermutlich eine Generationensache. Der Tonfall auf der Klassenseite ist sachlich und lebendig, stolz bin ich auf die Sch\u00fcler. Aber einige wenige Sch\u00fcler haben keine Ahnung davon, was in der \u00d6ffentlichkeit angemessen ist und was nicht. Und das Klassenblog sollte bewusst \u00f6ffentlich sein.<\/p>\n\n\n\n<p>Bei dieser Arbeit bin ich auch auf die privaten Webseiten einiger meiner Sch\u00fcler gesto\u00dfen, mit teilweise fast blogartigem Charakter. Ich kam mir ein bisschen wie ein Voyeur vor, zumal sich mir da eine Welt auftat, die ich nicht kannte. Fremde Wesen, diese Sch\u00fcler, ganz fremde Wesen. Das wollte ich alles gar nicht so genau wissen. Die meisten Seiten sind nur fremdartig, aber bei einigen wird teilweise grausam und beleidigend \u00fcber einander hergezogen, und auch \u00fcber Lehrer, mit denen sie unzufrieden sind.<br>Ich finde es gut, dass Sch\u00fcler \u00fcberhaupt auf diese Weise kommunizieren. Ein Teil ihres Lebens ist die Schule, und nat\u00fcrlich schreiben sie auch dar\u00fcber. Ich finde auch, dass sich die Schule da weitgehend heraushalten sollte. Ich blogge ja auch, ohne beim Kultusministerium um Erlaubnis zu bitten.<br>Die Sch\u00fcler m\u00fcssen nur wissen, dass sie Lehrer nicht beleidigen d\u00fcrfen. Und das muss man einem Teil der Sch\u00fcler erst beibringen. Die <em>wissen<\/em> nicht, dass das nicht geht. Da ist oft kein b\u00f6ser Wille dahinter, sondern nur ein kl\u00e4glicher Mangel an Ausdrucksm\u00f6glichkeiten. Dazu kommt die Unwissenheit \u00fcber die Rechtslage. Das sollten wir unseren Sch\u00fclern also beibringen.<\/p>\n\n\n\n<p>Die andere, schwierigere Frage ist: Wieviel d\u00fcrfen Sch\u00fcler auf ihren privaten Seiten aus der Schule plaudern? Sch\u00fcler \u00fcben oft unreflektiert und unsachlich Kritik &#8211; an Lehrern, Unterricht, Stundenplan. Manchmal haben sie aber auch recht. Nur h\u00f6rt ihnen in der Schule keiner zu. Mit ein paar Ungerechtigkeiten m\u00fcssen sie auskommen (so ist das Leben halt), aber d\u00fcrfen sie dar\u00fcber bloggen, dass der eine oder andere Lehrer soviel Hausaufgaben aufgibt? Zuviel Zeit f\u00fcr die Korrektur braucht? St\u00e4ndig zu sp\u00e4t kommt?<\/p>\n\n\n\n<p>Ich w\u00fcnsche mir ja schon klammheimlich, dass einer das mal ausprobiert.<\/p>\n","protected":false},"excerpt":{"rendered":"<p>(4 Kommentare.) Paris (AFP) &#8211; Wegen Lehrer-Beleidigungen in ihren Internet-Tageb\u00fcchern (&#8222;Blogs&#8220;) sind mehrere franz\u00f6sische Sch\u00fcler von ihren Schulen geflogen. [&#8230;] In k\u00fcrzester Zeit entwickelte es sich bei den Sch\u00fclern zur Mode, neben Reiseerlebnissen und Privatfotos auch abf\u00e4llige Bemerkungen \u00fcber ihre Lehrer ins Internet zu stellen. Zu den Eintr\u00e4gen, die mit Schulverweisen geahndet wurden, geh\u00f6rten &#8222;Angsthase&#8220; [&hellip;]<\/p>\n","protected":false},"author":2,"featured_media":0,"comment_status":"open","ping_status":"open","sticky":false,"template":"","format":"standard","meta":{"_jetpack_memberships_contains_paid_content":false,"footnotes":""},"categories":[6],"tags":[],"class_list":["post-251","post","type-post","status-publish","format-standard","hentry","category-schule-alltag"],"jetpack_featured_media_url":"","jetpack_sharing_enabled":true,"jetpack_likes_enabled":true,"_links":{"self":[{"href":"https:\/\/www.herr-rau.de\/wordpress\/wp-json\/wp\/v2\/posts\/251","targetHints":{"allow":["GET"]}}],"collection":[{"href":"https:\/\/www.herr-rau.de\/wordpress\/wp-json\/wp\/v2\/posts"}],"about":[{"href":"https:\/\/www.herr-rau.de\/wordpress\/wp-json\/wp\/v2\/types\/post"}],"author":[{"embeddable":true,"href":"https:\/\/www.herr-rau.de\/wordpress\/wp-json\/wp\/v2\/users\/2"}],"replies":[{"embeddable":true,"href":"https:\/\/www.herr-rau.de\/wordpress\/wp-json\/wp\/v2\/comments?post=251"}],"version-history":[{"count":1,"href":"https:\/\/www.herr-rau.de\/wordpress\/wp-json\/wp\/v2\/posts\/251\/revisions"}],"predecessor-version":[{"id":57588,"href":"https:\/\/www.herr-rau.de\/wordpress\/wp-json\/wp\/v2\/posts\/251\/revisions\/57588"}],"wp:attachment":[{"href":"https:\/\/www.herr-rau.de\/wordpress\/wp-json\/wp\/v2\/media?parent=251"}],"wp:term":[{"taxonomy":"category","embeddable":true,"href":"https:\/\/www.herr-rau.de\/wordpress\/wp-json\/wp\/v2\/categories?post=251"},{"taxonomy":"post_tag","embeddable":true,"href":"https:\/\/www.herr-rau.de\/wordpress\/wp-json\/wp\/v2\/tags?post=251"}],"curies":[{"name":"wp","href":"https:\/\/api.w.org\/{rel}","templated":true}]}}