{"id":2764,"date":"2010-05-17T18:23:51","date_gmt":"2010-05-17T16:23:51","guid":{"rendered":"https:\/\/www.herr-rau.de\/wordpress\/?p=2764"},"modified":"2023-06-22T16:10:33","modified_gmt":"2023-06-22T14:10:33","slug":"darm-virus-wuetet-in-massenquartier","status":"publish","type":"post","link":"https:\/\/www.herr-rau.de\/wordpress\/2010\/05\/darm-virus-wuetet-in-massenquartier.htm","title":{"rendered":"&#8222;Darm-Virus w\u00fctet in Massenquartier&#8220;"},"content":{"rendered":"<div style='text-align:right;'><small>(<a href='https:\/\/www.herr-rau.de\/wordpress\/2010\/05\/darm-virus-wuetet-in-massenquartier.htm#comments'>6 Kommentare.<\/a>)<\/small> <\/div><p>Und das kam so: Im Umfeld M\u00fcnchens liegend war meine Schule einer der Orte, die f\u00fcr Besucher des \u00f6kumenischen <strong>Kirchentages als Schlafquartier<\/strong> zur Verf\u00fcgung gestellt wurden. Das hei\u00dft, dass ab Mittwochnachmittag die G\u00e4ste kamen, am Donnerstag war Feiertag, Freitag ausnahmsweise schulfrei, im Laufe des Sonntags sollten die G\u00e4ste dann wieder verschwunden sein. Mich h\u00e4tte schon interessiert, wie das dann zugeht, aber nicht so sehr, als dass ich mich freiwillig zum Fr\u00fchst\u00fcckshelfen gemeldet h\u00e4tte. Im Gegenteil, ich konnte die Zeit gut brauchen f\u00fcr Abiturkorrektur und eine kleine Erk\u00e4ltung. (Danke, schon wieder besser, im Moment l\u00f6ffle ich den Rest H\u00fchnebr\u00fche von gestern.)<\/p>\n<p>Den G\u00e4sten ging es leider nicht so gut: Der <strong>Noro-Virus<\/strong> hatte sich breit gemacht (<a href=\"http:\/\/www.merkur-online.de\/lokales\/nachrichten\/darm-virus-wuetet-massenquartier-764800.html\">die Zeitung berichtet<\/a>, mit dramatischer Fotostrecke). \u00c4rzte, Sanit\u00e4ter, Desinfizierung, und heute weiter mit dem Abitur. Ich h\u00e4tte ja gut damit leben k\u00f6nnen, erst morgen oder \u00fcbermorgen wieder in die Schule zu gehen, sicherheitshalber, und den Sch\u00fclern zwei Tage zu Hause zu geben. Das Abitur h\u00e4tte ja trotzdem stattfinden k\u00f6nnen, ich w\u00e4re auch als Aufsicht gekommen. Aber das sollte wohl nicht sein.<\/p>\n<p>Die meisten Lehrer haben erst heute fr\u00fch davon erfahren &#8211; aber wer in einem Netzwerk wie Twitter oder Facebook steckt, erf\u00e4hrt so etwas halt fr\u00fcher. Merken als Beispiel f\u00fcr deren N\u00fctzlichkeit.<\/p>\n<p>Ansonsten bin ich heute morgen in der Schule auf mein Blog angesprochen worden, von einem Erwachsenen, nicht von Sch\u00fclern. Das passiert mir nur einmal im Jahr (Eltern, Pausenverkauf, neue Kollegen) und ich wirke dann vermutlich viel gelassener, als ich bin. Also noch einen sch\u00f6n Gru\u00df von hier aus!<br \/>\nIch blogge hier nur Dinge, von denen ich m\u00f6chte, dass sie \u00f6ffentlich sind, aber trotzdem sind das reale Leben und mein Blog noch zwei verschiedene Welten. In letzter Zeit besch\u00e4ftigt mich die Schule auch besonders viel, drunter und dr\u00fcber geht&#8217;s da.<\/p>\n","protected":false},"excerpt":{"rendered":"<p>(6 Kommentare.) Und das kam so: Im Umfeld M\u00fcnchens liegend war meine Schule einer der Orte, die f\u00fcr Besucher des \u00f6kumenischen Kirchentages als Schlafquartier zur Verf\u00fcgung gestellt wurden. Das hei\u00dft, dass ab Mittwochnachmittag die G\u00e4ste kamen, am Donnerstag war Feiertag, Freitag ausnahmsweise schulfrei, im Laufe des Sonntags sollten die G\u00e4ste dann wieder verschwunden sein. Mich [&hellip;]<\/p>\n","protected":false},"author":2,"featured_media":0,"comment_status":"open","ping_status":"open","sticky":false,"template":"","format":"standard","meta":{"_jetpack_memberships_contains_paid_content":false,"footnotes":""},"categories":[6],"tags":[179],"class_list":["post-2764","post","type-post","status-publish","format-standard","hentry","category-schule-alltag","tag-alltag"],"jetpack_featured_media_url":"","jetpack_sharing_enabled":true,"jetpack_likes_enabled":true,"_links":{"self":[{"href":"https:\/\/www.herr-rau.de\/wordpress\/wp-json\/wp\/v2\/posts\/2764","targetHints":{"allow":["GET"]}}],"collection":[{"href":"https:\/\/www.herr-rau.de\/wordpress\/wp-json\/wp\/v2\/posts"}],"about":[{"href":"https:\/\/www.herr-rau.de\/wordpress\/wp-json\/wp\/v2\/types\/post"}],"author":[{"embeddable":true,"href":"https:\/\/www.herr-rau.de\/wordpress\/wp-json\/wp\/v2\/users\/2"}],"replies":[{"embeddable":true,"href":"https:\/\/www.herr-rau.de\/wordpress\/wp-json\/wp\/v2\/comments?post=2764"}],"version-history":[{"count":1,"href":"https:\/\/www.herr-rau.de\/wordpress\/wp-json\/wp\/v2\/posts\/2764\/revisions"}],"predecessor-version":[{"id":59287,"href":"https:\/\/www.herr-rau.de\/wordpress\/wp-json\/wp\/v2\/posts\/2764\/revisions\/59287"}],"wp:attachment":[{"href":"https:\/\/www.herr-rau.de\/wordpress\/wp-json\/wp\/v2\/media?parent=2764"}],"wp:term":[{"taxonomy":"category","embeddable":true,"href":"https:\/\/www.herr-rau.de\/wordpress\/wp-json\/wp\/v2\/categories?post=2764"},{"taxonomy":"post_tag","embeddable":true,"href":"https:\/\/www.herr-rau.de\/wordpress\/wp-json\/wp\/v2\/tags?post=2764"}],"curies":[{"name":"wp","href":"https:\/\/api.w.org\/{rel}","templated":true}]}}