{"id":2837,"date":"2010-06-23T16:16:25","date_gmt":"2010-06-23T14:16:25","guid":{"rendered":"https:\/\/www.herr-rau.de\/wordpress\/?p=2837"},"modified":"2010-12-03T07:54:09","modified_gmt":"2010-12-03T06:54:09","slug":"abistreich-2010","status":"publish","type":"post","link":"https:\/\/www.herr-rau.de\/wordpress\/2010\/06\/abistreich-2010.htm","title":{"rendered":"Abistreich 2010"},"content":{"rendered":"<div style='text-align:right;'><small>(<a href='https:\/\/www.herr-rau.de\/wordpress\/2010\/06\/abistreich-2010.htm#comments'>16 Kommentare.<\/a>)<\/small> <\/div><p>Ich kam heute fr\u00fch in die Schule und wurde begr\u00fc\u00dft mit: &#8222;sp\u00e4ter ist dann Abistreich&#8220;. Na toll. Letzte Woche hatte eine Durchsage noch angek\u00fcndigt, der Abistreich fiele dieses Jahr aus. Respekt, hatte ich gedacht, endlich kapiert, und vielleicht gibt es dann nach einer Pause von einigen Jahren wieder mal neue Ideen. Heute dann also nix mit Respekt, und nix mit neuen Ideen. Aber das Wetter war sch\u00f6n, die Laune wohl gut. <\/p>\n<p>Ich bin bekennender Abistreich-Muffel. Dass mein Bekenntnis niemand interessiert, hindert mich nicht daran, es immer wieder laut zu verk\u00fcnden. Hingegangen bin ich dann doch, um es mir anzuschauen. Es half, dass ein Sch\u00fcler mich daran erinnert hat, dass ich dann dar\u00fcber etwas in mein Blog schreiben k\u00f6nnte. Und ich mag unsere Sch\u00fcler ja auch, das sind nette Menschen. Trotzdem, wenn ich wie jedes Jahr und jeder Lehrer empfangen werde mit: &#8222;Sie m\u00fcssen jetzt in den K\u00e4fig&#8220;, dann lehne ich dieses Angebot sehr bestimmt ab. Ich suche mir immer noch selber aus, in welche K\u00e4fige ich mich stecken lasse. Wenige Minuten sp\u00e4ter landete die erste Wasserbombe neben mir, da habe ich mich dann umgedreht und bin gegangen und kam fr\u00fcher nach Hause. Deshalb auch kein Foto heute.<\/p>\n<p><img loading=\"lazy\" decoding=\"async\" src=\"https:\/\/www.herr-rau.de\/wordpress\/archiv\/abistreich2010.jpg\" alt=\"\" title=\"abistreich2010\" width=\"421\" height=\"316\" class=\"aligncenter size-full wp-image-2838\" srcset=\"https:\/\/www.herr-rau.de\/wordpress\/archiv\/abistreich2010.jpg 421w, https:\/\/www.herr-rau.de\/wordpress\/archiv\/abistreich2010-150x112.jpg 150w\" sizes=\"auto, (max-width: 421px) 100vw, 421px\" \/><\/p>\n<p>Objektiv betrachtet, war das sicher ein lustiger, fr\u00f6hlicher, heiterer Abistreich. A good time was had by all. Die Sonne schien, es gab eine B\u00fchne, Lautsprecher und Mikrofone und lustige Spiele. Drumrum Wasserbomben und Spritzpistolen. Meine Sechstkl\u00e4ssler waren aufgekratzt und munter. Und die Mehrzahl der Kollegen findet das auch sch\u00f6n.<\/p>\n<p>Subjektiv nehme ich mir das Recht heraus, ein Abistreich-Muffel zu sein. Warum eigentlich? Nach ein wenig Selbstbetrachtung komme ich zu dem wenig schmeichelhaften Schluss, dass das auch aus Trotz geschieht. Wenn ich vorher an Abistreichen herummaule, und das tue ich, dann kann ich auch nicht so einfach mitmachen. (Anders als Kollegen, die diese Abistreiche lustig und nett finden, aber dann doch weg m\u00fcssen, weil sie &#8211; leider &#8211; schon Termine ausgemacht hatten.) Vermutlich w\u00e4re ich auch geblieben, wenn man mir vorher nicht den Mund w\u00e4ssrig gemacht h\u00e4tte damit, dass der Abistreich ausfallen w\u00fcrde. Und vor allem ist es wohl Trotz gegen\u00fcber der Tradition und Entscheidung, Lateinmarsch und Abistreich in dieser kanalisierten Form Jahr um Jahr stattfinden zu lassen. Daf\u00fcr k\u00f6nnen die Sch\u00fcler des jeweiligen Jahrgangs nichts. <\/p>\n<p>Dazu kommt noch, dass ich mich auf gro\u00dfen, lustigen Partys inmitten ausgelassener Menschen mit Wasserpistolen nicht wohl f\u00fchle. Als w\u00e4re ich der einzige <em>nerd<\/em> unter lauter <em>jocks<\/em>.<\/p>\n<p>Hier ein <a href=\"http:\/\/rckrz.de\/?p=3257\">Bericht aus veranstaltender Sch\u00fclersicht<\/a>. Bittesch\u00f6n, wenn es da schon steht: ich halte es f\u00fcr einen Fehler, einen Probe-Feueralarm dazu zu nutzen, Lehrer und Sch\u00fcler auf die Wiese zu kriegen. Bin jetzt voll motiviert, den n\u00e4chsten Probealarm ernst zu nehmen und auch da schnell Vollz\u00e4hligkeit der Sch\u00fcler zu melden..<\/p>\n<p>Wenigstens wei\u00df ich jetzt, wor\u00fcber meine 6. Klasse einen Bericht schreiben muss. Ha!<\/p>\n","protected":false},"excerpt":{"rendered":"<p>(16 Kommentare.) Ich kam heute fr\u00fch in die Schule und wurde begr\u00fc\u00dft mit: &#8222;sp\u00e4ter ist dann Abistreich&#8220;. Na toll. Letzte Woche hatte eine Durchsage noch angek\u00fcndigt, der Abistreich fiele dieses Jahr aus. Respekt, hatte ich gedacht, endlich kapiert, und vielleicht gibt es dann nach einer Pause von einigen Jahren wieder mal neue Ideen. Heute dann [&hellip;]<\/p>\n","protected":false},"author":2,"featured_media":2838,"comment_status":"open","ping_status":"open","sticky":false,"template":"","format":"standard","meta":{"_jetpack_memberships_contains_paid_content":false,"footnotes":""},"categories":[6],"tags":[136],"class_list":["post-2837","post","type-post","status-publish","format-standard","has-post-thumbnail","hentry","category-schule-alltag","tag-abitur"],"jetpack_featured_media_url":"https:\/\/www.herr-rau.de\/wordpress\/archiv\/abistreich2010.jpg","jetpack_sharing_enabled":true,"jetpack_likes_enabled":true,"_links":{"self":[{"href":"https:\/\/www.herr-rau.de\/wordpress\/wp-json\/wp\/v2\/posts\/2837","targetHints":{"allow":["GET"]}}],"collection":[{"href":"https:\/\/www.herr-rau.de\/wordpress\/wp-json\/wp\/v2\/posts"}],"about":[{"href":"https:\/\/www.herr-rau.de\/wordpress\/wp-json\/wp\/v2\/types\/post"}],"author":[{"embeddable":true,"href":"https:\/\/www.herr-rau.de\/wordpress\/wp-json\/wp\/v2\/users\/2"}],"replies":[{"embeddable":true,"href":"https:\/\/www.herr-rau.de\/wordpress\/wp-json\/wp\/v2\/comments?post=2837"}],"version-history":[{"count":0,"href":"https:\/\/www.herr-rau.de\/wordpress\/wp-json\/wp\/v2\/posts\/2837\/revisions"}],"wp:featuredmedia":[{"embeddable":true,"href":"https:\/\/www.herr-rau.de\/wordpress\/wp-json\/wp\/v2\/media\/2838"}],"wp:attachment":[{"href":"https:\/\/www.herr-rau.de\/wordpress\/wp-json\/wp\/v2\/media?parent=2837"}],"wp:term":[{"taxonomy":"category","embeddable":true,"href":"https:\/\/www.herr-rau.de\/wordpress\/wp-json\/wp\/v2\/categories?post=2837"},{"taxonomy":"post_tag","embeddable":true,"href":"https:\/\/www.herr-rau.de\/wordpress\/wp-json\/wp\/v2\/tags?post=2837"}],"curies":[{"name":"wp","href":"https:\/\/api.w.org\/{rel}","templated":true}]}}