{"id":2957,"date":"2010-09-02T17:27:02","date_gmt":"2010-09-02T15:27:02","guid":{"rendered":"https:\/\/www.herr-rau.de\/wordpress\/?p=2957"},"modified":"2023-05-24T16:22:04","modified_gmt":"2023-05-24T14:22:04","slug":"in-den-ferien-getrieben-1-unterrichtsverteilung-anschauen","status":"publish","type":"post","link":"https:\/\/www.herr-rau.de\/wordpress\/2010\/09\/in-den-ferien-getrieben-1-unterrichtsverteilung-anschauen.htm","title":{"rendered":"In den Ferien getrieben 1: Unterrichtsverteilung anschauen"},"content":{"rendered":"<div style='text-align:right;'><small>(<a href='https:\/\/www.herr-rau.de\/wordpress\/2010\/09\/in-den-ferien-getrieben-1-unterrichtsverteilung-anschauen.htm#comments'>14 Kommentare.<\/a>)<\/small> <\/div>\n<p><em>Etwas technischer heute, gerne zu \u00fcberspringen.<\/em><\/p>\n\n\n\n<p>Eine Aufgabe der Personalr\u00e4te ist es, einen Blick auf die Unterrichtsverteilung f\u00fcr das kommende Schuljahr zu werfen. Dies geschieht f\u00fcr den Fall, dass man Vorschl\u00e4ge hat, wie sich noch etwas verbessern l\u00e4sst; f\u00fcr den Fall, dass man Bedenken vorbringen m\u00f6chte; f\u00fcr den Fall, dass etwas \u00fcbersehen wurde. Die end\u00fcltige Entscheidung liegt nat\u00fcrlich bei der Schulleitung.<br>Dieses Jahr habe ich mir die Verteilung besonders gr\u00fcndlich angeschaut, um w\u00e4hrenddessen Notizen zu machen. Denn Ende des kommenden Schuljahres werden n\u00e4mlich die Personalr\u00e4te neu gew\u00e4hlt, und eventuellen Nachfolgern will ich Unterlagen hinterlassen k\u00f6nnen, worauf man achten muss. (Ich wei\u00df nicht, ob ich wieder kandidieren werde.) Ein paar dieser Notizen will ich auch hier festhalten.<\/p>\n\n\n\n<p>An allen Schulen, die ich kenne, geben Lehrer in mehr oder weniger organisierter Form W\u00fcnsche ab, welche Klassen oder Jahrgangsstufen sie im kommenden Jahr unterrichten wollen. Die Bio- und Chemielehrer &#8211; zwei Fachschaften, die aus nicht allzu vielen Lehrern bestehen, die noch dazu zum Gro\u00dfteil diese beiden F\u00e4cher unterrichten &#8211; k\u00f6nnen fast ihren ganzen Unterricht verplanen. Bei Fachschaften wie Deutsch geht das kaum, weil die Deutschlehrer als weiteres Fach Geschichte oder Erkunde haben, Sport oder Latein, Englisch oder Franz\u00f6sisch, und manchmal auch Informatik. Das l\u00e4sst sich nicht alles vorher verplanen. Trotzdem, einige W\u00fcnsche werden mehr oder weniger geb\u00fcndelt abgegeben, und die Schulleitung h\u00e4lt sich mehr oder weniger an diese Vorschl\u00e4ge. Unsere Schulleitung, einmal will ich sie loben, nimmt diese W\u00fcnsche sehr ernst und versucht, sie so gut es geht zu erf\u00fcllen.<\/p>\n\n\n\n<p>Wenn ich als Personalrat die Verteilung anschaue, achte ich unter andererm auf folgende Punkte. Eigentlich \u00fcberfl\u00fcssig zu erw\u00e4hnen: auch die Schulleitung hat sich nat\u00fcrlich Gedanken um genau diese Punkte gemacht. Aber noch mal aus einer anderen Perspektive dr\u00fcberschauen kann nicht schaden.<\/p>\n\n\n\n<ul class=\"wp-block-list\">\n<li>Wof\u00fcr gibt es wieviele Anrechnungsstunden? Manche davon sind vorgeschrieben (etwa f\u00fcr die Personalr\u00e4te: bei 50-99 Besch\u00e4ftigten an der Schule insgesamt 2, bei 100-149 Besch\u00e4ftigten insgesamt 3 Anrechnungsstunden), andere sind Spielraum f\u00fcr die Schulleitung, mit dem sie Zusatzaufgaben abgleichen kann. Fest ist auch die Stundenzahl f\u00fcr den Stellvertreter, die Mitarbeiter im Direktorat und die Oberstufenkoordinatoren: bei 1261-1320 Sch\u00fclern sind das 40 Stunden, die auf diesen Personenkreis verteilt werden.<\/li>\n\n\n\n<li>Sind manche Lehrer nur in einem ihrer meist zwei F\u00e4cher eingesetzt? Haben Lehrer viel arbeitsintensive Klassen, also Deutsch oder &#8211; in geringerem Ma\u00df &#8211; Physik?<\/li>\n\n\n\n<li>Intensivierungsstunden und Wahlunterrichte: wie sind die verteilt?<\/li>\n\n\n\n<li>Bietet sich ein Tausch von Lehrern an? Manchmal ist ein Lehrer mit zwei verschiedenen F\u00e4chern in zwei verschiedenen Klassen derselben Jahrgangsstufe eingesetzt. Ist es da sinnvoll, zu tauschen, so dass er beide F\u00e4cher in derselben Klasse unterrichtet? (Manchmal ja, manchmal nein.) Gibt es schwierige Klassen, in denen nur unerfahrene Kollegen sitzen?<\/li>\n\n\n\n<li>Unterrichtet auch jeder Lehrer so viel, wie muss? (Oder bei Teizeitlehrern: will.)<\/li>\n<\/ul>\n\n\n\n<p>Die letzte Frage ist aus den Unterlagen gar nicht so leicht zu entscheiden. Da steht n\u00e4mlich zum Beispiel (erfundene Zahlen):<\/p>\n\n\n\n<pre class=\"wp-block-code\"><code>Rau vz 24: 6a E 4, 6a E2, ..., bUw Sga 1 (20 Stunden)<\/code><\/pre>\n\n\n\n<p>Das bedeutet:<\/p>\n\n\n\n<ol class=\"wp-block-list\">\n<li>Ich arbeite Vollzeit und habe eine Unterrichtspflichtzeit UPZ von 24 Stunden. Die UPZ h\u00e4ngt allein vom Alter ab: bis zum 50. Lebensjahr 24 Stunden, bis zum 60. Lebensjahr 23 1\/2 Stunden, dar\u00fcber 23 Stunden pro Woche.<br>Bei den F\u00e4chen Kunst, Musik, Sport in Unter- und Mittelstufe muss man in Bayern mehr unterrichten: 28 bzw. 27 1\/2 bzw. 27 Stunden. Wenn man zugleich in einem anderen Fach eingesetzt ist, reduziert sich das wiederum, so dass die UPZ auch mal <code>25 (27)<\/code> sein kann, also 25 Stunden statt urspr\u00fcnglich 27. Weiterhin gibt es Sonderregeln f\u00fcr Schwerbehinderung. Die 23 1\/2 Stunden bedeuten: im einen Jahr 24, im anderen 23 Stunden, abwechselnd.<\/li>\n\n\n\n<li>Ich bin in der Klasse 6a im Fach E mit 2 und im Fach E2 mit 2 Stunden eingesetzt. E ist Englisch, und E2&#8230; Intensivierungsstunde Englisch.<\/li>\n\n\n\n<li>Ich unterichte das Fach <code>Sga<\/code> mit 1 Stunde, und das ist ein <code>bUw<\/code>&#8230; <b>b<\/b>esonderer <b>U<\/b>nterricht <b>w<\/b>issenschaftlich. Wahluntericht <b>S<\/b>chul<b>ga<\/b>rten, auf Deutsch. Es gibt auch noch <b>bUp<\/b> und <b>bUf<\/b>, und manche Wahlunterrichtsbezeichnungen, die sich kaum erschlie\u00dfen lassen. Nachfragen bei erfahrenen Kollegen.<\/li>\n\n\n\n<li>Ich bin in 20 Stunden eingesetzt. Moment, habe ich nicht eine UPZ von 24? Ja, aber nicht eingerechnet sind Anrechnungsstunden, die muss man von der UPZ abziehen. Nicht eingerechnet ist eventuell eine Teilabordnung an eine andere Schule, die muss man auch abziehen. Nicht eingerechnet ist &#8211; je nach Alter &#8211; eine Stunde Arbeitszeitkonto AZK, die muss man dazuz\u00e4hlen. Oder ab 2011\/12 abziehen, zumindest bei manchen Kollegen. Nicht eingerechnet ist zuletzt die Alterserm\u00e4\u00dfigung: ab dem 58. muss man eine Stunde weniger unterrichten, ab dem 60. sind es zwei Stunden, ab dem 62. drei Stunden. <em>Au\u00dfer<\/em> man spart sich diese Alterserm\u00e4\u00dfigung im Blockmodell auf.<br>Kompliziert? Hier als Grafik:<br><img loading=\"lazy\" decoding=\"async\" class=\"aligncenter size-full wp-image-2958\" title=\"UPZ_2007\" src=\"https:\/\/www.herr-rau.de\/wordpress\/archiv\/UPZ_2007.jpg\" alt=\"\" width=\"277\" height=\"408\" srcset=\"https:\/\/www.herr-rau.de\/wordpress\/archiv\/UPZ_2007.jpg 277w, https:\/\/www.herr-rau.de\/wordpress\/archiv\/UPZ_2007-101x150.jpg 101w\" sizes=\"auto, (max-width: 277px) 100vw, 277px\" \/><br>(<span style=\"text-decoration: line-through;\"><a href=\"http:\/\/www.km.bayern.de\/imperia\/md\/content\/pdf\/lehrerrundbrief_2007\/unterrichtspflichtzeit_sept2007.pdf\">Quelle<\/a><\/span>)<br>(<span style=\"text-decoration: line-through;\"><a href=\"http:\/\/www.km.bayern.de\/download\/1272_unterrichtspflichtzeit_november_2010.pdf\">neuere Fassung)<\/a><\/span>)<br>(<a href=\"http:\/\/www.km.bayern.de\/lehrer\/dienst-und-beschaeftigungsverhaeltnis\/unterrichtspflichtzeiten.html\">Neueste Fassung<\/a><\/li>\n<\/ol>\n\n\n\n<p>Erstellt wird die Unterrichtsverteilung mit einem notorischen Programm. Die Suite hei\u00dft <a href=\"http:\/\/www.schule.bayern.de\/winsv\/\">WinSV<\/a>, das Sch\u00fclerverwaltungsmodul WinSD und das Lehrermodul WinLD. Ich schimpfe oft \u00fcber das Programm. Aber immerhin stellt Bayern seinen Schulen ein solches Programm zu Verf\u00fcgung; andere Bundesl\u00e4nder haben gar keines oder eines, das mehr \u00c4rger bringt als Nutzen. Seit vielen Jahren ist der Nachfolger von WinSV angek\u00fcndigt. Wenn gen\u00fcgend Leute daran glauben, wird er kommen, so hei\u00dft es.<\/p>\n\n\n\n<p>Wenn die Personalr\u00e4te sich die Unterrichtsverteilung angeschaut haben und Fragen offen sind, gehen sie zur Schulleitung und sprechen dar\u00fcber. Echte Fehler kommen dabei kaum vor, meistens fehlen nur Informationen, um bestimmte Punkte einordnen zu k\u00f6nnen.<\/p>\n","protected":false},"excerpt":{"rendered":"<p>(14 Kommentare.) Etwas technischer heute, gerne zu \u00fcberspringen. Eine Aufgabe der Personalr\u00e4te ist es, einen Blick auf die Unterrichtsverteilung f\u00fcr das kommende Schuljahr zu werfen. Dies geschieht f\u00fcr den Fall, dass man Vorschl\u00e4ge hat, wie sich noch etwas verbessern l\u00e4sst; f\u00fcr den Fall, dass man Bedenken vorbringen m\u00f6chte; f\u00fcr den Fall, dass etwas \u00fcbersehen wurde. [&hellip;]<\/p>\n","protected":false},"author":2,"featured_media":2958,"comment_status":"open","ping_status":"open","sticky":false,"template":"","format":"standard","meta":{"_jetpack_memberships_contains_paid_content":false,"footnotes":""},"categories":[178,6],"tags":[232],"class_list":["post-2957","post","type-post","status-publish","format-standard","has-post-thumbnail","hentry","category-alles-ueber","category-schule-alltag","tag-alles-ueber"],"jetpack_featured_media_url":"https:\/\/www.herr-rau.de\/wordpress\/archiv\/UPZ_2007.jpg","jetpack_sharing_enabled":true,"jetpack_likes_enabled":true,"_links":{"self":[{"href":"https:\/\/www.herr-rau.de\/wordpress\/wp-json\/wp\/v2\/posts\/2957","targetHints":{"allow":["GET"]}}],"collection":[{"href":"https:\/\/www.herr-rau.de\/wordpress\/wp-json\/wp\/v2\/posts"}],"about":[{"href":"https:\/\/www.herr-rau.de\/wordpress\/wp-json\/wp\/v2\/types\/post"}],"author":[{"embeddable":true,"href":"https:\/\/www.herr-rau.de\/wordpress\/wp-json\/wp\/v2\/users\/2"}],"replies":[{"embeddable":true,"href":"https:\/\/www.herr-rau.de\/wordpress\/wp-json\/wp\/v2\/comments?post=2957"}],"version-history":[{"count":4,"href":"https:\/\/www.herr-rau.de\/wordpress\/wp-json\/wp\/v2\/posts\/2957\/revisions"}],"predecessor-version":[{"id":58008,"href":"https:\/\/www.herr-rau.de\/wordpress\/wp-json\/wp\/v2\/posts\/2957\/revisions\/58008"}],"wp:featuredmedia":[{"embeddable":true,"href":"https:\/\/www.herr-rau.de\/wordpress\/wp-json\/wp\/v2\/media\/2958"}],"wp:attachment":[{"href":"https:\/\/www.herr-rau.de\/wordpress\/wp-json\/wp\/v2\/media?parent=2957"}],"wp:term":[{"taxonomy":"category","embeddable":true,"href":"https:\/\/www.herr-rau.de\/wordpress\/wp-json\/wp\/v2\/categories?post=2957"},{"taxonomy":"post_tag","embeddable":true,"href":"https:\/\/www.herr-rau.de\/wordpress\/wp-json\/wp\/v2\/tags?post=2957"}],"curies":[{"name":"wp","href":"https:\/\/api.w.org\/{rel}","templated":true}]}}