{"id":3232,"date":"2011-05-10T20:15:06","date_gmt":"2011-05-10T18:15:06","guid":{"rendered":"https:\/\/www.herr-rau.de\/wordpress\/?p=3232"},"modified":"2011-05-10T20:15:06","modified_gmt":"2011-05-10T18:15:06","slug":"wandertag-heute-elternabend-gestern","status":"publish","type":"post","link":"https:\/\/www.herr-rau.de\/wordpress\/2011\/05\/wandertag-heute-elternabend-gestern.htm","title":{"rendered":"Wandertag heute, Elternabend gestern"},"content":{"rendered":"<div style='text-align:right;'><small>(<a href='https:\/\/www.herr-rau.de\/wordpress\/2011\/05\/wandertag-heute-elternabend-gestern.htm#comments'>9 Kommentare.<\/a>)<\/small> <\/div><p>Gestern von fr\u00fch bis sp\u00e4t in der Schule gewesen. Am Wochenende war ich noch etwas frustriert \u00fcber schlechte Ergebnisse und zu viel Korrektur. Aber die Sch\u00fcler am Montagvormittag haben mich dann wieder etwas aufgep\u00e4ppelt, sind halt doch nette Menschen. Und die Sonne hat auch geschienen. Am Nachmittag mit einem Kollegen die Rechner hergerichtet f\u00fcr die Einschreibung am folgenden Tag, ab f\u00fcnf Uhr war dann <strong>Elternabend<\/strong>. Dort schulweit nicht allzuviel los. Beim traditionellen Kuchenverkauf hatte ich das Vergn\u00fcgen, einen Sch\u00fcler anschreien zu d\u00fcrfen. Also, nicht anschreien weil ich b\u00f6se war oder so, und mein Ton war auch gar nicht b\u00f6se. Aber der hatte einen Kopfh\u00f6rerknopf im einen Ohr, daran ein Kabel baumelte, das dann wohl zu einem mp3-Player f\u00fchrte. Ja, und da muss ich doch davon ausgehen, dass das entweder eine H\u00f6rhilfe ist, oder der Sch\u00fcler eventuell abgelenkt ist, so dass das man sehr langsam und deutlich und sehr laut mit dem Sch\u00fcler reden muss, damit er einen versteht.<\/p>\n<p>Ich lie\u00df mir auch ein Geb\u00e4ckteil aufdr\u00e4ngen, das die Verk\u00e4ufer selbst nicht kannten und das ich identifizieren sollte. Flach, in herzf\u00f6rmiger, \u00fcberb\u00e4rentatzengro\u00dfer Form gebacken, stellte es sich dann als \u00fcberraschend und lecker mohngef\u00fcllt heraus.<\/p>\n<p>Heute dann <strong>Wandertag<\/strong>. Allein schon das Wort, so veraltet wie &#8222;Stegreifaufgabe aus dem Deutschen&#8220;. Obwohl ich das ja gern mag; Schule darf gern ein Hort alter Worte sein. Seit Menschengedenken verlangt das eherne Gesetz zwei Wandertage pro Schuljahr. Bei uns sieht das so aus, dass der zweite davon fachlich orientiert ist &#8211; den meisten F\u00e4chern ist eine Jahrgangsstufe zugeordnet, und die Lehrer dieses Faches organisieren dann etwas f\u00fcr die Klassen. Heute war ich bei den 9. Klassen, Religion\/Ethik. Die einen fuhren ins j\u00fcdische Museum, andere in die Synagoge nach Augsburg, glaube ich, und ich war mit einer Klasse im <strong>Stadtmuseum<\/strong> im M\u00fcnchen. Dort gab es eine <strong>Einf\u00fchrung in hebr\u00e4ische Schrift<\/strong>.<\/p>\n<p><img loading=\"lazy\" decoding=\"async\" src=\"https:\/\/www.herr-rau.de\/wordpress\/archiv\/wandertag2011.jpg\" alt=\"\" title=\"wandertag2011\" width=\"540\" height=\"300\" class=\"aligncenter size-full wp-image-3233\" srcset=\"https:\/\/www.herr-rau.de\/wordpress\/archiv\/wandertag2011.jpg 540w, https:\/\/www.herr-rau.de\/wordpress\/archiv\/wandertag2011-150x83.jpg 150w\" sizes=\"auto, (max-width: 540px) 100vw, 540px\" \/><\/p>\n<p>(Das erste Bild ist ein Detail der S-Bahn-Fahrt. Hm. Gegen mp3-Player auf Schulausfl\u00fcgen habe ich etwas. Und B\u00fccher?)<\/p>\n<p>Die Sch\u00fcler kopierten die hebr\u00e4ische Fassung von <em><strong>Harry Potter<\/strong><\/em> (G\u00e4nsekiel, selbstgemachte Tinte) beziehungsweise verzierten ihr Blatt mit dekorativen Elementen (mineralische Pigmente, frisch gemahlen). Wer sich um die eigene Kleidung sorgte, nahm eine Sch\u00fcrze oder ein gro\u00dfes Hemd aus einem Stapel und sch\u00fctze sich damit vor Farbklecksen. Danach teilweise schicker als zuvor.<\/p>\n<p>Ach, die Wandertage. Ich wei\u00df nicht, wieso der so fr\u00fch im Jahr war. Vielleicht weil heute Einschreibung war und das Schulhaus damit leer von Sch\u00fclern. Macht einen aufger\u00e4umteren Eindruck. Allerdings ist jetzt mitten in der Abiturzeit &#8211; die in diesem Jahr doppelt so lang ist &#8211; das beste f\u00fcr alle: Routine, und dazu geh\u00f6rt der Wandertag nicht. Weniger wichtig ist, auch wenn man das oft h\u00f6rt, dass man ja noch Noten machen muss und einem so Unterricht ausf\u00e4llt. \u00dcblicherweise ist der Wandertag nach dem Notenschluss.<\/p>\n<p>Vom diesj\u00e4hrigen Abitur abgesehen bin ich aber f\u00fcr einen fr\u00fchen Wandertag, also mitten im Jahr wie heute. Auch Projekttage geh\u00f6ren mitten ins Schuljahr und nicht ans Ende. Denn was in den letzten zwei Wochen an angeordnetem Programm geschieht, wird doch eh nie richtig ernst genommen.<\/p>\n","protected":false},"excerpt":{"rendered":"<p>(9 Kommentare.) Gestern von fr\u00fch bis sp\u00e4t in der Schule gewesen. Am Wochenende war ich noch etwas frustriert \u00fcber schlechte Ergebnisse und zu viel Korrektur. Aber die Sch\u00fcler am Montagvormittag haben mich dann wieder etwas aufgep\u00e4ppelt, sind halt doch nette Menschen. Und die Sonne hat auch geschienen. Am Nachmittag mit einem Kollegen die Rechner hergerichtet [&hellip;]<\/p>\n","protected":false},"author":2,"featured_media":3233,"comment_status":"open","ping_status":"open","sticky":false,"template":"","format":"standard","meta":{"_jetpack_memberships_contains_paid_content":false,"footnotes":""},"categories":[6],"tags":[179],"class_list":["post-3232","post","type-post","status-publish","format-standard","has-post-thumbnail","hentry","category-schule-alltag","tag-alltag"],"jetpack_featured_media_url":"https:\/\/www.herr-rau.de\/wordpress\/archiv\/wandertag2011.jpg","jetpack_sharing_enabled":true,"jetpack_likes_enabled":true,"_links":{"self":[{"href":"https:\/\/www.herr-rau.de\/wordpress\/wp-json\/wp\/v2\/posts\/3232","targetHints":{"allow":["GET"]}}],"collection":[{"href":"https:\/\/www.herr-rau.de\/wordpress\/wp-json\/wp\/v2\/posts"}],"about":[{"href":"https:\/\/www.herr-rau.de\/wordpress\/wp-json\/wp\/v2\/types\/post"}],"author":[{"embeddable":true,"href":"https:\/\/www.herr-rau.de\/wordpress\/wp-json\/wp\/v2\/users\/2"}],"replies":[{"embeddable":true,"href":"https:\/\/www.herr-rau.de\/wordpress\/wp-json\/wp\/v2\/comments?post=3232"}],"version-history":[{"count":0,"href":"https:\/\/www.herr-rau.de\/wordpress\/wp-json\/wp\/v2\/posts\/3232\/revisions"}],"wp:featuredmedia":[{"embeddable":true,"href":"https:\/\/www.herr-rau.de\/wordpress\/wp-json\/wp\/v2\/media\/3233"}],"wp:attachment":[{"href":"https:\/\/www.herr-rau.de\/wordpress\/wp-json\/wp\/v2\/media?parent=3232"}],"wp:term":[{"taxonomy":"category","embeddable":true,"href":"https:\/\/www.herr-rau.de\/wordpress\/wp-json\/wp\/v2\/categories?post=3232"},{"taxonomy":"post_tag","embeddable":true,"href":"https:\/\/www.herr-rau.de\/wordpress\/wp-json\/wp\/v2\/tags?post=3232"}],"curies":[{"name":"wp","href":"https:\/\/api.w.org\/{rel}","templated":true}]}}