{"id":3444,"date":"2011-10-07T19:06:36","date_gmt":"2011-10-07T17:06:36","guid":{"rendered":"https:\/\/www.herr-rau.de\/wordpress\/?p=3444"},"modified":"2023-05-24T14:14:06","modified_gmt":"2023-05-24T12:14:06","slug":"aergernis-aufsehen-empoerung","status":"publish","type":"post","link":"https:\/\/www.herr-rau.de\/wordpress\/2011\/10\/aergernis-aufsehen-empoerung.htm","title":{"rendered":"\u00c4rgernis, Aufsehen, Emp\u00f6rung"},"content":{"rendered":"<div style='text-align:right;'><small>(<a href='https:\/\/www.herr-rau.de\/wordpress\/2011\/10\/aergernis-aufsehen-empoerung.htm#comments'>7 Kommentare.<\/a>)<\/small> <\/div>\n<p>So beginnt die Pressemitteilung Nr. 227 des Bayerischen Staatsministeriums f\u00fcr Unterricht und Kultus. Passt aber besser auf <a href=\"http:\/\/www.km.bayern.de\/pressemitteilung\/7902\/.html\">Pressemitteilung Nr. 226<\/a>. 4% Stundenausfall am Gymnasium, daf\u00fcr <a href=\"http:\/\/www.teachersnews.net\/artikel\/nachrichten\/regionales\/023240.php\">kaum Unterrichtsausfall an bayerischen Realschulen<\/a>. K\u00f6nnen sicher alle Realschuleltern best\u00e4tigen.<\/p>\n\n\n\n<blockquote class=\"wp-block-quote is-layout-flow wp-block-quote-is-layout-flow\">\n<p>&#8222;Es gibt vielf\u00e4ltige M\u00f6glichkeiten, die den Schulleitungen in Eigenverantwortung zur Sicherung des Unterrichts zur Verf\u00fcgung stehen. Die Eltern k\u00f6nnen zu Recht erwarten, dass die Schulleitungen diese M\u00f6glichkeiten voll aussch\u00f6pfen.&#8220; Zu den M\u00f6glichkeiten z\u00e4hlen u. a. angeordnete Mehrarbeit und Mehrung der Unterrichtsverpflichtung mit anschlie\u00dfender Minderung.<\/p>\n<\/blockquote>\n\n\n\n<p>Ich habe jetzt f\u00fcnf Jahre lang unbezahlt eine Stunde pro Woche mehr gearbeitet &#8211; so wie die meisten meiner Kollegen. Ab diesem Jahr hat das endlich aufgeh\u00f6rt, und da kommt das Ministerium mit solchen Vorschl\u00e4gen. Wie sagt das Sprichwort: nichts h\u00e4lt so lang wie eine provisorische Mehrarbeitsanordnung. Ab n\u00e4chstem Jahr soll ich daf\u00fcr &#8211; so hei\u00dft es &#8211; f\u00fcnf Jahre lang eine Stunde weniger arbeiten m\u00fcssen. Und nat\u00fcrlich spekuliere ich schon seit Jahren, dass p\u00fcnkltich zu dieser Stundenr\u00fcckzahlung eine Erh\u00f6hung der Unterrichtspflichtzahl kommen wird. Die wird jetzt wohl schon mal vorbereitet. K\u00f6nnte man ja auch verbr\u00e4men: es wird nicht etwa von 24 Stunden auf 25 erh\u00f6ht, nein, man erh\u00f6ht einfach auf 24<em>plus<\/em>. Das sind dann 24 Unterrichtsstunden und 1 verpflichtende Vertretungsstunde. (Dass es diese Pr\u00e4senzstunden neben den Aufsichten jetzt schon gibt, wird dabei an der Presse vorbeigehen.)<\/p>\n\n\n\n<p>Das ganze muss nat\u00fcrlich wie Hohn klingen f\u00fcr die Reihen von Referendaren, die auch mit Top-Noten zum letzten Termin nicht eingestellt wurden und zum n\u00e4chsten nicht eingestellt werden. Weil man ja keine Lehrer braucht.<\/p>\n\n\n\n<p>&#8212; Ach ja, Gr\u00fcnde f\u00fcr den Unterrichtsausfall werden in <a href=\"http:\/\/bildungsklick.de\/pm\/80721\/unterrichtsausfall-wird-ohne-zusaetzliche-mittel-und-stellen-weiter-ansteigen\/\">dieser bpv-Pressemitteilung<\/a> angerissen: Nachmittagsunterricht ist schwer zu vertreten (und den gibt es im G8 halt viel); die doppelten Abiturpr\u00fcfungen im letzten Jahr; verpflichtend durchzuf\u00fchrende m\u00fcndliche Schulaufgaben in den modernen Fremdsprachen, die mindestens zwei Pr\u00fcfer erfordern &#8211; \u00fcblicherweise bei jeweils paarweise gepr\u00fcften Sch\u00fclern. Ja, wann soll das ganze denn stattfinden?<\/p>\n","protected":false},"excerpt":{"rendered":"<p>(7 Kommentare.) So beginnt die Pressemitteilung Nr. 227 des Bayerischen Staatsministeriums f\u00fcr Unterricht und Kultus. Passt aber besser auf Pressemitteilung Nr. 226. 4% Stundenausfall am Gymnasium, daf\u00fcr kaum Unterrichtsausfall an bayerischen Realschulen. K\u00f6nnen sicher alle Realschuleltern best\u00e4tigen. &#8222;Es gibt vielf\u00e4ltige M\u00f6glichkeiten, die den Schulleitungen in Eigenverantwortung zur Sicherung des Unterrichts zur Verf\u00fcgung stehen. Die Eltern [&hellip;]<\/p>\n","protected":false},"author":2,"featured_media":0,"comment_status":"open","ping_status":"open","sticky":false,"template":"","format":"standard","meta":{"_jetpack_memberships_contains_paid_content":false,"footnotes":""},"categories":[1],"tags":[130],"class_list":["post-3444","post","type-post","status-publish","format-standard","hentry","category-fundstuecke","tag-bildungsfragen"],"jetpack_featured_media_url":"","jetpack_sharing_enabled":true,"jetpack_likes_enabled":true,"_links":{"self":[{"href":"https:\/\/www.herr-rau.de\/wordpress\/wp-json\/wp\/v2\/posts\/3444","targetHints":{"allow":["GET"]}}],"collection":[{"href":"https:\/\/www.herr-rau.de\/wordpress\/wp-json\/wp\/v2\/posts"}],"about":[{"href":"https:\/\/www.herr-rau.de\/wordpress\/wp-json\/wp\/v2\/types\/post"}],"author":[{"embeddable":true,"href":"https:\/\/www.herr-rau.de\/wordpress\/wp-json\/wp\/v2\/users\/2"}],"replies":[{"embeddable":true,"href":"https:\/\/www.herr-rau.de\/wordpress\/wp-json\/wp\/v2\/comments?post=3444"}],"version-history":[{"count":2,"href":"https:\/\/www.herr-rau.de\/wordpress\/wp-json\/wp\/v2\/posts\/3444\/revisions"}],"predecessor-version":[{"id":57934,"href":"https:\/\/www.herr-rau.de\/wordpress\/wp-json\/wp\/v2\/posts\/3444\/revisions\/57934"}],"wp:attachment":[{"href":"https:\/\/www.herr-rau.de\/wordpress\/wp-json\/wp\/v2\/media?parent=3444"}],"wp:term":[{"taxonomy":"category","embeddable":true,"href":"https:\/\/www.herr-rau.de\/wordpress\/wp-json\/wp\/v2\/categories?post=3444"},{"taxonomy":"post_tag","embeddable":true,"href":"https:\/\/www.herr-rau.de\/wordpress\/wp-json\/wp\/v2\/tags?post=3444"}],"curies":[{"name":"wp","href":"https:\/\/api.w.org\/{rel}","templated":true}]}}