{"id":3552,"date":"2011-12-21T17:36:02","date_gmt":"2011-12-21T16:36:02","guid":{"rendered":"https:\/\/www.herr-rau.de\/wordpress\/?p=3552"},"modified":"2023-05-24T15:04:50","modified_gmt":"2023-05-24T13:04:50","slug":"letzte-schulwoche-2011-notizen","status":"publish","type":"post","link":"https:\/\/www.herr-rau.de\/wordpress\/2011\/12\/letzte-schulwoche-2011-notizen.htm","title":{"rendered":"Letzte Schulwoche 2011, Notizen"},"content":{"rendered":"<div style='text-align:right;'><small>(<a href='https:\/\/www.herr-rau.de\/wordpress\/2011\/12\/letzte-schulwoche-2011-notizen.htm#comments'>4 Kommentare.<\/a>)<\/small> <\/div>\n<p class=\"wp-block-paragraph\">Aus meinem <strong>sp\u00e4rlichen Unterricht<\/strong> habe ich wenig zu berichten. Der Deutschunterricht fehlt mir, da hatte ich Spielraum f\u00fcr Projekte, da gab es mehr vorzuzeigen. Informatik macht schon auch viel Spa\u00df und deutlich weniger Arbeit, aber in den 9. Klassen unterrichte ich das Fach zum ersten Mal, da halte ich mich eher ans Buch. Die 10. Klasse mache ich jetzt zum vierten Mal und scheine endlich eine Reihenfolge gefunden zu haben, mit der ich zufrieden bin und die die Sch\u00fcler nicht zu sehr abschreckt.<\/p>\n\n\n\n<center>***<\/center>\n\n\n\n<p class=\"wp-block-paragraph\">In der <strong>letzten Woche<\/strong> mache ich regul\u00e4r Unterricht, wenn auch nie mit allen Sch\u00fclern &#8211; Konzertproben, Nachholtermine, unerkl\u00e4rte Abwesenheiten. Videofilme und Pl\u00e4tzchen und Lieder gibt es am Freitag, das reicht. Karaoke mit Youtube, denke ich.<\/p>\n\n\n\n<center>***<\/center>\n\n\n\n<p class=\"wp-block-paragraph\">Weihnachten: Zwei <strong>ehemalige Sch\u00fcler<\/strong> haben sich per Mail gemeldet und erz\u00e4hlen vom Studium. (Informatik beziehungsweise Filmhochschule.) Freut mich.<\/p>\n\n\n\n<center>***<\/center>\n\n\n\n<p class=\"wp-block-paragraph\">Habe heute erfolgreich eine Sch\u00fclerin entsetzt, die meine <strong>neue Brille<\/strong> des Ray-Ban-Tums zieh; ich leugnete und verwies auf eine andere, \u00e4hnlich bekannte Marke &#8211; bei der der Optiker so nett war, mir das Logo abzufeilen. Dann habe ich den Sch\u00fclern das Konzept des Sponsoring erkl\u00e4rt: den neuen Kindle Touch gibt es f\u00fcr 100 Dollar mit &#8222;Special Offers &amp; Sponsored Screensavers&#8220;, also Reklame, oder ohne Reklame f\u00fcr 140 Dollar. Skifahrer kriegen Geld daf\u00fcr, dass Markennamen auf Ihrern Anz\u00fcgen prangen. Da werde ich doch nicht kostenlos Werbung laufen f\u00fcr eine Marke.<br>(Ansonsten: Bin ich in der Midlife-Krise, weil ich im letzten halben Jahr mit Bart experimentiert und jetzt eine neue Brille habe? Ist ein Motorrad der n\u00e4chste Schritt?)<\/p>\n\n\n\n<center>***<\/center>\n\n\n\n<p class=\"wp-block-paragraph\">Lehrer werden mehr oder weniger bekanntlich alle vier Jahre beurteilt. F\u00fcr den aktuellen <strong>Beurteilungszeitraum <\/strong>(2011-2014) gilt das nicht mehr nur f\u00fcr die verbeamteten Lehrer bis zu einer bestimmten Altersgrenze, sondern diesmal eben f\u00fcr alle. Eine Feedbackkultur und Personalgespr\u00e4che w\u00e4ren deutlich sinnvoller, zumal v\u00f6llig unklar ist, welche Rolle diese Beurteilungen etwa f\u00fcr angestellte Lehrer haben. Au\u00dferdem wurden die Notenstufe wieder mal ge\u00e4ndert. Es sind weiterhin 7, aber die Bezeichungen sind teilweise neu:<\/p>\n\n\n\n<blockquote class=\"wp-block-quote is-layout-flow wp-block-quote-is-layout-flow\">\n<p class=\"wp-block-paragraph\">HQ in allen Belangen von herausragender Qualit\u00e4t<br>BG erf\u00fcllt Anforderung besonders gut<br>UB \u00fcbersteigt die Anforderungen<br>VE entspricht voll den Anforderungen (fr\u00fcher: entspricht)<br>HM wird Anforderungen in hohem Ma\u00dfe gerecht (fr\u00fcher: im Wesentlichen)<br>MA weist M\u00e4ngel auf<br>IU insgesamt unzureichende Leistungen<\/p>\n<\/blockquote>\n\n\n\n<p class=\"wp-block-paragraph\">Ich nehme mal an, dass die Stufe 5 attraktiver gemacht werden soll, da die jetzt sch\u00f6ner klingt. &#8222;Wird Anforderungen in hohem Ma\u00dfe gerecht&#8220; ist n\u00e4mlich schlecht, weil eben nur hoch und nicht voll oder \u00fcberdr\u00fcber.<\/p>\n\n\n\n<center>***<\/center>\n\n\n\n<p class=\"wp-block-paragraph\">Ich h\u00e4tte gerne einen internen <strong>Referatslehrplan <\/strong>an meiner Schule. Welches Fach in welcher Jahrgangstufe f\u00fcr Referate zust\u00e4ndig ist, und welche Kriterien wichtig sind. Am liebsten h\u00e4tte ich es ja, wenn jeder Sch\u00fcler ein Portfolio h\u00e4tte und mir etwa in der 10. Klasse zeigen k\u00f6nnte, was er in den letzten Jahren alles an sch\u00f6nen Sachen gemacht hat. Scheitert an fehlender Kontinuit\u00e4t der Lehrer, f\u00fcrchte ich, und am mangelnden Interesse der Sch\u00fcler an solch einer Dokumentation.<\/p>\n\n\n\n<center>***<\/center>\n\n\n\n<p class=\"wp-block-paragraph\">Der Unterricht in der Deutsch-Oberstufe ist sehr an den literaturgeschichtlichen Epochen orientiert ist. Sollte man da nicht in der Q11 den Sch\u00fclern beibringen, wie man sich das n\u00f6tige <strong>Wissen um eine Epoche selbstst\u00e4ndig aneignet<\/strong> (lehrergef\u00fchrt durch Klassik, Romantik, Realismus) und wie man \u00fcberpr\u00fcfen kann, ob man genug von einer Epoche wei\u00df, um \u00fcber sie sinnvoll reden zu k\u00f6nnen? Dann k\u00f6nnte man in der Q12 von den Sch\u00fclern verlangen, das an neuen Epochen (Naturalismus, Expressionismus) dann auch selber zu tun. Der Lehrplan sieht das nicht vor und l\u00e4sst wenig Zeit dazu, und Zeit w\u00fcrde das brauchen.<\/p>\n","protected":false},"excerpt":{"rendered":"<p>(4 Kommentare.) Aus meinem sp\u00e4rlichen Unterricht habe ich wenig zu berichten. Der Deutschunterricht fehlt mir, da hatte ich Spielraum f\u00fcr Projekte, da gab es mehr vorzuzeigen. Informatik macht schon auch viel Spa\u00df und deutlich weniger Arbeit, aber in den 9. Klassen unterrichte ich das Fach zum ersten Mal, da halte ich mich eher ans Buch. [&hellip;]<\/p>\n","protected":false},"author":2,"featured_media":0,"comment_status":"open","ping_status":"open","sticky":false,"template":"","format":"standard","meta":{"footnotes":""},"categories":[6,4],"tags":[179],"class_list":["post-3552","post","type-post","status-publish","format-standard","hentry","category-schule-alltag","category-schule-mal-machen","tag-alltag"],"_links":{"self":[{"href":"https:\/\/www.herr-rau.de\/wordpress\/wp-json\/wp\/v2\/posts\/3552","targetHints":{"allow":["GET"]}}],"collection":[{"href":"https:\/\/www.herr-rau.de\/wordpress\/wp-json\/wp\/v2\/posts"}],"about":[{"href":"https:\/\/www.herr-rau.de\/wordpress\/wp-json\/wp\/v2\/types\/post"}],"author":[{"embeddable":true,"href":"https:\/\/www.herr-rau.de\/wordpress\/wp-json\/wp\/v2\/users\/2"}],"replies":[{"embeddable":true,"href":"https:\/\/www.herr-rau.de\/wordpress\/wp-json\/wp\/v2\/comments?post=3552"}],"version-history":[{"count":3,"href":"https:\/\/www.herr-rau.de\/wordpress\/wp-json\/wp\/v2\/posts\/3552\/revisions"}],"predecessor-version":[{"id":57943,"href":"https:\/\/www.herr-rau.de\/wordpress\/wp-json\/wp\/v2\/posts\/3552\/revisions\/57943"}],"wp:attachment":[{"href":"https:\/\/www.herr-rau.de\/wordpress\/wp-json\/wp\/v2\/media?parent=3552"}],"wp:term":[{"taxonomy":"category","embeddable":true,"href":"https:\/\/www.herr-rau.de\/wordpress\/wp-json\/wp\/v2\/categories?post=3552"},{"taxonomy":"post_tag","embeddable":true,"href":"https:\/\/www.herr-rau.de\/wordpress\/wp-json\/wp\/v2\/tags?post=3552"}],"curies":[{"name":"wp","href":"https:\/\/api.w.org\/{rel}","templated":true}]}}