{"id":3629,"date":"2012-02-01T12:35:25","date_gmt":"2012-02-01T11:35:25","guid":{"rendered":"https:\/\/www.herr-rau.de\/wordpress\/?p=3629"},"modified":"2012-02-01T14:34:04","modified_gmt":"2012-02-01T13:34:04","slug":"ueberstunden-machen","status":"publish","type":"post","link":"https:\/\/www.herr-rau.de\/wordpress\/2012\/02\/ueberstunden-machen.htm","title":{"rendered":"\u00dcberstunden machen"},"content":{"rendered":"<div style='text-align:right;'><small>(<a href='https:\/\/www.herr-rau.de\/wordpress\/2012\/02\/ueberstunden-machen.htm#comments'>107 Kommentare.<\/a>)<\/small> <\/div><p>Seit der Ver\u00f6ffentlichung einer Statistik, laut der im letzten Jahr an Bayerns Gymnasien zu viele Stunden unvertreten ausfallen, also jedenfalls deutlich mehr als an der Realschule, dr\u00e4ngt das Kultusministerium, dass solche Statistiken in Zukunft nicht zustande kommen sollen. (Wir ignorieren die besondere Situation am Gymnasium mit dem doppelten Abiturjahrgang und anderen Fr\u00f6hlichkeiten.) Also muss die Zahl der vertretenen Stunden steigen.<\/p>\n<p>Meinen Plan, in den vermehrten Vertretungsstunden systematisch Verkehrserziehung mit alten FWU-Filmen aus dem letzten Jahrtausend zu treiben, habe ich leider noch nicht in die Tat umgesetzt. Aufgegeben habe ich ihn noch nicht; ich erinnere mich an regelm\u00e4\u00dfige Dienstvorschl\u00e4ge, man solle doch Vertretungsstunden dazu nutzen. (Das, und die Liebe zur bayerischen Heimat wecken, irgend so etwas.)<\/p>\n<p>Zus\u00e4tzliche Stunden werden Lehrern \u00fcbrigens als \u00dcberstunden bezahlt. Viel Geld gibt es nicht daf\u00fcr, f\u00fcnfzehn Euro die Stunde, sch\u00e4tze ich mal &#8211; ich wei\u00df es nicht, ich habe seit dem Referendariat keine \u00dcberstunden mehr gez\u00e4hlt und eingereicht. Das \u00e4ndert sich jetzt nat\u00fcrlich, und ich hoffe, m\u00f6glichst viele Kollegen am Gymnasium machen das so \u00e4hnlich und schreiben sich die \u00dcberstunden auf. Das ist zwar immer noch billiger, als ausreichend Lehrkr\u00e4fte einzustellen, aber ganz so billig wie in den letzten Jahren will ich meine Arbeitskraft nicht mehr hergeben.<\/p>\n<p>Bezahlt werden allerdings nicht alle dieser Stunden. Sondern:<br \/>\n1. Man muss mindestens vier \u00dcberstunden im Kalendermonat haben, erst dann werden &#8211; dann aber auch alle davon &#8211; bezahlt.<br \/>\n2. Wenn einem eine Stunde ausf\u00e4llt, weil die Klasse etwa auf eine Exkursion ist und man stattdessen im Lehrerzimmer Kaffee trinkt, dann gilt das als Freizeitausgleich und wird mit der Anzahl an \u00dcberstunden in diesem Monat verrechnet. <\/p>\n<p>(Au\u00dferdem z\u00e4hlt die fixe Pr\u00e4senzstunde, die man w\u00f6chentlich an der Schule verbringt, nur dann als \u00dcberstunde, wenn man tats\u00e4chlich zur Vertretung eingesetzt wird.)<\/p>\n<p>Im Januar habe ich netto 6 solcher \u00dcberstunden gehalten, die lasse ich mir jetzt auszahlen. Ich benutze nat\u00fcrlich ein sch\u00f6nes Formuler, <strong>&#8222;F\u00fcr geleistete Dienste&#8220;<\/strong>, und: <strong>&#8222;erlaube ich mir zu berechnen&#8220;<\/strong>, auch wenn das nur zur Erheiterung von Sekretariat und Schulleitung dient. Heiterkeit ist ja nicht zu untersch\u00e4tzen.<\/p>\n","protected":false},"excerpt":{"rendered":"<p>(107 Kommentare.) Seit der Ver\u00f6ffentlichung einer Statistik, laut der im letzten Jahr an Bayerns Gymnasien zu viele Stunden unvertreten ausfallen, also jedenfalls deutlich mehr als an der Realschule, dr\u00e4ngt das Kultusministerium, dass solche Statistiken in Zukunft nicht zustande kommen sollen. (Wir ignorieren die besondere Situation am Gymnasium mit dem doppelten Abiturjahrgang und anderen Fr\u00f6hlichkeiten.) Also [&hellip;]<\/p>\n","protected":false},"author":2,"featured_media":0,"comment_status":"open","ping_status":"open","sticky":false,"template":"","format":"standard","meta":{"_jetpack_memberships_contains_paid_content":false,"footnotes":""},"categories":[6],"tags":[130],"class_list":["post-3629","post","type-post","status-publish","format-standard","hentry","category-schule-alltag","tag-bildungsfragen"],"jetpack_featured_media_url":"","jetpack_sharing_enabled":true,"jetpack_likes_enabled":true,"_links":{"self":[{"href":"https:\/\/www.herr-rau.de\/wordpress\/wp-json\/wp\/v2\/posts\/3629","targetHints":{"allow":["GET"]}}],"collection":[{"href":"https:\/\/www.herr-rau.de\/wordpress\/wp-json\/wp\/v2\/posts"}],"about":[{"href":"https:\/\/www.herr-rau.de\/wordpress\/wp-json\/wp\/v2\/types\/post"}],"author":[{"embeddable":true,"href":"https:\/\/www.herr-rau.de\/wordpress\/wp-json\/wp\/v2\/users\/2"}],"replies":[{"embeddable":true,"href":"https:\/\/www.herr-rau.de\/wordpress\/wp-json\/wp\/v2\/comments?post=3629"}],"version-history":[{"count":0,"href":"https:\/\/www.herr-rau.de\/wordpress\/wp-json\/wp\/v2\/posts\/3629\/revisions"}],"wp:attachment":[{"href":"https:\/\/www.herr-rau.de\/wordpress\/wp-json\/wp\/v2\/media?parent=3629"}],"wp:term":[{"taxonomy":"category","embeddable":true,"href":"https:\/\/www.herr-rau.de\/wordpress\/wp-json\/wp\/v2\/categories?post=3629"},{"taxonomy":"post_tag","embeddable":true,"href":"https:\/\/www.herr-rau.de\/wordpress\/wp-json\/wp\/v2\/tags?post=3629"}],"curies":[{"name":"wp","href":"https:\/\/api.w.org\/{rel}","templated":true}]}}