{"id":3638,"date":"2012-02-08T18:19:47","date_gmt":"2012-02-08T17:19:47","guid":{"rendered":"https:\/\/www.herr-rau.de\/wordpress\/?p=3638"},"modified":"2013-05-05T21:15:38","modified_gmt":"2013-05-05T19:15:38","slug":"ich-bin-ja-so-stolz-auf-unsere-neuntklaessler","status":"publish","type":"post","link":"https:\/\/www.herr-rau.de\/wordpress\/2012\/02\/ich-bin-ja-so-stolz-auf-unsere-neuntklaessler.htm","title":{"rendered":"Ich bin ja so stolz auf unsere Neuntkl\u00e4ssler&#8230;"},"content":{"rendered":"<div style='text-align:right;'><small>(<a href='https:\/\/www.herr-rau.de\/wordpress\/2012\/02\/ich-bin-ja-so-stolz-auf-unsere-neuntklaessler.htm#comments'>6 Kommentare.<\/a>)<\/small> <\/div><p>&#8230;heute hielt im Rahmen einer Veranstaltungsreihe zum sicheren Umgang mit den neuen Medien (organisiert vom Elternbeirat, in vorigen Jahren gab es das zum Beispiel zu Essst\u00f6rungen) ein Referent einen Vortrag vor Neuntkl\u00e4sslern. Ein Polizist und letztlich forensischer Computertechniker, wenn ich ihn recht verstanden habe.<\/p>\n<p>(Ich habe ihn nicht angesprochen auf die <a href=\"http:\/\/www.lawblog.de\/index.php\/archives\/2012\/02\/02\/monitor-und-tastatur\/\">Geschichte von den Polizisten<\/a>, die bei der Hausdurchsuchung nur Monitor und Tastatur gefunden haben und keinen Rechner. Ich sag nur: iMac.)<\/p>\n<p>Der Vortrag war schon in Ordnung. Keine \u00fcbertriebene Warnung vor Fotos bei Facebook, wegen denen man dann nie eine Stelle finden wird; eine Warnung vor Abofallen; Hinweise darauf, wie man seri\u00f6se Seiten erkennt. Angesprochen wurden auch Tauschb\u00f6rsen und das Urheberrecht, und da waren einige Sch\u00fcler schon nicht ganz unkundig. Richtig stolz war ich, als der Referent gefragt wurde, was er den von SOPA und ACTA hielte&#8230; da blieb leider keine Zeit f\u00fcr eine Antwort; das h\u00e4tte wohl f\u00fcr einen Gro\u00dfteil der Sch\u00fcler Erkl\u00e4rung erfordert vorbeigegangen und die ganzen 90 Minuten f\u00fcllen k\u00f6nnen. Aber es ist sch\u00f6n, dass es ein paar Sch\u00fcler gibt, die etwas damit anfangen k\u00f6nnen. <\/p>\n<p>Eine Beispiel des Referenten f\u00fcr das Verhalten der Politik, von mir jetzt sehr vereinfacht, war: wenn es zu viel Gewalt im Web gibt, sagen wir, dann fordern die Eltern, dass die Kinder gesch\u00fctzt werden, und darauf muss die Politik reagieren, sonst werden die Politiker nicht mehr gew\u00e4hlt. Zumindest bei SOPA, ACTA, Zensursula sehe ich aber nicht den B\u00fcrger, der diese W\u00fcnsche an die Politik herantr\u00e4gt. <\/p>\n<p>Aber, wie gesagt, war schon okay. \u00dcbertriebene Warnungen nimmt ein Jugendlicher heute genauso wenig ernst wie ich damals in den Junior-Apothekenheften die Warnungen vor den Suchtgefahren jener Jahre.<\/p>\n<p>Schon wichtig ist bei solchen Vortr\u00e4gen, dass die Sch\u00fcler darauf hingewiesen werden, dass sie im Internet immer in der \u00d6ffentlichkeit stehen und \u00f6ffentlich handeln, im Prinzip auch bei noch so privat geglaubten Facebook-Einstellungen. Dass sie deshalb aufpassen m\u00fcssen, was sie dort tun. Das ist richtig und wichtig. Ich vermisse allerdings meist den Aspekt, dass es auch ein gute Sache ist, sich in der \u00d6ffentlichkeit zu bewegen, \u00f6ffentlich Stellung zu beziehen und am \u00f6ffentlichen Gespr\u00e4ch teilzunehmen. Auch schon als Sch\u00fcler, selbst wenn die \u00d6ffentlichkeit da nur so klein ist wie eine Klasse oder eine Schule.<\/p>\n","protected":false},"excerpt":{"rendered":"<p>(6 Kommentare.) &#8230;heute hielt im Rahmen einer Veranstaltungsreihe zum sicheren Umgang mit den neuen Medien (organisiert vom Elternbeirat, in vorigen Jahren gab es das zum Beispiel zu Essst\u00f6rungen) ein Referent einen Vortrag vor Neuntkl\u00e4sslern. Ein Polizist und letztlich forensischer Computertechniker, wenn ich ihn recht verstanden habe. (Ich habe ihn nicht angesprochen auf die Geschichte von [&hellip;]<\/p>\n","protected":false},"author":2,"featured_media":0,"comment_status":"open","ping_status":"open","sticky":false,"template":"","format":"standard","meta":{"_jetpack_memberships_contains_paid_content":false,"footnotes":""},"categories":[6],"tags":[208,179],"class_list":["post-3638","post","type-post","status-publish","format-standard","hentry","category-schule-alltag","tag-netzpolitik","tag-alltag"],"jetpack_featured_media_url":"","jetpack_sharing_enabled":true,"jetpack_likes_enabled":true,"_links":{"self":[{"href":"https:\/\/www.herr-rau.de\/wordpress\/wp-json\/wp\/v2\/posts\/3638","targetHints":{"allow":["GET"]}}],"collection":[{"href":"https:\/\/www.herr-rau.de\/wordpress\/wp-json\/wp\/v2\/posts"}],"about":[{"href":"https:\/\/www.herr-rau.de\/wordpress\/wp-json\/wp\/v2\/types\/post"}],"author":[{"embeddable":true,"href":"https:\/\/www.herr-rau.de\/wordpress\/wp-json\/wp\/v2\/users\/2"}],"replies":[{"embeddable":true,"href":"https:\/\/www.herr-rau.de\/wordpress\/wp-json\/wp\/v2\/comments?post=3638"}],"version-history":[{"count":0,"href":"https:\/\/www.herr-rau.de\/wordpress\/wp-json\/wp\/v2\/posts\/3638\/revisions"}],"wp:attachment":[{"href":"https:\/\/www.herr-rau.de\/wordpress\/wp-json\/wp\/v2\/media?parent=3638"}],"wp:term":[{"taxonomy":"category","embeddable":true,"href":"https:\/\/www.herr-rau.de\/wordpress\/wp-json\/wp\/v2\/categories?post=3638"},{"taxonomy":"post_tag","embeddable":true,"href":"https:\/\/www.herr-rau.de\/wordpress\/wp-json\/wp\/v2\/tags?post=3638"}],"curies":[{"name":"wp","href":"https:\/\/api.w.org\/{rel}","templated":true}]}}