{"id":3853,"date":"2012-07-21T11:18:11","date_gmt":"2012-07-21T09:18:11","guid":{"rendered":"https:\/\/www.herr-rau.de\/wordpress\/?p=3853"},"modified":"2013-05-05T21:19:08","modified_gmt":"2013-05-05T19:19:08","slug":"facebook-und-schule-und-datenschutz-und-urheberrecht-und-paedagogisches-handeln","status":"publish","type":"post","link":"https:\/\/www.herr-rau.de\/wordpress\/2012\/07\/facebook-und-schule-und-datenschutz-und-urheberrecht-und-paedagogisches-handeln.htm","title":{"rendered":"Facebook und Schule und Datenschutz und Urheberrecht und p\u00e4dagogisches Handeln"},"content":{"rendered":"<div style='text-align:right;'><small>(<a href='https:\/\/www.herr-rau.de\/wordpress\/2012\/07\/facebook-und-schule-und-datenschutz-und-urheberrecht-und-paedagogisches-handeln.htm#comments'>16 Kommentare.<\/a>)<\/small> <\/div><p>Seit das Kultusministerium Urheberrecht und Datenschutz zu entdecken beginnt, passiert Einiges.<\/p>\n<p>Zum Beispiel gibt es einen zentralen <strong>Materialpool <\/strong>f\u00fcr schulinterne Jahrgangsstufenarbeiten im Fach Deutsch. Das ist praktisch: Solche Arbeiten sind aufw\u00e4ndig zu erstellen, und wenn man dann einen Nachschreiber hat, kann man eine geeignete Arbeit aus dem Pool nehmen und anpassen. Nat\u00fcrlich muss es auch genug eigene Arbeiten geben, die man in den Pool stellt; deshalb haben auch nur die Fachbetreuer Zugang dazu. Laut dem aktuellen Kontaktbrief Deutsch kann man diese Praxis so nicht fortsetzen: Aufgaben und L\u00f6sungen k\u00f6nne man gerne weiter per Mail einreichen, die Texte dazu aber nicht, sondern per Post. In einem Brief. &#8222;Da ein Digitalisieren der verwendeten <em>Texte<\/em> und ein Verschicken per E-Mail hingegen nicht m\u00f6glich ist.&#8220;<br \/>\nPer <em>Post<\/em>? Ich w\u00fcsste auch nicht, warum das Digitalisieren und Versenden ein Problem sein sollte &#8211; das <em>Ver\u00f6ffentlichen<\/em> in digitaler oder anderer Form ist es allenfalls. <\/p>\n<p><strong>USB-Sticks:<\/strong> Bald wird man wohl offiziell zu h\u00f6ren kriegen, dass in Bayern die USB-Sticks der Lehrer verschl\u00fcsselt werden m\u00fcssen, empfohlen wird TrueCrypt. Das verwende ich auch, zu Hause. Macht eigentlich schon Sinn, wenn man Sch\u00fclerdaten auf dem Stick hat. Das habe ich selten, und den Stick eh am Schl\u00fcsselbund. Ich sehe allerdings keine Zukunft, in der meine Kollegen TrueCrypt verwenden werden, auch nicht nach der erfolgten Einweisung etwa zu Anfang des n\u00e4chsten Schuljahrs.<br \/>\nAu\u00dferdem transportiert man die Daten doch eh via unverschl\u00fcsselter Mail oder Dropbox.<\/p>\n<p><strong>Facebook und Schule:<\/strong> Anscheinend werden die neu ernannten Datenschutzbeauftragten der Gymnasien bald mitteilen, dass schulische Facebook-Verwendung dienstlich verboten ist. Ich selber habe die Belehrung noch nicht geh\u00f6rt, kommt aber wohl noch, und bin schon gespannt auf die Details. (<a href=\"https:\/\/www.herr-rau.de\/wordpress\/2012\/05\/schueler-lehrer-internet.htm\">Hier habe ich schon mal<\/a> \u00fcber Facebook  und Schule nachgedacht.) Keine SMV- oder AG- oder Chor-Gruppen mehr, keine Gruppe bei Sch\u00fcleraustausch &#8211; das hei\u00dft, f\u00fcr Eltern und Sch\u00fcler der beteiligten Schulen nat\u00fcrlich schon, nur Lehrer m\u00fcssen drau\u00dfen bleiben. Die Begr\u00fcndung sei wohl, dass die Daten im Ausland l\u00e4gen, und das ginge dann nicht. Hm. Ich verwende Facebook nicht f\u00fcr die Schule, aber aus anderen Gr\u00fcnden.<br \/>\nSolche Entscheidungen werden getroffen von \u00fcbervorsichtigen Anw\u00e4lten (immerhin, daf\u00fcr werden sie bezahlt) und von Leuten, die Facebook genauso wenig nutzen wie andere Kommunikationsmittel, und sich gar nicht vorstellen k\u00f6nnen, dass das sinnvoll sein kann.<br \/>\nGilt das auch f\u00fcr Google+, oder ist das eine Lex Facebook? Stattdessen wird das bayerneigene Moodle empfohlen. Wie gesagt, bin schon gespannt auf Details &#8211; bis jetzt habe ich das alles nur aus zweiter Hand geh\u00f6rt.<\/p>\n<p>Klar muss man sich allerdings tats\u00e4chlich dar\u00fcber sein: wenn man irgendwelche Daten irgendwo auf einem fremden Server speichert, werden die dort durchsucht. (<a href=\"https:\/\/netzpolitik.org\/2012\/skydrive-microsoft-durchsucht-nutzer-daten-in-der-cloud-nach-agb-verletzungen-und-sperrt-accounts\/\">Clouddaten bei Microsoft etwa.<\/a>) <\/p>\n","protected":false},"excerpt":{"rendered":"<p>(16 Kommentare.) Seit das Kultusministerium Urheberrecht und Datenschutz zu entdecken beginnt, passiert Einiges. Zum Beispiel gibt es einen zentralen Materialpool f\u00fcr schulinterne Jahrgangsstufenarbeiten im Fach Deutsch. Das ist praktisch: Solche Arbeiten sind aufw\u00e4ndig zu erstellen, und wenn man dann einen Nachschreiber hat, kann man eine geeignete Arbeit aus dem Pool nehmen und anpassen. Nat\u00fcrlich muss [&hellip;]<\/p>\n","protected":false},"author":2,"featured_media":0,"comment_status":"open","ping_status":"open","sticky":false,"template":"","format":"standard","meta":{"_jetpack_memberships_contains_paid_content":false,"footnotes":""},"categories":[1],"tags":[130,114],"class_list":["post-3853","post","type-post","status-publish","format-standard","hentry","category-fundstuecke","tag-bildungsfragen","tag-urheberrecht"],"jetpack_featured_media_url":"","jetpack_sharing_enabled":true,"jetpack_likes_enabled":true,"_links":{"self":[{"href":"https:\/\/www.herr-rau.de\/wordpress\/wp-json\/wp\/v2\/posts\/3853","targetHints":{"allow":["GET"]}}],"collection":[{"href":"https:\/\/www.herr-rau.de\/wordpress\/wp-json\/wp\/v2\/posts"}],"about":[{"href":"https:\/\/www.herr-rau.de\/wordpress\/wp-json\/wp\/v2\/types\/post"}],"author":[{"embeddable":true,"href":"https:\/\/www.herr-rau.de\/wordpress\/wp-json\/wp\/v2\/users\/2"}],"replies":[{"embeddable":true,"href":"https:\/\/www.herr-rau.de\/wordpress\/wp-json\/wp\/v2\/comments?post=3853"}],"version-history":[{"count":1,"href":"https:\/\/www.herr-rau.de\/wordpress\/wp-json\/wp\/v2\/posts\/3853\/revisions"}],"predecessor-version":[{"id":3854,"href":"https:\/\/www.herr-rau.de\/wordpress\/wp-json\/wp\/v2\/posts\/3853\/revisions\/3854"}],"wp:attachment":[{"href":"https:\/\/www.herr-rau.de\/wordpress\/wp-json\/wp\/v2\/media?parent=3853"}],"wp:term":[{"taxonomy":"category","embeddable":true,"href":"https:\/\/www.herr-rau.de\/wordpress\/wp-json\/wp\/v2\/categories?post=3853"},{"taxonomy":"post_tag","embeddable":true,"href":"https:\/\/www.herr-rau.de\/wordpress\/wp-json\/wp\/v2\/tags?post=3853"}],"curies":[{"name":"wp","href":"https:\/\/api.w.org\/{rel}","templated":true}]}}