{"id":436,"date":"2005-11-22T09:06:40","date_gmt":"2005-11-22T08:06:40","guid":{"rendered":"https:\/\/www.herr-rau.de\/wordpress\/?p=436"},"modified":"2025-12-29T08:09:25","modified_gmt":"2025-12-29T07:09:25","slug":"vertretungsplanung","status":"publish","type":"post","link":"https:\/\/www.herr-rau.de\/wordpress\/2005\/11\/vertretungsplanung.htm","title":{"rendered":"Vertretungsplanung"},"content":{"rendered":"<div style='text-align:right;'><small>(<a href='https:\/\/www.herr-rau.de\/wordpress\/2005\/11\/vertretungsplanung.htm#comments'>9 Kommentare.<\/a>)<\/small> <\/div><p>Grummelgrummel. Jetzt habe ich mich schon wieder beruhigt, aber ein paar Tage lange hat mich die Stundenvertreterei diese Woche genervt.<\/p>\n<p>Ganz allgemein: Immer wieder k\u00f6nnen Lehrer ihre Stunden nicht halten. Das ist normal und nicht g\u00e4nzlich zu \u00e4ndern; ob und wie man das reduzieren kann, ist ein anderes Thema. Zu den Gr\u00fcnden geh\u00f6ren vor allem Erkrankung, schulische Unternehmungen und Fortbildungen. Schulische Unternehmungen k\u00f6nnen mehr oder weniger nur w\u00e4hrend der Schulzeit stattfinden &#8211; Skilager, Schullandheim, Exkursionen, Projekttage, Klassenfahrten, Sch\u00fcleraustausch. Nur dann haben die Sch\u00fcler Zeit; nur dann kann die Teilnahme vorgeschrieben und verpflichtend sein.<\/p>\n<p>Bis zu einer bestimmten Jahrgangsstufe (die m\u00f6glicherweise von Schule zu Schule verschieden ist) d\u00fcrfen Sch\u00fcler nicht unbeaufsichtigt in ihren Klassenzimmern bleiben, wenn der Lehrer ausf\u00e4llt. Also muss ein anderer Lehrer in diese Klasse, der zu dieser Zeit keinen Unterricht hat. Im Idealfall unterrichtet dabei ein anderer Lehrer dieser Klasse (und macht seinen eigenen Fachunterricht), oder der Fachlehrer hat Aufgaben zur\u00fcckgelassen, die die Sch\u00fcler selbstst\u00e4ndig (aber eben unter Aufsicht) bearbeiten. Am ung\u00fcnstigsten ist es, und das ist wohl ein h\u00e4ufiger Fall, wenn ein Lehrer kurzfristig in diese Stunde muss und die Sch\u00fcler die Zeit nutzen, um irgendwelche Hausaufgaben zu erledigen &#8211; oder Karten zu spielen.<br \/>\nManchmal schiebt man auch Stunden hin und her, bis die zu vertretende Stunde eine Randstunde ist. Dann kann man die Sch\u00fcler n\u00e4mlich einfach fr\u00fcher nach Hause schicken.<\/p>\n<p>Konkret und Ursache des Grummelns: Dienstags habe ich nachmittags Unterricht bis 16.30 Uhr, fange daf\u00fcr aber auch erst um 11.30 Uhr an. Letzten Montag erfahre ich, dass meine Stunden verschoben werden, da eine Lehrerstunde ausf\u00e4llt, so dass ich schon um 9.30 Uhr anfange. (An dem Tag war das besonders l\u00e4stig, da danach noch eine Abendveranstaltung des Elternbeirats war. Zu der habe ich es dann auch nicht mehr geschafft, zumal ich am Tag darauf eine Arbeitsgruppe f\u00fcr den <a href=\"https:\/\/www.herr-rau.de\/wordpress\/2005\/04\/paedagogischer-tag.htm\">P\u00e4dagogischen Tag<\/a> vorbereiten musste.) Ich hatte also nicht mehr Stunden zu unterrichten oder mehr Sch\u00fcler zu beaufsichtigen, sondern musste nur zwei Zeitstunden l\u00e4nger in der Schule bleiben.<br \/>\nAm Donnerstag habe ich bereits um 10.30 Uhr keinen Unterricht mehr und kann dann endlich zu arbeiten anfangen (siehe unten). Letzten Donnerstag um neun erfahre ich, dass meine dritte Stunde auf die vierte verlegt wird, so dass ich erst um 11.15 Uhr nach Hause kann. Auch an diesem Tag war abends eine Veranstaltung an der Schule (Sprechtag der 5. Klassen) und ich hatte den Nachmittag bereits verplant. Grummelgrummel.<\/p>\n<p>Was ist daran ung\u00fcnstig? Der Mittelpunkt meiner beruflichen Arbeit ist zu Hause in meinem Arbeitszimmer. So ist das zumindest offiziell, deswegen k\u00f6nnen Lehrer auch tats\u00e4chlich noch ein Arbeitszimmer von der Steuer absetzen. Und da ist auch praktisch was dran. Das Unterrichten macht n\u00e4mlich am wenigsten Arbeit und am meisten Freude &#8211; was Arbeit macht, ist das Vor- und Nachbereiten zu Hause, ach was: das Korrigieren.<br \/>\nZwei Stunden mehr in der Schule sind also zwei Stunden, die direkt von meiner Arbeitszeit weggehen. Denn in der Schule gibt es aus organisatorischen, r\u00e4umlichen und finanziellen Gr\u00fcnden keinen geeigneten Arbeitsplatz f\u00fcr Lehrer, obwohl man nat\u00fcrlich schon ein bisschen arbeiten kann.<\/p>\n<p>Trotzdem und r\u00fcckblickend: Die Verschieberei am letzten Dienstag und Donnerstag war zwar l\u00e4stig und hat mir Arbeitszeit gestohlen, aber m\u00f6glicherweise war es wirklich die beste L\u00f6sung. Die Alternative w\u00e4re gewesen, die Stunde des abwesenden Lehrers nicht zu verschieben, sondern regul\u00e4r vertreten zu lassen von einem zuf\u00e4llig anwesenden Lehrer in dessen L\u00fcckenstunde. Der Lehrer h\u00e4tte eine zus\u00e4tzliche Vertretungsstunde gehabt (statt eine Freistunde), aber niemand w\u00e4re sp\u00e4ter nach Hause an den Mittelpunkt der beruflichen Arbeit gekommen &#8211; andererseits h\u00e4tten die Sch\u00fcler eine Vertretungsstunde gehabt, statt eine Schulstunde fr\u00fcher nach Hause zu kommen. (Was durch die Verschieberei m\u00f6glich geworden war.)<\/p>\n<p>G\u00fcterabw\u00e4gung also. Was ist mehr wert: Zwei Stunden meiner Arbeitszeit zu Hause, oder eine Vertretungs- statt Freistunde f\u00fcr einen Kollegen + 30 Sch\u00fcler kommen 45 Minuten fr\u00fcher nach Hause?<\/p>\n<p>Grummelgrummel.<\/p>\n<p>Die Zeit der Sch\u00fcler.<\/p>\n<p>Grummelgrummel.<\/p>\n<p>Aber k\u00f6nnen die nicht ihre Vertretungsstunde an der Schule sinnvoll nutzen? Viel sinnvoller als ich meine zwei Herumh\u00e4ngstunden?<\/p>\n<p>Nein, wohl nicht.<\/p>\n<p>Grummelgrummel.<\/p>\n<p>Wenn die Sch\u00fcler ihre Vertretungsstunde sinnvoller nutzen k\u00f6nnten, s\u00e4he das anders aus.<br \/>\nWenn ich meine zwei Stunden an der Schule sinnvoller nutzen k\u00f6nnte, s\u00e4he das anders aus.<\/p>\n<p>Also m\u00fcsste ein Arbeitsplatz f\u00fcr Lehrer an den Schulen eingerichtet werden, oder Vertretungsstunden noch sinnvoller genutzt werden.<\/p>\n<p>Womit ich mir jetzt eben selber dialektisch ein Bein gestellt habe und keinen Grund mehr zum Grummeln habe. Ich finde es immer wieder spannend, wie man durch \u00dcberlegung und das Betrachten aus anderen Perspektiven tats\u00e4chlich seine Meinung \u00e4ndern kann.<\/p>\n","protected":false},"excerpt":{"rendered":"<p>(9 Kommentare.) Grummelgrummel. Jetzt habe ich mich schon wieder beruhigt, aber ein paar Tage lange hat mich die Stundenvertreterei diese Woche genervt. Ganz allgemein: Immer wieder k\u00f6nnen Lehrer ihre Stunden nicht halten. Das ist normal und nicht g\u00e4nzlich zu \u00e4ndern; ob und wie man das reduzieren kann, ist ein anderes Thema. Zu den Gr\u00fcnden geh\u00f6ren [&hellip;]<\/p>\n","protected":false},"author":2,"featured_media":0,"comment_status":"open","ping_status":"open","sticky":false,"template":"","format":"standard","meta":{"_jetpack_memberships_contains_paid_content":false,"footnotes":""},"categories":[6],"tags":[335],"class_list":["post-436","post","type-post","status-publish","format-standard","hentry","category-schule-alltag","tag-vertretungsplan"],"jetpack_featured_media_url":"","jetpack_sharing_enabled":true,"jetpack_likes_enabled":true,"_links":{"self":[{"href":"https:\/\/www.herr-rau.de\/wordpress\/wp-json\/wp\/v2\/posts\/436","targetHints":{"allow":["GET"]}}],"collection":[{"href":"https:\/\/www.herr-rau.de\/wordpress\/wp-json\/wp\/v2\/posts"}],"about":[{"href":"https:\/\/www.herr-rau.de\/wordpress\/wp-json\/wp\/v2\/types\/post"}],"author":[{"embeddable":true,"href":"https:\/\/www.herr-rau.de\/wordpress\/wp-json\/wp\/v2\/users\/2"}],"replies":[{"embeddable":true,"href":"https:\/\/www.herr-rau.de\/wordpress\/wp-json\/wp\/v2\/comments?post=436"}],"version-history":[{"count":1,"href":"https:\/\/www.herr-rau.de\/wordpress\/wp-json\/wp\/v2\/posts\/436\/revisions"}],"predecessor-version":[{"id":67832,"href":"https:\/\/www.herr-rau.de\/wordpress\/wp-json\/wp\/v2\/posts\/436\/revisions\/67832"}],"wp:attachment":[{"href":"https:\/\/www.herr-rau.de\/wordpress\/wp-json\/wp\/v2\/media?parent=436"}],"wp:term":[{"taxonomy":"category","embeddable":true,"href":"https:\/\/www.herr-rau.de\/wordpress\/wp-json\/wp\/v2\/categories?post=436"},{"taxonomy":"post_tag","embeddable":true,"href":"https:\/\/www.herr-rau.de\/wordpress\/wp-json\/wp\/v2\/tags?post=436"}],"curies":[{"name":"wp","href":"https:\/\/api.w.org\/{rel}","templated":true}]}}