{"id":5777,"date":"2013-09-19T20:57:39","date_gmt":"2013-09-19T18:57:39","guid":{"rendered":"https:\/\/www.herr-rau.de\/wordpress\/?p=5777"},"modified":"2023-06-15T07:04:43","modified_gmt":"2023-06-15T05:04:43","slug":"erste-schulwoche-2013","status":"publish","type":"post","link":"https:\/\/www.herr-rau.de\/wordpress\/2013\/09\/erste-schulwoche-2013.htm","title":{"rendered":"Erste Schulwoche 2013"},"content":{"rendered":"<div style='text-align:right;'><small>(<a href='https:\/\/www.herr-rau.de\/wordpress\/2013\/09\/erste-schulwoche-2013.htm#comments'>6 Kommentare.<\/a>)<\/small> <\/div><p>So richtig gew\u00f6hnt habe ich mich an die Schule noch nicht, abends bin ich jedesmal immer rechtschaffen m\u00fcde. (Rechtschaffen m\u00fcde, da muss ich immer an D&#038;D denken.) Viel Unterricht habe ich nicht, aber viele Stunden an der Schule; mit meinem Stundenplan bin ich sehr zufrieden, ich bin aber auch sehr leicht zufrieden zu stellen. Und die Planer an unserer Schule (ich war ja fr\u00fcher selber einer) geben sich wirklich viel M\u00fche.<\/p>\n<p>Viel Deutsch dieses Jahr, kaum Informatik, kein Englisch. Mit der 10. Klasse Stilistik ge\u00fcbt (gew\u00fcnscht: verst\u00e4ndliche S\u00e4tze), dann zur Er\u00f6rterung. Die digitalen Themen liegen ja quasi auf der Stra\u00dfe. Mit der 8. Klasse Satzbau ge\u00fcbt anhand der Inhaltsangabe zu <em>Little Brother<\/em> aus Wikipedia, bei der ich alle Nebens\u00e4tze in Haupts\u00e4tze umgewandelt habe &#8211; soweit m\u00f6glich: von den 13 urspr\u00fcnglichen Nebens\u00e4tzen habe ich zwei nicht herausgebracht. Gerade Konditionals\u00e4tze lassen sich wohl gar nicht ersetzen. &#8211; Nat\u00fcrlich ging es mir nicht nur um Nebens\u00e4tze, sondern auch um sehen, ob sich das Buch nicht doch schon in der 8. als Lekt\u00fcre eignet&#8230; immerhin, eine Sch\u00fclerin hatte es schon gelesen. Und der Lehrplananhang empfiehlt <em>Moby Dick<\/em> als Lekt\u00fcre &#8211; ein tolles Buch, aber f\u00fcr die 8. Klasse nur in einer unzumutbaren Kinderbuchfassung denkbar.<\/p>\n<p>An der Uni neuen Kollegen begr\u00fc\u00dft. Sch\u00f6nen Regenschirm zu Geburtstag gekriegt, damit ich mich von zwei alten, kaputten trenne. Morgen Rosa-Glitzer-EInkaufstour f\u00fcr den Geburtstag der Nichte. Jetzt erst mal wieder m\u00fcde-<\/p>\n","protected":false},"excerpt":{"rendered":"<p>(6 Kommentare.) So richtig gew\u00f6hnt habe ich mich an die Schule noch nicht, abends bin ich jedesmal immer rechtschaffen m\u00fcde. (Rechtschaffen m\u00fcde, da muss ich immer an D&#038;D denken.) Viel Unterricht habe ich nicht, aber viele Stunden an der Schule; mit meinem Stundenplan bin ich sehr zufrieden, ich bin aber auch sehr leicht zufrieden zu [&hellip;]<\/p>\n","protected":false},"author":2,"featured_media":0,"comment_status":"open","ping_status":"open","sticky":false,"template":"","format":"standard","meta":{"_jetpack_memberships_contains_paid_content":false,"footnotes":""},"categories":[6],"tags":[179],"class_list":["post-5777","post","type-post","status-publish","format-standard","hentry","category-schule-alltag","tag-alltag"],"jetpack_featured_media_url":"","jetpack_sharing_enabled":true,"jetpack_likes_enabled":true,"_links":{"self":[{"href":"https:\/\/www.herr-rau.de\/wordpress\/wp-json\/wp\/v2\/posts\/5777","targetHints":{"allow":["GET"]}}],"collection":[{"href":"https:\/\/www.herr-rau.de\/wordpress\/wp-json\/wp\/v2\/posts"}],"about":[{"href":"https:\/\/www.herr-rau.de\/wordpress\/wp-json\/wp\/v2\/types\/post"}],"author":[{"embeddable":true,"href":"https:\/\/www.herr-rau.de\/wordpress\/wp-json\/wp\/v2\/users\/2"}],"replies":[{"embeddable":true,"href":"https:\/\/www.herr-rau.de\/wordpress\/wp-json\/wp\/v2\/comments?post=5777"}],"version-history":[{"count":1,"href":"https:\/\/www.herr-rau.de\/wordpress\/wp-json\/wp\/v2\/posts\/5777\/revisions"}],"predecessor-version":[{"id":58969,"href":"https:\/\/www.herr-rau.de\/wordpress\/wp-json\/wp\/v2\/posts\/5777\/revisions\/58969"}],"wp:attachment":[{"href":"https:\/\/www.herr-rau.de\/wordpress\/wp-json\/wp\/v2\/media?parent=5777"}],"wp:term":[{"taxonomy":"category","embeddable":true,"href":"https:\/\/www.herr-rau.de\/wordpress\/wp-json\/wp\/v2\/categories?post=5777"},{"taxonomy":"post_tag","embeddable":true,"href":"https:\/\/www.herr-rau.de\/wordpress\/wp-json\/wp\/v2\/tags?post=5777"}],"curies":[{"name":"wp","href":"https:\/\/api.w.org\/{rel}","templated":true}]}}