{"id":6077,"date":"2014-05-07T15:52:45","date_gmt":"2014-05-07T13:52:45","guid":{"rendered":"https:\/\/www.herr-rau.de\/wordpress\/?p=6077"},"modified":"2023-06-14T07:49:09","modified_gmt":"2023-06-14T05:49:09","slug":"vera-8-2014","status":"publish","type":"post","link":"https:\/\/www.herr-rau.de\/wordpress\/2014\/05\/vera-8-2014.htm","title":{"rendered":"VERA 8 (2014)"},"content":{"rendered":"<div style='text-align:right;'><small>(<a href='https:\/\/www.herr-rau.de\/wordpress\/2014\/05\/vera-8-2014.htm#comments'>13 Kommentare.<\/a>)<\/small> <\/div><p>&#8222;Wie soll ich das meinen Eltern erkl\u00e4ren? Das verstehe ich doch selbst nicht.&#8220;<\/p>\n<p>Die Ergebnisse f\u00fcr VERA 8 2014 sind heraus, zumindest in Bayern. Die Sch\u00fcler kriegen dabei eine R\u00fcckmeldung, auf welcher von 5 Kompetenzsstufen sie in den getesteten Bereichen &#8222;Deutsch-Sprachgebrauch&#8220; und &#8222;Deutsch-Leseverstehen&#8220; sie sich jeweils befinden. Auf dem auszudruckenden Blatt kriegen sie jeweils eine &#8222;Beschreibung der Kompetenzstufen&#8220;. Darin geht es um: &#8222;Morphologie, Morphosyntax, prozedurales Wissen, Kasusmorphem&#8220;, und das nur auf Stufe 1. Sp\u00e4ter kommen &#8222;deklaratives Wissen, basale Wortarten, semantische Beziehungen&#8220; hinzu, wird &#8222;expliziert oder reflektiert&#8220;.<\/p>\n<p>Es w\u00e4re sch\u00f6n gewesen, auf den Sch\u00fclerr\u00fcckmeldungen verst\u00e4ndlichere Formulierungen zu verwenden. So haben halt vor allem Schulen und das Unterrichtsministerium etwas davon. <\/p>\n<p>Neugierige Sch\u00fcler wollten gleich wissen, wie der Test in anderen Bundesl\u00e4ndern ausgefallen ist. Wir haben den Test ja auch mit dem Hinweis schmackhaft gemacht, dass der Test in fast allen Bundesl\u00e4ndern gleichzeitig geschrieben und ganz spannend und wichtig ist. Ich wei\u00df aber nicht, ob geplant ist, die Ergebnisse der L\u00e4nder \u00f6ffentlich zu machen.<\/p>\n","protected":false},"excerpt":{"rendered":"<p>(13 Kommentare.) &#8222;Wie soll ich das meinen Eltern erkl\u00e4ren? Das verstehe ich doch selbst nicht.&#8220; Die Ergebnisse f\u00fcr VERA 8 2014 sind heraus, zumindest in Bayern. Die Sch\u00fcler kriegen dabei eine R\u00fcckmeldung, auf welcher von 5 Kompetenzsstufen sie in den getesteten Bereichen &#8222;Deutsch-Sprachgebrauch&#8220; und &#8222;Deutsch-Leseverstehen&#8220; sie sich jeweils befinden. Auf dem auszudruckenden Blatt kriegen sie [&hellip;]<\/p>\n","protected":false},"author":2,"featured_media":0,"comment_status":"open","ping_status":"open","sticky":false,"template":"","format":"standard","meta":{"_jetpack_memberships_contains_paid_content":false,"footnotes":""},"categories":[6],"tags":[130,179],"class_list":["post-6077","post","type-post","status-publish","format-standard","hentry","category-schule-alltag","tag-bildungsfragen","tag-alltag"],"jetpack_featured_media_url":"","jetpack_sharing_enabled":true,"jetpack_likes_enabled":true,"_links":{"self":[{"href":"https:\/\/www.herr-rau.de\/wordpress\/wp-json\/wp\/v2\/posts\/6077","targetHints":{"allow":["GET"]}}],"collection":[{"href":"https:\/\/www.herr-rau.de\/wordpress\/wp-json\/wp\/v2\/posts"}],"about":[{"href":"https:\/\/www.herr-rau.de\/wordpress\/wp-json\/wp\/v2\/types\/post"}],"author":[{"embeddable":true,"href":"https:\/\/www.herr-rau.de\/wordpress\/wp-json\/wp\/v2\/users\/2"}],"replies":[{"embeddable":true,"href":"https:\/\/www.herr-rau.de\/wordpress\/wp-json\/wp\/v2\/comments?post=6077"}],"version-history":[{"count":1,"href":"https:\/\/www.herr-rau.de\/wordpress\/wp-json\/wp\/v2\/posts\/6077\/revisions"}],"predecessor-version":[{"id":58911,"href":"https:\/\/www.herr-rau.de\/wordpress\/wp-json\/wp\/v2\/posts\/6077\/revisions\/58911"}],"wp:attachment":[{"href":"https:\/\/www.herr-rau.de\/wordpress\/wp-json\/wp\/v2\/media?parent=6077"}],"wp:term":[{"taxonomy":"category","embeddable":true,"href":"https:\/\/www.herr-rau.de\/wordpress\/wp-json\/wp\/v2\/categories?post=6077"},{"taxonomy":"post_tag","embeddable":true,"href":"https:\/\/www.herr-rau.de\/wordpress\/wp-json\/wp\/v2\/tags?post=6077"}],"curies":[{"name":"wp","href":"https:\/\/api.w.org\/{rel}","templated":true}]}}