{"id":60965,"date":"2024-01-19T18:13:42","date_gmt":"2024-01-19T17:13:42","guid":{"rendered":"https:\/\/www.herr-rau.de\/wordpress\/?p=60965"},"modified":"2024-01-25T08:05:56","modified_gmt":"2024-01-25T07:05:56","slug":"kw-03-2024","status":"publish","type":"post","link":"https:\/\/www.herr-rau.de\/wordpress\/2024\/01\/kw-03-2024.htm","title":{"rendered":"KW 03, 2024"},"content":{"rendered":"<div style='text-align:right;'><small>(<a href='https:\/\/www.herr-rau.de\/wordpress\/2024\/01\/kw-03-2024.htm#comments'>7 Kommentare.<\/a>)<\/small> <\/div>\n<p class=\"wp-block-paragraph\">Vergn\u00fcglichen Unterricht gemacht, auch sonst sehr gesch\u00e4ftig, und die Programmierseuche hat mich wieder gepackt. Das ist chronisch, sage ich, chronisch.<\/p>\n\n\n\n<h2 class=\"wp-block-heading\">Schulgrammatik<\/h2>\n\n\n\n<p class=\"wp-block-paragraph\">Sprachen haben nicht etwa eine eindeutige und unver\u00e4nderbare Grammatik, wie man sich das vielleicht vorstellt. Sprachen sind erst einmal da, und Grammatiken sind Modelle, um diese Sprachen abzubilden und zu vergleichen und dar\u00fcber zu reden. Die Modelle erf\u00fcllen ihren Zweck, also, je nach Zweck, und beschreiben die Sprachen schon recht gut. Nur an den Ecken und Enden, wo es vielleicht auch gar nicht so wichtig ist, franst es gerne mal aus. Die Grammatiken und Kategorien, die man so kennt, sind von dem Grammatikmodell des Lateinischen beeinflusst; wie gut das seinen Zweck erf\u00fcllt, kann ich nicht beurteilen, weil ich weder Zweck noch Sprache wirklich kenne. Die deutsche Schulbuch-Grammatik weicht jedenfalls von wissenschaftlichen Deutsch-Grammatiken ab, die einen anderen Zweck haben.<\/p>\n\n\n\n<p class=\"wp-block-paragraph\">Manche Unterschiede im Modell sind nur terminologisch. Hei\u00dft es Pr\u00e4teritum oder Imperfekt? Es gibt Gr\u00fcnde f\u00fcrs eine und f\u00fcrs andere, vielleicht, aber sie beschreiben das gleiche. Andere Unterschiede sind gr\u00f6\u00dfer. <\/p>\n\n\n\n<h4 class=\"wp-block-heading\">Starke, schwache, regelm\u00e4\u00dfige, unregelm\u00e4\u00dfige Verben<\/h4>\n\n\n\n<p class=\"wp-block-paragraph\">Fr\u00fcher hat man im Deutschunterricht gelernt, dass es starke und schwache Verben gibt. (Und Hilfsverben als Sonderfall?) Stark sind &#8222;reiten &#8211; ritt &#8211; geritten&#8220; und &#8222;binden &#8211; band &#8211; gebunden&#8220; und &#8222;backen &#8211; buk &#8211; gebacken&#8220;. Schwach sind &#8222;legen &#8211; legte &#8211; <s>gelegen<\/s> gelegt&#8220; und &#8222;setzen &#8211; setzte &#8211; gesetzt&#8220; und &#8222;backen &#8211; backte &#8211; gebackt(?)&#8220;. Man sieht, es geht ein bisschen durcheinander; Sprache entwickelt sich. <\/p>\n\n\n\n<p class=\"wp-block-paragraph\">Die Englisch-Grammatik kennt historisch diese Unterschiede auch. Da es bei den englischen Verbformen aber so viel Ausnahmen einerseits und Vereinfachung andererseits gibt, spricht die Schulgrammatik sinnvollerweise von regelm\u00e4\u00dfigen und unregelm\u00e4\u00dfigen Verben. &#8222;Give &#8211; gave &#8211; given&#8220; (unregelm\u00e4\u00dfig, historisch: stark), &#8222;dance &#8211; danced &#8211; danced&#8220; (regelm\u00e4\u00dfig, historisch schwach), &#8222;think &#8211; thought &#8211; though&#8220; (unregelm\u00e4\u00dfig, historisch <em>schwach)<\/em>.<\/p>\n\n\n\n<p class=\"wp-block-paragraph\">Inzwischen macht das das Deutschschulbuch auch. Das unterscheidet regelm\u00e4\u00dfige Verben (ein Gro\u00dfteil der schwachen Verben) und unregelm\u00e4\u00dfige Verben (alle starken Verben, Hilfs- und Modalverben, und vor allem ein paar schwache Verben mit Vokalwechsel: bringen, denken, kennen). Dabei wird regelm\u00e4\u00dfig alles genannt, wo sich der Vokal nicht \u00e4ndert, und unregelm\u00e4\u00dfig, wenn sich der Vokal \u00e4ndert. Wie Partizip oder Imperativ aussehen, ist dabei egal; die Kategorien stark\/schwach werden nicht verwendet.<\/p>\n\n\n\n<p class=\"wp-block-paragraph\">Ich wei\u00df noch nicht, wie gl\u00fccklich ich dar\u00fcber bin.<\/p>\n\n\n\n<p class=\"wp-block-paragraph\"><em>Nachtrag: An anderer Stelle im Arbeitsheft werden explizit schwache Verben mit regelm\u00e4\u00dfigen Verben gleichgesetzt. Was f\u00fcr ein Unsinn!<\/em><\/p>\n\n\n\n<h4 class=\"wp-block-heading\">Begleiter<\/h4>\n\n\n\n<p class=\"wp-block-paragraph\">Die englische Grammatik, auch die Schulgrammatik, kennt die Wortart <em>determiner<\/em>, deutsch: Begleiter. Dazu geh\u00f6ren bestimmter und unbestimmer Artikel, aber auch andere W\u00f6rter, eigentlich alles, was hier hineinpasst: <em>the book, a book, my book, your book, this book, that book.<\/em> Also auch Possessivbegleiter und Demonstrativbegleiter.<\/p>\n\n\n\n<p class=\"wp-block-paragraph\">In der deutschen Schulgrammatik gibt es das nicht, da gibt es nur Artikel, Demonstrativpronomen und Possessivpronomen. Ob das Demonstrativpronomen als Begleiter verwendet wird (dieses Buch) oder als Pronomen (das wird dir noch leid tun), ist egal, und das Possessivpronomen genannte Wort wird so gut wie nur als Possessivbegleiter verwendet (mein Buch) und kaum mehr als Possessivpronomen (vielleicht: Die Rache ist mein?) &#8211; aber die Unterscheidung, f\u00fcr meine 7. Klasse beim Demonstrativpronomen offensichtlich, ist f\u00fcr die Grammatik egal. <\/p>\n\n\n\n<p class=\"wp-block-paragraph\">Und vielleicht ist sie das auch. Und doch.<\/p>\n\n\n\n<h2 class=\"wp-block-heading\">Fundst\u00fcck: Imitation Nation<\/h2>\n\n\n\n<p class=\"wp-block-paragraph\">Der Podcast 99% Invisible ist immer wieder sehr sch\u00f6n, die letzte Folge hei\u00dft <a href=\"https:\/\/99percentinvisible.org\/episode\/imitation-nation\/\">Imitation Nation<\/a>: Es geht darin um die immer elaborierten Milit\u00e4r-\u00dcbungsst\u00e4dte, in denen &#8211; hier: amerikanisches &#8211; Milit\u00e4r auf den Einsatz in einem fremden Land vorbereitet werden soll. Die Geb\u00e4ude werde teils akribisch nachgebaut, eine Kanalisation angelegt, und was eine immer gr\u00f6\u00dfere Rolle spielt: die Rollenspieler. Man braucht Leute, die Einheimische spielen. Damit wird zum Beispiel ge\u00fcbt, wie es an einem bewachten Grenz\u00fcbergang zugeht. Diese NPCs kriegen teilweise eine elaborierte Hintergrundgeschichte (B\u00fcrgermeister, heimlich zu den Aufst\u00e4ndischen geh\u00f6rend). Fremdsprachenkenntnis von Vorteil, man muss sie zumindest simulieren k\u00f6nnen, also f\u00fcr einen amerikanischen Soldaten \u00fcberzeugend unverst\u00e4ndlich reden k\u00f6nnen. <\/p>\n\n\n\n<p class=\"wp-block-paragraph\">Wer \u00fcbernimmt diese Rollen? Gerne Einwanderer und Gefl\u00fcchtete, die sich teilweise in genau dem simulierten Land wiederfinden, aus dem sie kommen. (Tats\u00e4chlich haben die simulierten St\u00e4dte und L\u00e4nder alle fiktive Namen.) Das besch\u00e4ftigt die Identit\u00e4t mancher Teilnehmenden wohl sehr.<\/p>\n\n\n\n<h2 class=\"wp-block-heading\">Fritz Gr\u00fcnbaum<\/h2>\n\n\n\n<p class=\"wp-block-paragraph\">Zumindest hier in der Gegend d\u00fcrfte jede Klasse in der Mittelstufe einmal die KZ Gedenkst\u00e4tte Dachau besuchen. Meine Deutschklasse f\u00e4hrt kommenden Mittwoch. Bei einem Besuch dort hatte ich gesehen, dass der Kabarettist und Conferencier Fritz Gr\u00fcnbaum dort umgebracht wurde. Gr\u00fcnbaum kannte ich von einer Platte, es sind nicht viele Aufnahmen erhalten; auf ihn gekommen bin ich durch Torberg-Lekt\u00fcre.<\/p>\n\n\n\n<p class=\"wp-block-paragraph\">Das ist die Platte, die ich habe:<\/p>\n\n\n\n<figure class=\"wp-block-embed is-type-video is-provider-youtube wp-block-embed-youtube wp-embed-aspect-4-3 wp-has-aspect-ratio\"><div class=\"wp-block-embed__wrapper\">\n<iframe loading=\"lazy\" title=\"Wer zahlt heutzutage ?\" width=\"500\" height=\"375\" src=\"https:\/\/www.youtube.com\/embed\/FpOEZrT-EOs?feature=oembed\" frameborder=\"0\" allow=\"accelerometer; autoplay; clipboard-write; encrypted-media; gyroscope; picture-in-picture; web-share\" referrerpolicy=\"strict-origin-when-cross-origin\" allowfullscreen><\/iframe>\n<\/div><\/figure>\n\n\n\n<p class=\"wp-block-paragraph\">Diese Nummer ist auch drauf:<\/p>\n\n\n\n<figure class=\"wp-block-embed is-type-video is-provider-youtube wp-block-embed-youtube wp-embed-aspect-4-3 wp-has-aspect-ratio\"><div class=\"wp-block-embed__wrapper\">\n<iframe loading=\"lazy\" title=\"Fritz Gr\u00fcnbaum conferiert\" width=\"500\" height=\"375\" src=\"https:\/\/www.youtube.com\/embed\/e6hkhd4iEts?feature=oembed\" frameborder=\"0\" allow=\"accelerometer; autoplay; clipboard-write; encrypted-media; gyroscope; picture-in-picture; web-share\" referrerpolicy=\"strict-origin-when-cross-origin\" allowfullscreen><\/iframe>\n<\/div><\/figure>\n\n\n\n<p class=\"wp-block-paragraph\">Alles schon alt, aber ich werde meiner 9. Klasse das vorspielen, ob die an alten Sachen noch etwas lustig finden. Und vor dem Dachau-Besuch w\u00e4re es vielleich sch\u00f6n, wenn sie von einem Naziopfer dort schon einmal geh\u00f6rt h\u00e4tten. <a href=\"https:\/\/de.wikipedia.org\/wiki\/Kategorie:H%C3%A4ftling_im_KZ_Dachau\">Wikipedia hat eine Kategorie mit H\u00e4ftlingen dort<\/a>.<\/p>\n\n\n\n<h2 class=\"wp-block-heading\">Einleitungen in Aufs\u00e4tzen<\/h2>\n\n\n\n<p class=\"wp-block-paragraph\">Es gibt &#8211; noch nicht schon immer &#8211; die Textsorte des informierenden Schreibens. Die ist adressatenbezogen, man schreibt aus einem Anlass und f\u00fcr ein Publikum. Im Abitur ist das meist eine Er\u00f6ffnungsrede zu einer Ausstellung oder ein Vorwort zum Ausstellungskatalog.<\/p>\n\n\n\n<p class=\"wp-block-paragraph\">Wir bringen unseren Sch\u00fclern und Sch\u00fclerinnen aber auch bei, dass Er\u00f6rterungen sch\u00f6ne Einleitungen haben. Dabei sind die im Abitur <em>nicht <\/em>adressatenbezogen, ebensowenig wie Interpretationen von Lyrik, Drama oder Epik. Diese Aufsatzarten sind, ahem, &#8222;heuristisch&#8220; oder gar &#8222;epistemisch-heuristisch&#8220;. Sie dienen zur Selbstfindung, zur Bildung der eigenen Meinung und Erkenntnis. <\/p>\n\n\n\n<p class=\"wp-block-paragraph\">Aber auch da bringen wir bei, erwarten und verlangen eine sch\u00f6ne Einleitung. &#8222;Schon der Steinzeitmensch sehnte sich nach der Ferne, und Sehnsucht war zu allen Zeiten ein Thema f\u00fcr die Menschen, besonders in der Epoche der Romantik. So auch in dem Gedicht &#8230;. von &#8230;, das jetzt zusammengefasst, interpretiert und hinsichtlich Sprache und Motiven analysiert wird, gefolgt von einer Er\u00f6rterung \u00fcber die Reisem\u00f6glichkeiten des heutigen Menschen.&#8220;<\/p>\n\n\n\n<p class=\"wp-block-paragraph\">Nur bei der Sachtextanalyse, bei der Sachtextanalyse erwarten wir das nicht. Oder doch? Bin das nur ich? Im Abitur gibt es die auch. Sollen Sch\u00fcler und Sch\u00fclerinnen da so anfangen:<\/p>\n\n\n\n<blockquote class=\"wp-block-quote is-layout-flow wp-block-quote-is-layout-flow\">\n<p class=\"wp-block-paragraph\">Toleranz &#8211; ein unerwartet schwieriger Begriff, unter dem jeder Mensch vielleicht etwas anderes versteht. Oft gehen die Meinungen an dem Punkt auseinander, inwieweit Toleranz gezeigt werden soll und schlussendlich gezeigt wird, ohne sich im gesamten auf die gleichen Verbote und klaren Gesetzregelungen einigen zu k\u00f6nnen. Genau um dieses Thema, also grunds\u00e4tzlich Toleranz, ihr Verst\u00e4ndnis davon und die Folgen dieser unterschiedlichen Ansichten geht es auch in &#8230; von &#8230;, das im Folgenden&#8230;<\/p>\n<\/blockquote>\n\n\n\n<p class=\"wp-block-paragraph\">Bin ich der einzige, der das bei der Sachtextanalyse komisch findet? (Und \u00fcber das: &#8222;Im Folgenden werde ich&#8230;&#8220; haben Deutschlehrkr\u00e4fte ohnehin unterschiedliche Meinungen. Ich finde das furchtbar.)<\/p>\n\n\n\n<p class=\"wp-block-paragraph\">\u00dcberhaupt: Wozu diese Einleitungen, wenn es kein Publikum, keinen Anlass gibt? Hilft diese Einleitung tats\u00e4chlich beim epistemisch-heuristischen Vorgehen? Stichprobe im Kollegium sagt, ich soll mich nicht so anstellen.<\/p>\n","protected":false},"excerpt":{"rendered":"<p>(7 Kommentare.) Vergn\u00fcglichen Unterricht gemacht, auch sonst sehr gesch\u00e4ftig, und die Programmierseuche hat mich wieder gepackt. Das ist chronisch, sage ich, chronisch. Schulgrammatik Sprachen haben nicht etwa eine eindeutige und unver\u00e4nderbare Grammatik, wie man sich das vielleicht vorstellt. Sprachen sind erst einmal da, und Grammatiken sind Modelle, um diese Sprachen abzubilden und zu vergleichen und [&hellip;]<\/p>\n","protected":false},"author":2,"featured_media":0,"comment_status":"open","ping_status":"open","sticky":false,"template":"","format":"standard","meta":{"footnotes":""},"categories":[101,1,313],"tags":[231],"class_list":["post-60965","post","type-post","status-publish","format-standard","hentry","category-deutsch","category-fundstuecke","category-tagebuch","tag-deutsch"],"_links":{"self":[{"href":"https:\/\/www.herr-rau.de\/wordpress\/wp-json\/wp\/v2\/posts\/60965","targetHints":{"allow":["GET"]}}],"collection":[{"href":"https:\/\/www.herr-rau.de\/wordpress\/wp-json\/wp\/v2\/posts"}],"about":[{"href":"https:\/\/www.herr-rau.de\/wordpress\/wp-json\/wp\/v2\/types\/post"}],"author":[{"embeddable":true,"href":"https:\/\/www.herr-rau.de\/wordpress\/wp-json\/wp\/v2\/users\/2"}],"replies":[{"embeddable":true,"href":"https:\/\/www.herr-rau.de\/wordpress\/wp-json\/wp\/v2\/comments?post=60965"}],"version-history":[{"count":3,"href":"https:\/\/www.herr-rau.de\/wordpress\/wp-json\/wp\/v2\/posts\/60965\/revisions"}],"predecessor-version":[{"id":60996,"href":"https:\/\/www.herr-rau.de\/wordpress\/wp-json\/wp\/v2\/posts\/60965\/revisions\/60996"}],"wp:attachment":[{"href":"https:\/\/www.herr-rau.de\/wordpress\/wp-json\/wp\/v2\/media?parent=60965"}],"wp:term":[{"taxonomy":"category","embeddable":true,"href":"https:\/\/www.herr-rau.de\/wordpress\/wp-json\/wp\/v2\/categories?post=60965"},{"taxonomy":"post_tag","embeddable":true,"href":"https:\/\/www.herr-rau.de\/wordpress\/wp-json\/wp\/v2\/tags?post=60965"}],"curies":[{"name":"wp","href":"https:\/\/api.w.org\/{rel}","templated":true}]}}