{"id":61510,"date":"2024-04-27T08:38:11","date_gmt":"2024-04-27T06:38:11","guid":{"rendered":"https:\/\/www.herr-rau.de\/wordpress\/?p=61510"},"modified":"2024-12-26T07:39:58","modified_gmt":"2024-12-26T06:39:58","slug":"bloggeburtstag-nun-auch-hier","status":"publish","type":"post","link":"https:\/\/www.herr-rau.de\/wordpress\/2024\/04\/bloggeburtstag-nun-auch-hier.htm","title":{"rendered":"Bloggeburtstag nun auch hier"},"content":{"rendered":"<div style='text-align:right;'><small>(<a href='https:\/\/www.herr-rau.de\/wordpress\/2024\/04\/bloggeburtstag-nun-auch-hier.htm#comments'>20 Kommentare.<\/a>)<\/small> <\/div>\n<p>Dieses Blog gibt es jetzt seit zwanzig Jahren und einem Tag, <a href=\"https:\/\/www.herr-rau.de\/wordpress\/2004\/04\">hier der erste Monat<\/a> mit dem ersten Eintrag vom 26. April 2004. Wir sind alt, stellt Frau Rau immer wieder mal fest, um damit Erscheinungen zu erkl\u00e4ren. Meistens geht es dabei darum, warum uns manches leicht f\u00e4llt oder wir manches verstehen oder wir uns vielleicht nur an so viel erinnern k\u00f6nnen, weil wir so viel Fr\u00fcher haben.<\/p>\n\n\n\n<p>Vor zwanzig Jahren sah das Internet ganz anders aus. Vor drei\u00dfig Jahren auch, aber das ist wieder eine andere Generation. Immerhin, meine erste Homepage ist auch schon mindestens 26 Jahre alt und entstand w\u00e4hrend meines Referendariats.<\/p>\n\n\n\n<p>Die Wikipedia war noch wenig bekannt, Facebook gab es nur in Ans\u00e4tzen und nur in den USA, es gab kein Youtube, ich wei\u00df nicht, ob Google schon als Suchmaschine verbreitet war. Weniger Werbung, kein Instagram nat\u00fcrlich; kein Twitter und kein Flickr.  Was ist eigentlich aus denen geworden? Es gab Foren und Blogs. (Und Mailinglisten und Webringe.)<\/p>\n\n\n\n<p>Im fein betitelten <em>Internet: Segen oder Fluch<\/em> von Kathrin Passig und Sascha Lobo (2012) sammeln die beiden die &#8222;hundert verschrobensten Internet-Vergleiche&#8220;, eine wunderbare Quelle f\u00fcr Metaphorik, auch f\u00fcr den Deutschunterricht. Darunter so bem\u00fchte Sachen wie: <\/p>\n\n\n\n<blockquote class=\"wp-block-quote is-layout-flow wp-block-quote-is-layout-flow\">\n<p>Derzeit ist das Internet wie ein Parkhaus mit zwei Schranken, die beide ge\u00f6ffnet sind. In Zukunft wird nur mehr eine oben sein. Bei der anderen muss man eine M\u00fcnze einwerfen. <\/p>\n<cite>Dietmar Wolff, Hauptgesch\u00e4ftsf\u00fchrer des Bundesverbandes Deutscher Zeitungsverleger<\/cite><\/blockquote>\n\n\n\n<p>So unerkl\u00e4rte wie:<\/p>\n\n\n\n<blockquote class=\"wp-block-quote is-layout-flow wp-block-quote-is-layout-flow\">\n<p>Das Internet ist wie ein Hund, der immer da ist.<\/p>\n<cite>Breger, DJ und Musikproduzent aus dem Ruhrgebiet)<\/cite><\/blockquote>\n\n\n\n<p>Aber eben auch:<\/p>\n\n\n\n<blockquote class=\"wp-block-quote is-layout-flow wp-block-quote-is-layout-flow\">\n<p>Das Internet ist wie ein weites, neues Land, das immer mehr Menschen mit Homepages besiedeln.<\/p>\n<cite>Johannes Gernert in der <em>taz<\/em> vom 19. Mai. <s>1992<\/s> 2012<\/cite><\/blockquote>\n\n\n\n<p>Die scherzhafte Durchstreichung in der Quellenangabe stammt von Passig-Lobo, denn 2012 war das genau so veraltet wie 2013, als die damalige Kanzlerin das Internet als &#8222;Neuland&#8220; bezeichnert. Das war gar nicht so l\u00e4cherlich, wie es damals gemacht wurde, nur eben eine Utopie und schon nicht mehr wahr. Neuland hat die Hauptbedeutung &#8222;unbekanntes Gebiet, auf dem man sich nicht auskennt&#8220;, die wohl urspr\u00fcnglichere Bedeutung ist aber einfach das w\u00f6rtliche: &#8222;unbebautes, unbesiedeltes Gebiet, das man urbar machen und benutzen kann&#8220;. Vor zwanzig Jahren war das noch ein bisschen wahr.<\/p>\n\n\n\n<p>Inzwischen besiedelt niemand das Internet mehr. Es gibt gro\u00dfe Zentren, das weite Land dazwischen ist leer. Die Menschen bauen sich keine Unterk\u00fcnfte, ob Blockh\u00fctte oder Palast oder geheimes Labor, sondern halten sich in den zentralen St\u00e4dten auf, wo sie R\u00e4umlichkeiten zur Verf\u00fcgung gestellt bekommen. Man zahlt dort keine Miete, sondern erh\u00e4lt ein St\u00fcck Wand, das man m\u00f6glichst oft neu tapezieren muss, und ist den Launen der Stadtverwaltung ausgeliefert.<\/p>\n\n\n\n<p>Ganz verlassen ist das Land dazwischen aber doch nicht. Ein paar der alten <s>Homepages<\/s> <s>H\u00e4user<\/s> Blogs stehen noch. Herr Buddenbohm <a href=\"https:\/\/www.buddenbohm-und-soehne.de\/2024\/04\/01\/nass-in-nass\/\">ist neulich auch zwanzig geworden,<\/a> <a href=\"https:\/\/joel.lu\/2024\/01\/29\/20-jahre-bloggen\/\">Jo\u00ebl ebenso<\/a>, <a href=\"https:\/\/kid37.blogger.de\/stories\/2876727\/\">kid37 im Januar<\/a> 21 (das ist der, dessen Blog ich oben als Geheimlabor im Kopf hatte). <a href=\"https:\/\/serendipita.org\/\">Serendipita<\/a> bloggt l\u00e4nger als ich, hat aber nicht gefeiert, glaube ich. Texas Jim ist so oft umgezogen, dass ich nicht wei\u00df, wann er angefangen hat. Hotel Mama ist erst neunzehn, lese ich gerade. Cilli und Ciabatta <a href=\"https:\/\/chili-und-ciabatta.de\/2024\/04\/20-jahre-chili-und-ciabatta\/\">feiert ziemlich zeitgleich mit mir<\/a>. <a href=\"https:\/\/rete-mirabile.net\/\">Rete Mirabile<\/a> ein paar Woche vorher. <a href=\"https:\/\/dentaku.wazong.de\/2024\/07\/05\/20-jahre\/\">Dentaku begeht<\/a> eben auch die 20. <a href=\"https:\/\/bruellen.blogspot.com\/\">Frau Br\u00fcllen<\/a> ist der gleiche Jahrgang.<\/p>\n\n\n\n<p>Dazwischen Ruinen, stattlich oder ganz abgebaut, aus verschiedenen, auch traurigen, Gr\u00fcnden verlassen. <\/p>\n\n\n\n<p>Und ich blogge hier seit zwanzig Jahren und einem Tag. Damals war ich erst acht Jahre Lehrer, das Referendariat eingeschlossen. Es war eine andere Zeit. Ich bin alt. Aber das ist okay.<\/p>\n\n\n\n<p><em>Nachtrag, vielleicht nach und nach noch weiter erg\u00e4nzt: Am Anfang gab es Greymatter, dann Moveable Type, bald WordPress, das damals noch ganz schlicht war. Vor Social Media gab bloggte ich kurze Meldungen, die danach eher zu Twitter passten. Kommentare gab es viele, fast wie sp\u00e4ter in einem Thread bei Twitter oder in einem Forum. In den meisten Klassen gab es eine Sch\u00fclerin, selten auch einen Sch\u00fcler, die sich mit dem Bloggen versuchten. \u00dcber Urheberrrecht und Pers\u00f6nlichkeitsrechte machte man sich wenig Gedanken. Feedreader kamen auf und RSS, eine fantastische und demokratische Erfindung. Ich habe noch so gut wie alle im Feedreader, die ich je abonniert habe, auch wenn es die Blogs schon lange nicht mehr gibt. Irgendwann will ich sie wenigstens aufz\u00e4hlen. Schon 2006 wurde ich als <\/em>&#8222;<em>Bildungsblogdinosaurier&#8220; bezeichnet. <\/em><\/p>\n","protected":false},"excerpt":{"rendered":"<p>(20 Kommentare.) Dieses Blog gibt es jetzt seit zwanzig Jahren und einem Tag, hier der erste Monat mit dem ersten Eintrag vom 26. April 2004. Wir sind alt, stellt Frau Rau immer wieder mal fest, um damit Erscheinungen zu erkl\u00e4ren. Meistens geht es dabei darum, warum uns manches leicht f\u00e4llt oder wir manches verstehen oder [&hellip;]<\/p>\n","protected":false},"author":2,"featured_media":0,"comment_status":"open","ping_status":"open","sticky":false,"template":"","format":"standard","meta":{"_jetpack_memberships_contains_paid_content":false,"footnotes":""},"categories":[313],"tags":[164],"class_list":["post-61510","post","type-post","status-publish","format-standard","hentry","category-tagebuch","tag-blogs"],"jetpack_featured_media_url":"","jetpack_sharing_enabled":true,"jetpack_likes_enabled":true,"_links":{"self":[{"href":"https:\/\/www.herr-rau.de\/wordpress\/wp-json\/wp\/v2\/posts\/61510","targetHints":{"allow":["GET"]}}],"collection":[{"href":"https:\/\/www.herr-rau.de\/wordpress\/wp-json\/wp\/v2\/posts"}],"about":[{"href":"https:\/\/www.herr-rau.de\/wordpress\/wp-json\/wp\/v2\/types\/post"}],"author":[{"embeddable":true,"href":"https:\/\/www.herr-rau.de\/wordpress\/wp-json\/wp\/v2\/users\/2"}],"replies":[{"embeddable":true,"href":"https:\/\/www.herr-rau.de\/wordpress\/wp-json\/wp\/v2\/comments?post=61510"}],"version-history":[{"count":3,"href":"https:\/\/www.herr-rau.de\/wordpress\/wp-json\/wp\/v2\/posts\/61510\/revisions"}],"predecessor-version":[{"id":64042,"href":"https:\/\/www.herr-rau.de\/wordpress\/wp-json\/wp\/v2\/posts\/61510\/revisions\/64042"}],"wp:attachment":[{"href":"https:\/\/www.herr-rau.de\/wordpress\/wp-json\/wp\/v2\/media?parent=61510"}],"wp:term":[{"taxonomy":"category","embeddable":true,"href":"https:\/\/www.herr-rau.de\/wordpress\/wp-json\/wp\/v2\/categories?post=61510"},{"taxonomy":"post_tag","embeddable":true,"href":"https:\/\/www.herr-rau.de\/wordpress\/wp-json\/wp\/v2\/tags?post=61510"}],"curies":[{"name":"wp","href":"https:\/\/api.w.org\/{rel}","templated":true}]}}