{"id":61880,"date":"2024-05-12T15:54:16","date_gmt":"2024-05-12T13:54:16","guid":{"rendered":"https:\/\/www.herr-rau.de\/wordpress\/?p=61880"},"modified":"2024-05-11T11:36:55","modified_gmt":"2024-05-11T09:36:55","slug":"blogparade-5-warum-bildungsblog","status":"publish","type":"post","link":"https:\/\/www.herr-rau.de\/wordpress\/2024\/05\/blogparade-5-warum-bildungsblog.htm","title":{"rendered":"Blogparade #5: Warum Bildungsblog"},"content":{"rendered":"<div style='text-align:right;'><small>(<a href='https:\/\/www.herr-rau.de\/wordpress\/2024\/05\/blogparade-5-warum-bildungsblog.htm#comments'>9 Kommentare.<\/a>)<\/small> <\/div>\n<p><em>Vorbemerkung:\u00a0Eine Reihe von bildungsaffinen Bloggern hat sich zum Ziel gesetzt, 2024 h\u00e4ufiger thematisch gemeinsam zu bloggen. Die Themenvorschl\u00e4ge werden an\u00a0<a href=\"https:\/\/zumpad.zum.de\/p\/blogparaden\" target=\"_blank\" rel=\"noreferrer noopener\">dieser Stelle<\/a>\u00a0gesammelt, alle Beitr\u00e4ge zum aktuellen Thema werden unter dem Beitrag gesammelt.<\/em><\/p>\n\n\n\n<p>In dieser Runde geht es um: <strong>&#8222;Was soll das eigentlich mit diesem (Bildungs-)Blog?&#8220;<\/strong> Viel habe ich dazu nicht zu sagen.<\/p>\n\n\n\n<p><a href=\"https:\/\/halbtagsblog.de\/2024\/05\/02\/blogparade-5-und-lehrertreffen-twitter-bluesky-mastodon\/\">Halbtagsblog<\/a> hat dazu geschrieben, <a href=\"https:\/\/www.arminhanisch.de\/2024\/05\/blogparade-warum-ein-bildungsblog\/\">Armin von den Zollkieseln<\/a> (wie er sehe ich als ganz wichtig: eigenes Blog, eigene Webseite, meine Worte will ich behalten; die <em>Kontrolle <\/em>dar\u00fcber gebe ich ohnehin fast immer ab, sobald ich sie \u00f6ffentlich), <a href=\"https:\/\/fengler.schule\/archive\/125\">blog.fengler.schule<\/a> auch. Vor allem beim letzteren steht viel, das ich auch f\u00fcr mich unterschreiben kann. <\/p>\n\n\n\n<p>Kurz: Ich begann zu bloggen, weil ich sehr vieles auf der Welt interessant finde und ein gro\u00dfes Teilungsbed\u00fcrfnis habe und mir Frau Rau deshalb vor zwanzig Jahren gesagt hat, dass ich bloggen soll (weil andere das vielleicht, sagen wir, noch interessanter finden w\u00fcrden als sie selber). Hinzugekommen sind danach zwei Aspekte, n\u00e4mlich erstens, meine Gedanken zu ordnen um festzustellen, was ich eigentlich denke, und zweitens, meine Gedanken als Notizen festzuhalten, damit ich sp\u00e4ter mal darauf zur\u00fcckgreifen kann. Das Blog entlastet meine Festplatte oder meinen Zettelkasten ungemein.<\/p>\n\n\n\n<p>Ich blogge schon immer auch und viel \u00fcber Themen, die nichts mit Schule oder Bildung zu tun haben. Andererseits, was hat denn wirklich nichts damit zu tun? Potentiell ist alles Unterrichtvorbereitung. Vermutlich schreibe ich weniger unmittelbar \u00fcber Schule als fr\u00fcher, und mehr \u00fcber anderes. Aber wie Jan-Martin auch schon feststellt, in der Schule wiederholt sich viel, da reizt mich nicht mehr alles zum Schreiben, wenn ich das schon ausf\u00fchrlich in den Jahren zuvor getan habe.<\/p>\n","protected":false},"excerpt":{"rendered":"<p>(9 Kommentare.) Vorbemerkung:\u00a0Eine Reihe von bildungsaffinen Bloggern hat sich zum Ziel gesetzt, 2024 h\u00e4ufiger thematisch gemeinsam zu bloggen. Die Themenvorschl\u00e4ge werden an\u00a0dieser Stelle\u00a0gesammelt, alle Beitr\u00e4ge zum aktuellen Thema werden unter dem Beitrag gesammelt. In dieser Runde geht es um: &#8222;Was soll das eigentlich mit diesem (Bildungs-)Blog?&#8220; Viel habe ich dazu nicht zu sagen. Halbtagsblog hat [&hellip;]<\/p>\n","protected":false},"author":2,"featured_media":0,"comment_status":"open","ping_status":"open","sticky":false,"template":"","format":"standard","meta":{"_jetpack_memberships_contains_paid_content":false,"footnotes":""},"categories":[1],"tags":[319],"class_list":["post-61880","post","type-post","status-publish","format-standard","hentry","category-fundstuecke","tag-stoeckchen"],"jetpack_featured_media_url":"","jetpack_sharing_enabled":true,"jetpack_likes_enabled":true,"_links":{"self":[{"href":"https:\/\/www.herr-rau.de\/wordpress\/wp-json\/wp\/v2\/posts\/61880","targetHints":{"allow":["GET"]}}],"collection":[{"href":"https:\/\/www.herr-rau.de\/wordpress\/wp-json\/wp\/v2\/posts"}],"about":[{"href":"https:\/\/www.herr-rau.de\/wordpress\/wp-json\/wp\/v2\/types\/post"}],"author":[{"embeddable":true,"href":"https:\/\/www.herr-rau.de\/wordpress\/wp-json\/wp\/v2\/users\/2"}],"replies":[{"embeddable":true,"href":"https:\/\/www.herr-rau.de\/wordpress\/wp-json\/wp\/v2\/comments?post=61880"}],"version-history":[{"count":2,"href":"https:\/\/www.herr-rau.de\/wordpress\/wp-json\/wp\/v2\/posts\/61880\/revisions"}],"predecessor-version":[{"id":61954,"href":"https:\/\/www.herr-rau.de\/wordpress\/wp-json\/wp\/v2\/posts\/61880\/revisions\/61954"}],"wp:attachment":[{"href":"https:\/\/www.herr-rau.de\/wordpress\/wp-json\/wp\/v2\/media?parent=61880"}],"wp:term":[{"taxonomy":"category","embeddable":true,"href":"https:\/\/www.herr-rau.de\/wordpress\/wp-json\/wp\/v2\/categories?post=61880"},{"taxonomy":"post_tag","embeddable":true,"href":"https:\/\/www.herr-rau.de\/wordpress\/wp-json\/wp\/v2\/tags?post=61880"}],"curies":[{"name":"wp","href":"https:\/\/api.w.org\/{rel}","templated":true}]}}