{"id":6207,"date":"2014-09-17T13:52:48","date_gmt":"2014-09-17T11:52:48","guid":{"rendered":"https:\/\/www.herr-rau.de\/wordpress\/?p=6207"},"modified":"2023-06-13T10:37:15","modified_gmt":"2023-06-13T08:37:15","slug":"schuljahresanfang-201415","status":"publish","type":"post","link":"https:\/\/www.herr-rau.de\/wordpress\/2014\/09\/schuljahresanfang-201415.htm","title":{"rendered":"Schuljahresanfang 2014\/15"},"content":{"rendered":"<div style='text-align:right;'><small>(<a href='https:\/\/www.herr-rau.de\/wordpress\/2014\/09\/schuljahresanfang-201415.htm#comments'>8 Kommentare.<\/a>)<\/small> <\/div>\n<p>(Der Schuljahresbeginn ist eigentlich Anfang August, was Mitte September beginnt, ist lediglich der Unterricht. Aber wir wissen ja alle, wann es wirklich losgeht.)<\/p>\n\n\n\n<p>Heute meine ersten Stunden gehabt. Ach, das freut mich jedesmal. Ich will mich weder mit Heinrich Heine vergleichen noch mit dem Riesen Ant\u00e4us, der immer wieder neue Kraft erh\u00e4lt, wenn er seine Mutter &#8211; Gaia, die Erde &#8211; ber\u00fchrt, noch mit sonstigen Riesen, aber ich muss an jedem Schuljahresanfang an ein paar Verse aus dem Anfang von Heines <em>Deutschland. Ein Winterm\u00e4rchen<\/em> denken:<\/p>\n\n\n\n<blockquote class=\"wp-block-quote is-layout-flow wp-block-quote-is-layout-flow\">\n<p>Seit ich auf deutsche Erde trat,<br>Durchstr\u00f6men mich Zaubers\u00e4fte &#8211;<br>Der Riese hat wieder die Mutter ber\u00fchrt,<br>Und es wuchsen ihm neu die Kr\u00e4fte.<\/p>\n<\/blockquote>\n\n\n\n<p>Ein gewisses Aufwachen bringt der erste Sch\u00fclerkontakt nach den Sommerferien jedenfalls schon mit sich.<\/p>\n\n\n\n<p>Ansonsten: An zwei Konferenzen teilgenommen. Stundenplan begutachtet, Unterrichtsverteilung, bin sehr zufrieden. Die Leute geben sich aber auch M\u00fche damit bei uns. Neu: Wir testen gerade das Doppelstundenprinzip, und soweit m\u00f6glich das Fachraumprinzip &#8211; der Idealfall, dass jeder Lehrer einen eigenen Raum kriegt, geht nat\u00fcrlich aus vielen Gr\u00fcnden nicht. Schauen wir mal, was Sch\u00fcler und Lehrer dazu sagen werden.<\/p>\n","protected":false},"excerpt":{"rendered":"<p>(8 Kommentare.) (Der Schuljahresbeginn ist eigentlich Anfang August, was Mitte September beginnt, ist lediglich der Unterricht. Aber wir wissen ja alle, wann es wirklich losgeht.) Heute meine ersten Stunden gehabt. Ach, das freut mich jedesmal. Ich will mich weder mit Heinrich Heine vergleichen noch mit dem Riesen Ant\u00e4us, der immer wieder neue Kraft erh\u00e4lt, wenn [&hellip;]<\/p>\n","protected":false},"author":2,"featured_media":0,"comment_status":"open","ping_status":"open","sticky":false,"template":"","format":"standard","meta":{"_jetpack_memberships_contains_paid_content":false,"footnotes":""},"categories":[6],"tags":[179],"class_list":["post-6207","post","type-post","status-publish","format-standard","hentry","category-schule-alltag","tag-alltag"],"jetpack_featured_media_url":"","jetpack_sharing_enabled":true,"jetpack_likes_enabled":true,"_links":{"self":[{"href":"https:\/\/www.herr-rau.de\/wordpress\/wp-json\/wp\/v2\/posts\/6207","targetHints":{"allow":["GET"]}}],"collection":[{"href":"https:\/\/www.herr-rau.de\/wordpress\/wp-json\/wp\/v2\/posts"}],"about":[{"href":"https:\/\/www.herr-rau.de\/wordpress\/wp-json\/wp\/v2\/types\/post"}],"author":[{"embeddable":true,"href":"https:\/\/www.herr-rau.de\/wordpress\/wp-json\/wp\/v2\/users\/2"}],"replies":[{"embeddable":true,"href":"https:\/\/www.herr-rau.de\/wordpress\/wp-json\/wp\/v2\/comments?post=6207"}],"version-history":[{"count":1,"href":"https:\/\/www.herr-rau.de\/wordpress\/wp-json\/wp\/v2\/posts\/6207\/revisions"}],"predecessor-version":[{"id":58021,"href":"https:\/\/www.herr-rau.de\/wordpress\/wp-json\/wp\/v2\/posts\/6207\/revisions\/58021"}],"wp:attachment":[{"href":"https:\/\/www.herr-rau.de\/wordpress\/wp-json\/wp\/v2\/media?parent=6207"}],"wp:term":[{"taxonomy":"category","embeddable":true,"href":"https:\/\/www.herr-rau.de\/wordpress\/wp-json\/wp\/v2\/categories?post=6207"},{"taxonomy":"post_tag","embeddable":true,"href":"https:\/\/www.herr-rau.de\/wordpress\/wp-json\/wp\/v2\/tags?post=6207"}],"curies":[{"name":"wp","href":"https:\/\/api.w.org\/{rel}","templated":true}]}}