{"id":62915,"date":"2024-09-04T15:13:59","date_gmt":"2024-09-04T13:13:59","guid":{"rendered":"https:\/\/www.herr-rau.de\/wordpress\/?p=62915"},"modified":"2024-09-04T15:27:45","modified_gmt":"2024-09-04T13:27:45","slug":"otto-ehrhart-bembes-macht-sich-selbstaendig-jetzt-als-epub-und-pdf","status":"publish","type":"post","link":"https:\/\/www.herr-rau.de\/wordpress\/2024\/09\/otto-ehrhart-bembes-macht-sich-selbstaendig-jetzt-als-epub-und-pdf.htm","title":{"rendered":"Otto Ehrhart, Bembes macht sich selbst\u00e4ndig &#8211; jetzt als EPUB und PDF"},"content":{"rendered":"<div style='text-align:right;'><small>(<a href='https:\/\/www.herr-rau.de\/wordpress\/2024\/09\/otto-ehrhart-bembes-macht-sich-selbstaendig-jetzt-als-epub-und-pdf.htm#comments'>4 Kommentare.<\/a>)<\/small> <\/div>\n<h2 class=\"wp-block-heading\">1. Die Dateien zum Download<\/h2>\n\n\n\n<p>Hier gibt es den Text von Otto Ehrharts Buch <em>Bembes macht sich selbst\u00e4ndig<\/em> (1937) als E-Buch zum Herunterladen.<\/p>\n\n\n\n<p>Die Dateien sind jeweils in der Version 1.0 vom September 2024. Ich werde sicher nach und nach Tipp- und Formatierfehler entdecken und verbessern und die Version aktualisieren.<\/p>\n\n\n\n<ul class=\"wp-block-list\">\n<li><a href=\"https:\/\/www.herr-rau.de\/wordpress\/archiv\/ehrhart\/Ehrhart, Otto - Bembes macht sich selbst\u00e4ndig (mit Original-Seitenzahlen).epub\">EPUB mit den Seitenzahlen der Erstausgabe in eckigen Klammern<\/a><\/li>\n\n\n\n<li><a href=\"https:\/\/www.herr-rau.de\/wordpress\/archiv\/ehrhart\/Ehrhart, Otto - Bembes macht sich selbst\u00e4ndig (mit Original-Seitenzahlen).pdf\">PDF mit den Seitenzahlen der Erstausgabe in eckigen Klammern<\/a><\/li>\n\n\n\n<li><a href=\"https:\/\/www.herr-rau.de\/wordpress\/archiv\/ehrhart\/Ehrhart, Otto - Bembes macht sich selbst\u00e4ndig (ohne Original-Seitenzahlen).epub\">EPUB ohne Seitenzahlen in eckigen Klammern<\/a><\/li>\n\n\n\n<li><a href=\"https:\/\/www.herr-rau.de\/wordpress\/archiv\/ehrhart\/Ehrhart, Otto - Bembes macht sich selbst\u00e4ndig (ohne Original-Seitenzahlen).pdf\">PDF ohne Seitenzahlen in eckigen Klammern<\/a><\/li>\n<\/ul>\n\n\n\n<p>(Wenn jemand Kundiges mal ein besseres Nachwort schreiben m\u00f6chte, sehr gerne!)<\/p>\n\n\n\n<h2 class=\"wp-block-heading\">2. Hintergrund<\/h2>\n\n\n\n<p>Ich habe schon mehrfach \u00fcber Otto Ehrharts Buch geschrieben; das hier wird vorerst mein letzter Eintrag. 2022 habe ich das Buch <a href=\"https:\/\/www.herr-rau.de\/wordpress\/2022\/11\/otto-ehrhart-bembes-macht-sich-selbstaendig.htm\">wiederentdeckt und dar\u00fcber gebloggt<\/a>, das k\u00f6nnte man zur Orientierung lesen; vor ein paar Wochen habe ich <a href=\"https:\/\/www.herr-rau.de\/wordpress\/2024\/08\/otto-ehrhart-bembes-macht-sich-selbstaendig-stichwortverzeichnis.htm\">einen Index dazu erstellt<\/a>, und <a href=\"https:\/\/www.herr-rau.de\/wordpress\/2024\/08\/otto-ehrhart-der-glaeserne-turm.htm\">den Text von Ehrharts Erz\u00e4hlung &#8222;Der gl\u00e4serne Turm&#8220; aus dem Jahr 1927 online gestellt<\/a>. Einen Wikipedia-Eintrag hat Ehrhart jetzt auch.<\/p>\n\n\n\n<h2 class=\"wp-block-heading\">3. Stadtarchiv<\/h2>\n\n\n\n<p>Ich war im Stadtarchiv Dachau, wo eine kleine Sammlung von Dokumenten aus dem Nachlass von Otto Ehrhart aufbewahrt wird.<\/p>\n\n\n\n<figure class=\"wp-block-image size-full\"><img loading=\"lazy\" decoding=\"async\" width=\"700\" height=\"525\" src=\"https:\/\/www.herr-rau.de\/wordpress\/archiv\/ehrhart_dachau_01.jpg\" alt=\"\" class=\"wp-image-62916\" srcset=\"https:\/\/www.herr-rau.de\/wordpress\/archiv\/ehrhart_dachau_01.jpg 700w, https:\/\/www.herr-rau.de\/wordpress\/archiv\/ehrhart_dachau_01-300x225.jpg 300w, https:\/\/www.herr-rau.de\/wordpress\/archiv\/ehrhart_dachau_01-150x113.jpg 150w\" sizes=\"auto, (max-width: 700px) 100vw, 700px\" \/><\/figure>\n\n\n\n<p>Da gab es Autogrammkarten und Magazinartikel, eine handschriftliche Skizze, maschinengetippte Dokumente und vor allem viele Privatfotos. Die sind auch sehr interessant, aber ich darf sie nat\u00fcrlich nicht so einfach ver\u00f6ffentlichen.<\/p>\n\n\n\n<p>Mit dem Bembes-Text geht das wohl eher: Im Archiv fand ich den Eintrag aus einer amtlichen Meldekartei. Dass Ehrhart im Januar 1945 in Polen zum letzten Mal gesehen wurde und wohl nicht viel l\u00e4nger gelebt hat, wusste ich. Im Gro\u00dfen und Ganzen sind Werke 70 Jahre nach dem Tod des Urhebers gemeinfrei, aber ein offizielles Todesdatum hatte ich ja nicht. Auf der Meldekarte stand aber der Hinweis auf ein Urteil des Amtsgerichts Dachau, und das habe ich mir dort best\u00e4tigen lassen: Ehrhart wurde f\u00fcr tot erkl\u00e4rt und als Todeszeitpunkt der 31.12.1945 um 24 Uhr festgestellt. Es gibt Nachkommen, ich habe aber keinen Kontakt zu ihnen, sonst h\u00e4tte ich vorab auf diese Ver\u00f6ffentlichung hingewiesen.<\/p>\n\n\n\n<p>Die Otto-Ehrhart-Stra\u00dfe in Dachau:<\/p>\n\n\n\n<figure class=\"wp-block-image size-full\"><img loading=\"lazy\" decoding=\"async\" width=\"525\" height=\"506\" src=\"https:\/\/www.herr-rau.de\/wordpress\/archiv\/ehrhart_dachau_02.jpg\" alt=\"\" class=\"wp-image-63135\" srcset=\"https:\/\/www.herr-rau.de\/wordpress\/archiv\/ehrhart_dachau_02.jpg 525w, https:\/\/www.herr-rau.de\/wordpress\/archiv\/ehrhart_dachau_02-300x289.jpg 300w, https:\/\/www.herr-rau.de\/wordpress\/archiv\/ehrhart_dachau_02-150x145.jpg 150w\" sizes=\"auto, (max-width: 525px) 100vw, 525px\" \/><\/figure>\n\n\n\n<p><\/p>\n","protected":false},"excerpt":{"rendered":"<p>(4 Kommentare.) 1. Die Dateien zum Download Hier gibt es den Text von Otto Ehrharts Buch Bembes macht sich selbst\u00e4ndig (1937) als E-Buch zum Herunterladen. Die Dateien sind jeweils in der Version 1.0 vom September 2024. Ich werde sicher nach und nach Tipp- und Formatierfehler entdecken und verbessern und die Version aktualisieren. (Wenn jemand Kundiges [&hellip;]<\/p>\n","protected":false},"author":2,"featured_media":62916,"comment_status":"open","ping_status":"open","sticky":false,"template":"","format":"standard","meta":{"_jetpack_memberships_contains_paid_content":false,"footnotes":""},"categories":[313],"tags":[329],"class_list":["post-62915","post","type-post","status-publish","format-standard","has-post-thumbnail","hentry","category-tagebuch","tag-otto-ehrhart"],"jetpack_featured_media_url":"https:\/\/www.herr-rau.de\/wordpress\/archiv\/ehrhart_dachau_01.jpg","jetpack_sharing_enabled":true,"jetpack_likes_enabled":true,"_links":{"self":[{"href":"https:\/\/www.herr-rau.de\/wordpress\/wp-json\/wp\/v2\/posts\/62915","targetHints":{"allow":["GET"]}}],"collection":[{"href":"https:\/\/www.herr-rau.de\/wordpress\/wp-json\/wp\/v2\/posts"}],"about":[{"href":"https:\/\/www.herr-rau.de\/wordpress\/wp-json\/wp\/v2\/types\/post"}],"author":[{"embeddable":true,"href":"https:\/\/www.herr-rau.de\/wordpress\/wp-json\/wp\/v2\/users\/2"}],"replies":[{"embeddable":true,"href":"https:\/\/www.herr-rau.de\/wordpress\/wp-json\/wp\/v2\/comments?post=62915"}],"version-history":[{"count":3,"href":"https:\/\/www.herr-rau.de\/wordpress\/wp-json\/wp\/v2\/posts\/62915\/revisions"}],"predecessor-version":[{"id":63138,"href":"https:\/\/www.herr-rau.de\/wordpress\/wp-json\/wp\/v2\/posts\/62915\/revisions\/63138"}],"wp:featuredmedia":[{"embeddable":true,"href":"https:\/\/www.herr-rau.de\/wordpress\/wp-json\/wp\/v2\/media\/62916"}],"wp:attachment":[{"href":"https:\/\/www.herr-rau.de\/wordpress\/wp-json\/wp\/v2\/media?parent=62915"}],"wp:term":[{"taxonomy":"category","embeddable":true,"href":"https:\/\/www.herr-rau.de\/wordpress\/wp-json\/wp\/v2\/categories?post=62915"},{"taxonomy":"post_tag","embeddable":true,"href":"https:\/\/www.herr-rau.de\/wordpress\/wp-json\/wp\/v2\/tags?post=62915"}],"curies":[{"name":"wp","href":"https:\/\/api.w.org\/{rel}","templated":true}]}}