{"id":63139,"date":"2024-09-06T17:49:46","date_gmt":"2024-09-06T15:49:46","guid":{"rendered":"https:\/\/www.herr-rau.de\/wordpress\/?p=63139"},"modified":"2024-09-07T17:43:34","modified_gmt":"2024-09-07T15:43:34","slug":"sommerferienreste","status":"publish","type":"post","link":"https:\/\/www.herr-rau.de\/wordpress\/2024\/09\/sommerferienreste.htm","title":{"rendered":"Sommerferienreste"},"content":{"rendered":"<div style='text-align:right;'><small>(<a href='https:\/\/www.herr-rau.de\/wordpress\/2024\/09\/sommerferienreste.htm#comments'>4 Kommentare.<\/a>)<\/small> <\/div>\n<p>Ich mag Lieder mit Cover-Versionen, schon mehrfach schrieb ich: Wenn es ein Lied eigentlich nur in einer Version gibt, dann ist nicht das Lied das Kunstwerk, sondern die Kombination aus K\u00fcnstler-Lied-Marketing-Jahrzehnt-Umst\u00e4nden; es ist eher ein Gesamtkunstwerk oder eine Installation. Ein gutes Lied erkennt man daran, dass andere es nachsingen wollen, auf der Ukulele, am Lagerfeuer, oder als profesionelle K\u00fcnstlerin. Das Konzept einer Original-Version gibt es erst seit dem Rock&#8217;n Roll.<\/p>\n\n\n\n<p>Deshalb habe ich mit Interesse bei Cracked gelesen: <a href=\"https:\/\/www.cracked.com\/article_43385_6-songs-that-rocked-hard-before-they-got-covered-and-became-famous.html?newsletter-cat=science-history\">&#8222;6 Songs That Rocked Hard Before They Got Covered and Became Famous&#8220;<\/a>. (Nicht alle Geschichten sind sch\u00f6n.) Unter anderem geht es dort um &#8222;Mickey&#8220; (1981) von Toni Basil, das eine Version von &#8222;Kitty&#8220; (1979) ist, mit fast dem gleichen Text, nur umgedrehten Geschlechterrollen. Das erkl\u00e4rt manches. Den Video dazu hatte ich vermutlich noch nie gesehen:<\/p>\n\n\n\n<figure class=\"wp-block-embed is-type-video is-provider-youtube wp-block-embed-youtube wp-embed-aspect-4-3 wp-has-aspect-ratio\"><div class=\"wp-block-embed__wrapper\">\n<iframe loading=\"lazy\" title=\"Toni Basil &quot;Hey Mickey&quot;  Music Video\" width=\"500\" height=\"375\" src=\"https:\/\/www.youtube.com\/embed\/0aqLwHP4y6Q?feature=oembed\" frameborder=\"0\" allow=\"accelerometer; autoplay; clipboard-write; encrypted-media; gyroscope; picture-in-picture; web-share\" referrerpolicy=\"strict-origin-when-cross-origin\" allowfullscreen><\/iframe>\n<\/div><\/figure>\n\n\n\n<p>Das Lied verbinde ich mit den Faschings- und anderen Partys in der \u00f6rtlichen Pfarrei. Da war ich mit im Team. Vor allem beim regelm\u00e4\u00dfigen Abbauen am Tag darauf war die Stimmung sch\u00f6n, man r\u00e4umte gem\u00e4chlich, und weil die Gruppe nicht so gro\u00df war, konnte man leicht Musikw\u00fcnsche anbringen &#8211; mit den Singles, die halt da waren. Und da war &#8222;Mickey&#8220; eben eine, die viel geh\u00f6rt wurde. Daneben &#8222;Tender Is the Night&#8220; von Jackson Browne (1983) (<a href=\"https:\/\/www.youtube.com\/watch?v=wgF6n7n3iSU\">Youtube<\/a>) und &#8222;Don&#8217;t Go Breaking My Heart&#8220; von Kiki Dee und Elton John (schon 1976, sehe ich gerade) (<a href=\"https:\/\/www.youtube.com\/watch?v=Hk3Ri5_0wQM\">Youtube<\/a>). Andere Lieder aus dieser Zeit verbinde ich mit anderen Orten.<\/p>\n\n\n\n<p class=\"has-text-align-center\">***<\/p>\n\n\n\n<p>Schon vor zehn Tagen war ein Gast fr\u00fchabends im Wohnzimmer:<\/p>\n\n\n\n<figure class=\"wp-block-image size-full\"><img loading=\"lazy\" decoding=\"async\" width=\"700\" height=\"547\" src=\"https:\/\/www.herr-rau.de\/wordpress\/archiv\/heupferd2024.jpg\" alt=\"\" class=\"wp-image-63144\" srcset=\"https:\/\/www.herr-rau.de\/wordpress\/archiv\/heupferd2024.jpg 700w, https:\/\/www.herr-rau.de\/wordpress\/archiv\/heupferd2024-300x234.jpg 300w, https:\/\/www.herr-rau.de\/wordpress\/archiv\/heupferd2024-150x117.jpg 150w\" sizes=\"auto, (max-width: 700px) 100vw, 700px\" \/><\/figure>\n\n\n\n<p>M\u00fcnchen, Stadtmitte, 3. Stock. Wir haben das Heupferd dann zu zweit eingesammelt und auf den Balkon verfrachtet. 2006 war schon mal eines hier, sagt das Bildarchiv, aber ein kleinereres.<\/p>\n\n\n\n<p class=\"has-text-align-center\">***<\/p>\n\n\n\n<p>Dann zum ersten Mal mit dem Rettungswagen gefahren. Was allen sicher offensichtlich ist, \u00fcber das ich aber noch nie nachgedacht habe: von innen ist die Sirene gar nicht so laut! Weil, klar, kann ja nicht. Es gibt zweierlei Sirenen, habe ich mir sagen lassen, Pressluft und, uh, elektrisch? Die eine ist lauter als die andere. Unsere war am K\u00fchler montiert und strahlte vor allem nach vorne aus. Au\u00dferdem habe ich gelernt, dass Rettungswagen, auch wenn sie es eilig haben, manchmal sehr langsam fahren: weil es vor allem im hinteren Teil scheppert und wackelt und ruckelt und schwankt, und das beim Krankentransport nat\u00fcrlich schlecht ist. (Erinnerte mich ans Fahren mit dem kleinen Panzer bei der Bundeswehr.)<\/p>\n\n\n\n<p>Der Anlass: H\u00e4uslicher Unfall der betagten Anverwandten, als Besuch aus Berlin und Florida und ich da waren. Geht schon, bin aber arg erschrocken.<\/p>\n\n\n\n<p class=\"has-text-align-center\">***<\/p>\n\n\n\n<p>In Th\u00fcringen haben immerhin 70% keine Nazis gew\u00e4hlt.<\/p>\n\n\n\n<p>Den Gr\u00fcnen wird immer vorgeworfen, sich moralisch f\u00fcr besser zu halten, Andersdenkende zu verachten oder Denkverbote zu erlassen; zumindest habe ich das in der letzten Woche mehrfach gelesen. Das halte ich f\u00fcr Unfug. Ich bin ja gr\u00fcn, und halbwegs woke f\u00fcr mein Alter, und es gibt bestimmt sehr wenige Menschen, die ich verachte. Nazis vermutlich. Ich kenne niemanden, den ich verachte, mit manchen habe ich eher Mitleid. Denkverbote erteilen weder ich noch die Gr\u00fcnen, aber es ist ja auch kein Denkverbot, wenn man sagt, dass bestimmte Dinge Unsinn sind. Und f\u00fcr moralisch besser halte ich mich selten, und so gut wie nie bei Umweltthemen, und nicht mal bei allen Rassisten. Aber was bei mir der Fall ist: ich halte viele f\u00fcr dumm, oder denkblind. (Das sind die &#8222;Es gibt gar keinen Klimawandel&#8220;-Leute. Die gibt es tats\u00e4chlich.)<\/p>\n\n\n\n<p>Wenn ich Politiker w\u00e4re, w\u00e4re es unklug, das zu sagen, vermute ich. Der Vorwurf wird aber gar nicht oft erhoben. Den Gr\u00fcnen wirft man ja alles m\u00f6gliche vor, aber mir begegnet selten: die halten sich f\u00fcr etwas Kl\u00fcgeres als mich. Kommt das den Leuten so viel weniger in den Sinn als der Moral-Vorwurf? Ich sage das ja niemandem ins Gesicht, aber m\u00fcssten die sich das nicht denken?<\/p>\n\n\n\n<p>Ich verstehe sogar, wie man f\u00fcr Faschismus sein kann, auch wenn ich das f\u00fcr furchtbar falsch halte: Wenn einem Gesetze und Gesetzes\u00e4nderungen und Demokratie zu langsam sind, wenn man einen starken F\u00fchrer m\u00f6chte, der gordische Knoten einfach zerschl\u00e4gt, der Loyalit\u00e4t belohnt und der sich nicht an Gesetze halten muss. Dumm ist, wer das f\u00fcr n\u00f6tig h\u00e4lt, um einer erfundenen Gefahr zu begegnen. Dumm ist, wer glaubt, dass das ohne Korruption geht, oder wer glaubt, dass das ohne massive Beeintr\u00e4chtigung von Minderheiten und Abweichung jeder Art geht. Charakterlos ist, wer das okay findet.<\/p>\n\n\n\n<p><em>(Nachtrag: Statt dumm oder denkblind schlage ich vor: &#8222;Mit hohem Selbstt\u00e4uschungsverm\u00f6gen.&#8220;)<\/em><\/p>\n","protected":false},"excerpt":{"rendered":"<p>(4 Kommentare.) Ich mag Lieder mit Cover-Versionen, schon mehrfach schrieb ich: Wenn es ein Lied eigentlich nur in einer Version gibt, dann ist nicht das Lied das Kunstwerk, sondern die Kombination aus K\u00fcnstler-Lied-Marketing-Jahrzehnt-Umst\u00e4nden; es ist eher ein Gesamtkunstwerk oder eine Installation. Ein gutes Lied erkennt man daran, dass andere es nachsingen wollen, auf der Ukulele, [&hellip;]<\/p>\n","protected":false},"author":2,"featured_media":0,"comment_status":"open","ping_status":"open","sticky":false,"template":"","format":"standard","meta":{"_jetpack_memberships_contains_paid_content":false,"footnotes":""},"categories":[313],"tags":[],"class_list":["post-63139","post","type-post","status-publish","format-standard","hentry","category-tagebuch"],"jetpack_featured_media_url":"","jetpack_sharing_enabled":true,"jetpack_likes_enabled":true,"_links":{"self":[{"href":"https:\/\/www.herr-rau.de\/wordpress\/wp-json\/wp\/v2\/posts\/63139","targetHints":{"allow":["GET"]}}],"collection":[{"href":"https:\/\/www.herr-rau.de\/wordpress\/wp-json\/wp\/v2\/posts"}],"about":[{"href":"https:\/\/www.herr-rau.de\/wordpress\/wp-json\/wp\/v2\/types\/post"}],"author":[{"embeddable":true,"href":"https:\/\/www.herr-rau.de\/wordpress\/wp-json\/wp\/v2\/users\/2"}],"replies":[{"embeddable":true,"href":"https:\/\/www.herr-rau.de\/wordpress\/wp-json\/wp\/v2\/comments?post=63139"}],"version-history":[{"count":2,"href":"https:\/\/www.herr-rau.de\/wordpress\/wp-json\/wp\/v2\/posts\/63139\/revisions"}],"predecessor-version":[{"id":63179,"href":"https:\/\/www.herr-rau.de\/wordpress\/wp-json\/wp\/v2\/posts\/63139\/revisions\/63179"}],"wp:attachment":[{"href":"https:\/\/www.herr-rau.de\/wordpress\/wp-json\/wp\/v2\/media?parent=63139"}],"wp:term":[{"taxonomy":"category","embeddable":true,"href":"https:\/\/www.herr-rau.de\/wordpress\/wp-json\/wp\/v2\/categories?post=63139"},{"taxonomy":"post_tag","embeddable":true,"href":"https:\/\/www.herr-rau.de\/wordpress\/wp-json\/wp\/v2\/tags?post=63139"}],"curies":[{"name":"wp","href":"https:\/\/api.w.org\/{rel}","templated":true}]}}