{"id":6378,"date":"2015-03-11T18:41:29","date_gmt":"2015-03-11T17:41:29","guid":{"rendered":"https:\/\/www.herr-rau.de\/wordpress\/?p=6378"},"modified":"2023-06-13T08:31:18","modified_gmt":"2023-06-13T06:31:18","slug":"es-ist-alles-meine-schuld","status":"publish","type":"post","link":"https:\/\/www.herr-rau.de\/wordpress\/2015\/03\/es-ist-alles-meine-schuld.htm","title":{"rendered":"Es ist alles meine Schuld"},"content":{"rendered":"<div style='text-align:right;'><small>(<a href='https:\/\/www.herr-rau.de\/wordpress\/2015\/03\/es-ist-alles-meine-schuld.htm#comments'>4 Kommentare.<\/a>)<\/small> <\/div>\n<p class=\"wp-block-paragraph\">Ich sollte vielleicht hundertmal schreiben:<\/p>\n\n\n\n<blockquote class=\"wp-block-quote is-layout-flow wp-block-quote-is-layout-flow\">\n<p class=\"wp-block-paragraph\">Ich werde Mebis nicht als Kommunikationsmittel missbrauchen.<br>Ich werde Mebis nicht als Kommunikationsmittel missbrauchen.<br>Ich werde Mebis nicht als Kommunikationsmittel missbrauchen.<br>Ich werde Mebis nicht als Kommunikationsmittel missbrauchen.<br>Ich werde Mebis nicht als Kommunikationsmittel missbrauchen.<\/p>\n<\/blockquote>\n\n\n\n<p class=\"wp-block-paragraph\">Vielleicht sogar: Ich werde mit Sch\u00fclern nicht digital kommunizieren. Aber das ist so sch\u00f6n. Sich Dateien schicken lassen, statt sie \u00fcber USB-Stick im Computerraum einzusammeln.<\/p>\n\n\n\n<p class=\"wp-block-paragraph\">Mebis ist letztlich die Kombination von Moodle, Audio\/Video-Datenbank und Archiv zentraler Pr\u00fcfungen, die allen bayerischen Schulen vom Kultusministerium zur Verf\u00fcgung gestellt wird. Mebis ist echt toll. Vielseitig einsetzbar. F\u00fcr alles m\u00f6gliche. Au\u00dfer Kommunikation. Und das muss ich mir endlich merken. Ich meine das ernst: Ich darf mich tats\u00e4chlich nicht dazu verf\u00fchren lassen, das als digitales Kommunikationsmittel einzusetzen.<\/p>\n\n\n\n<p class=\"wp-block-paragraph\">Was mit Mebis-Moodle geht: Man richtet einen Kurs mit \u00dcbungen\/Aufgaben ein und l\u00e4sst die Sch\u00fcler die \u00dcbungen\/Aufgaben erledigen. Das kann funktionieren, jedenfalls in den F\u00e4chern, die so arbeiten. In den kommunikationsorientierten F\u00e4chern ist das&#8230; schwieriger.<\/p>\n\n\n\n<p class=\"wp-block-paragraph\">Es beginnt schon mal damit, dass man Zugang zum Kurs nur \u00fcber einen Browser hat, nicht \u00fcber eine App. Weiterhin kann ich \u00fcber E-Mail kommunizieren &#8211; das hei\u00dft, ich schreibe innerhalb des Systems Nachrichten an einzelne oder an alle, und die gehen dann per Mail an die Empf\u00e4nger. Und weil alle meine Sch\u00fcler tats\u00e4chlich wirklich lieb sind, versuchen Sie es tats\u00e4chlich noch einmal mit E-Mail, jenem in Deutschaufs\u00e4tzen immer noch liebevoll &#8222;neu&#8220; genannten Medium aus dem letzten Jahrtausend.<\/p>\n\n\n\n<p class=\"wp-block-paragraph\">Der Teufel steckt im Detail. Mebis ist, und das finde ich eigentlich gut, vorbildlich beim Umgang mit Sch\u00fclderdaten. Das System verlangt nicht, dass Sch\u00fcler eine E-Mail angeben m\u00fcssen. Das ist halt aber bl\u00f6d f\u00fcrs Kommunizieren. Wenn die Sch\u00fcler doch eine Adresse angeben, wird nicht \u00fcberpr\u00fcft, ob es eine korrekte Adresse ist. Der Sch\u00fcler wundert sich nur, warum er keine Mails kriegt, das hei\u00dft, er wundert sich erst einmal gar nicht, wieso auch. Hat der Sch\u00fcler eine richtige Mail angegeben und ist willens, sie abzurufen, dann hat er vielleicht au\u00dferdem in den pes\u00f6nlichen Einstellungen angekreuzt, dass er keine Mails kriegen will. Ich finde es tats\u00e4chlich gut, wenn Sch\u00fcler die Einstellungsm\u00f6glichkeiten auch wirklich lesen und grunds\u00e4tzlich erst mal keine Mails wollen. Aber die Kommunikation erleichtert das nicht. Ich kann zwar als Kursleiter einstellen, dass jeder meine besonders wichtige Nachricht kriegen muss, aber eben auch nur dann, wenn der Empf\u00e4nger das will. Ob er das ein- oder ausgeschaltet hat, sehe ich als Kursleiter nicht. Auch das erleichtert die Kommunikation nicht.<\/p>\n\n\n\n<p class=\"wp-block-paragraph\">Und, tats\u00e4chlich, in einigen anderen Punkte, so weiter. Einerseits: lobenswert. Andererseits: kaum zu benutzen.<\/p>\n","protected":false},"excerpt":{"rendered":"<p>(4 Kommentare.) Ich sollte vielleicht hundertmal schreiben: Ich werde Mebis nicht als Kommunikationsmittel missbrauchen.Ich werde Mebis nicht als Kommunikationsmittel missbrauchen.Ich werde Mebis nicht als Kommunikationsmittel missbrauchen.Ich werde Mebis nicht als Kommunikationsmittel missbrauchen.Ich werde Mebis nicht als Kommunikationsmittel missbrauchen. Vielleicht sogar: Ich werde mit Sch\u00fclern nicht digital kommunizieren. Aber das ist so sch\u00f6n. Sich Dateien schicken [&hellip;]<\/p>\n","protected":false},"author":2,"featured_media":0,"comment_status":"open","ping_status":"open","sticky":false,"template":"","format":"standard","meta":{"footnotes":""},"categories":[6],"tags":[179],"class_list":["post-6378","post","type-post","status-publish","format-standard","hentry","category-schule-alltag","tag-alltag"],"_links":{"self":[{"href":"https:\/\/www.herr-rau.de\/wordpress\/wp-json\/wp\/v2\/posts\/6378","targetHints":{"allow":["GET"]}}],"collection":[{"href":"https:\/\/www.herr-rau.de\/wordpress\/wp-json\/wp\/v2\/posts"}],"about":[{"href":"https:\/\/www.herr-rau.de\/wordpress\/wp-json\/wp\/v2\/types\/post"}],"author":[{"embeddable":true,"href":"https:\/\/www.herr-rau.de\/wordpress\/wp-json\/wp\/v2\/users\/2"}],"replies":[{"embeddable":true,"href":"https:\/\/www.herr-rau.de\/wordpress\/wp-json\/wp\/v2\/comments?post=6378"}],"version-history":[{"count":2,"href":"https:\/\/www.herr-rau.de\/wordpress\/wp-json\/wp\/v2\/posts\/6378\/revisions"}],"predecessor-version":[{"id":57739,"href":"https:\/\/www.herr-rau.de\/wordpress\/wp-json\/wp\/v2\/posts\/6378\/revisions\/57739"}],"wp:attachment":[{"href":"https:\/\/www.herr-rau.de\/wordpress\/wp-json\/wp\/v2\/media?parent=6378"}],"wp:term":[{"taxonomy":"category","embeddable":true,"href":"https:\/\/www.herr-rau.de\/wordpress\/wp-json\/wp\/v2\/categories?post=6378"},{"taxonomy":"post_tag","embeddable":true,"href":"https:\/\/www.herr-rau.de\/wordpress\/wp-json\/wp\/v2\/tags?post=6378"}],"curies":[{"name":"wp","href":"https:\/\/api.w.org\/{rel}","templated":true}]}}