{"id":6397,"date":"2015-03-21T10:29:51","date_gmt":"2015-03-21T09:29:51","guid":{"rendered":"https:\/\/www.herr-rau.de\/wordpress\/?p=6397"},"modified":"2023-06-13T08:30:53","modified_gmt":"2023-06-13T06:30:53","slug":"sonnenfinsternis-2015-in-der-schule","status":"publish","type":"post","link":"https:\/\/www.herr-rau.de\/wordpress\/2015\/03\/sonnenfinsternis-2015-in-der-schule.htm","title":{"rendered":"Sonnenfinsternis 2015, in der Schule"},"content":{"rendered":"<div style='text-align:right;'><small>(<a href='https:\/\/www.herr-rau.de\/wordpress\/2015\/03\/sonnenfinsternis-2015-in-der-schule.htm#comments'>10 Kommentare.<\/a>)<\/small> <\/div>\n<p>Sehen d\u00fcrfen oder nicht sehen d\u00fcrfen? Manche Schulen haben ihren Sch\u00fcler generell verboten, sich die Sonnenfinsternis anzuschauen, wegen der Gefahr. <a href=\"http:\/\/blog.ingo-bartling.de\/2015\/03\/19\/keine-sonnenfinsternis-in-der-grundschule\/\">Ingo berichtet von einer Grundschule<\/a>, aber das war auch an weiterf\u00fchrenden Schulen so. Ich habe von Grundschulen und Kinderg\u00e4rten geh\u00f6rt, wo das ganz problemlos ging und von anderen, wo die Kinder geradezu verr\u00fcckt gemacht wurden udn sich \u00fcberhaupt nicht mehr in die Sonne trauten. <a href=\"http:\/\/novemberregen.blogger.de\/stories\/2487320\/\">Frau Novemberregen schreibt k\u00f6stlich wie immer<\/a>, wie ihre Tochter letztlich ganz allein mit einer Lochkamera in der Pause die Sonnenfinsternis beobachten durfte.<\/p>\n\n\n\n<blockquote class=\"wp-block-quote is-layout-flow wp-block-quote-is-layout-flow\">\n<p><a href=\"https:\/\/twitter.com\/hashtag\/SoFi?src=hash\">#SoFi<\/a> vorbei, endlich k\u00f6nnen wir wieder beruhigt in die Sonne starren.<\/p>\n<cite>\u2014 Ingmar P\u00f6rner (@ipoerner) <a href=\"https:\/\/twitter.com\/ipoerner\/status\/578878169840820224\">20. M\u00e4rz 2015<\/a><\/cite><\/blockquote>\n\n\n\n<p>An meiner Schule ging das ja gut. Wer eine Brille hatte, durfte raus, und in der Aula wurde die Sonnenfinsternis per Kamera \u00fcbertragen. Unterricht fand keiner statt, soweit ich wei\u00df. Viele Sch\u00fcler hatten keine Brille dabei, aber auch das war kein Problem, die Sch\u00fcler tauschten friedlich die Brillen untereinander aus, so dass jeder, der wollte, zumindest einige Male die Sonne sehen konnte.<\/p>\n\n\n\n<p><a href=\"http:\/\/home.graf-rasso-gymnasium.de\/home\/?p=6340\">Bilder und Bericht dazu auf unserer Schulhomepage.<\/a><\/p>\n\n\n\n<p><em>Nachtrag: Mann, Mann. <a href=\"https:\/\/herrmess.wordpress.com\/2015\/03\/21\/das-ende-ist-nah\/\">Herr Mess schildert anschaulich<\/a> die wahnwitzige Paranoia an seiner Schule. &#8222;Das Ende ist nah&#8220;, allerdings. F\u00fcr einen Vormittag werden Sch\u00fcler zu Vampiren, die ja keinesfalls dem Sonnenlicht ausgesetzt werden d\u00fcrfen. Eigentlich m\u00fcsste das Stoff f\u00fcr ein paar Masterarbeiten geben, &#8222;Der Umgang der Kultusministerien und Schulen mit der Sonnenfinsternis 2015 im Spannungsfeld zwischen Unwissen, Aberglauben, Rechtsabteilung und Elternwillen.&#8220;<\/em><\/p>\n","protected":false},"excerpt":{"rendered":"<p>(10 Kommentare.) Sehen d\u00fcrfen oder nicht sehen d\u00fcrfen? Manche Schulen haben ihren Sch\u00fcler generell verboten, sich die Sonnenfinsternis anzuschauen, wegen der Gefahr. Ingo berichtet von einer Grundschule, aber das war auch an weiterf\u00fchrenden Schulen so. Ich habe von Grundschulen und Kinderg\u00e4rten geh\u00f6rt, wo das ganz problemlos ging und von anderen, wo die Kinder geradezu verr\u00fcckt [&hellip;]<\/p>\n","protected":false},"author":2,"featured_media":0,"comment_status":"open","ping_status":"open","sticky":false,"template":"","format":"standard","meta":{"_jetpack_memberships_contains_paid_content":false,"footnotes":""},"categories":[6],"tags":[179],"class_list":["post-6397","post","type-post","status-publish","format-standard","hentry","category-schule-alltag","tag-alltag"],"jetpack_featured_media_url":"","jetpack_sharing_enabled":true,"jetpack_likes_enabled":true,"_links":{"self":[{"href":"https:\/\/www.herr-rau.de\/wordpress\/wp-json\/wp\/v2\/posts\/6397","targetHints":{"allow":["GET"]}}],"collection":[{"href":"https:\/\/www.herr-rau.de\/wordpress\/wp-json\/wp\/v2\/posts"}],"about":[{"href":"https:\/\/www.herr-rau.de\/wordpress\/wp-json\/wp\/v2\/types\/post"}],"author":[{"embeddable":true,"href":"https:\/\/www.herr-rau.de\/wordpress\/wp-json\/wp\/v2\/users\/2"}],"replies":[{"embeddable":true,"href":"https:\/\/www.herr-rau.de\/wordpress\/wp-json\/wp\/v2\/comments?post=6397"}],"version-history":[{"count":2,"href":"https:\/\/www.herr-rau.de\/wordpress\/wp-json\/wp\/v2\/posts\/6397\/revisions"}],"predecessor-version":[{"id":58514,"href":"https:\/\/www.herr-rau.de\/wordpress\/wp-json\/wp\/v2\/posts\/6397\/revisions\/58514"}],"wp:attachment":[{"href":"https:\/\/www.herr-rau.de\/wordpress\/wp-json\/wp\/v2\/media?parent=6397"}],"wp:term":[{"taxonomy":"category","embeddable":true,"href":"https:\/\/www.herr-rau.de\/wordpress\/wp-json\/wp\/v2\/categories?post=6397"},{"taxonomy":"post_tag","embeddable":true,"href":"https:\/\/www.herr-rau.de\/wordpress\/wp-json\/wp\/v2\/tags?post=6397"}],"curies":[{"name":"wp","href":"https:\/\/api.w.org\/{rel}","templated":true}]}}