{"id":64687,"date":"2025-04-24T19:18:16","date_gmt":"2025-04-24T17:18:16","guid":{"rendered":"https:\/\/www.herr-rau.de\/wordpress\/?p=64687"},"modified":"2025-04-24T19:19:24","modified_gmt":"2025-04-24T17:19:24","slug":"die-mittleren-tage-der-osterferien-2025-essensfotos","status":"publish","type":"post","link":"https:\/\/www.herr-rau.de\/wordpress\/2025\/04\/die-mittleren-tage-der-osterferien-2025-essensfotos.htm","title":{"rendered":"Die mittleren Tage der Osterferien 2025: Essensfotos"},"content":{"rendered":"<div style='text-align:right;'><small>(<a href='https:\/\/www.herr-rau.de\/wordpress\/2025\/04\/die-mittleren-tage-der-osterferien-2025-essensfotos.htm#comments'>8 Kommentare.<\/a>)<\/small> <\/div>\n<p>Meine Torrijas (<a href=\"https:\/\/www.herr-rau.de\/wordpress\/2020\/04\/torrijas-vom-torrijero.htm\">Rezept im Blog<\/a>) werden zwar nie so gut wie die von meiner Schwiegermutter, aber die macht sie nicht mehr regelm\u00e4\u00dfig. Also muss ich wieder mal ran, weil ich Torrijas sehr gerne esse.<\/p>\n\n\n\n<p>Ds ist die vorbereitete Fertigungsstra\u00dfe:<\/p>\n\n\n\n<figure class=\"wp-block-image size-large\"><img loading=\"lazy\" decoding=\"async\" width=\"700\" height=\"485\" src=\"https:\/\/www.herr-rau.de\/wordpress\/archiv\/torrijas2025_1-700x485.jpg\" alt=\"\" class=\"wp-image-64689\" srcset=\"https:\/\/www.herr-rau.de\/wordpress\/archiv\/torrijas2025_1-700x485.jpg 700w, https:\/\/www.herr-rau.de\/wordpress\/archiv\/torrijas2025_1-300x208.jpg 300w, https:\/\/www.herr-rau.de\/wordpress\/archiv\/torrijas2025_1-150x104.jpg 150w, https:\/\/www.herr-rau.de\/wordpress\/archiv\/torrijas2025_1-1536x1064.jpg 1536w, https:\/\/www.herr-rau.de\/wordpress\/archiv\/torrijas2025_1-2048x1419.jpg 2048w\" sizes=\"auto, (max-width: 700px) 100vw, 700px\" \/><\/figure>\n\n\n\n<p>Und so sieht das am Ende aus:<\/p>\n\n\n\n<figure class=\"wp-block-image size-large\"><img loading=\"lazy\" decoding=\"async\" width=\"700\" height=\"500\" src=\"https:\/\/www.herr-rau.de\/wordpress\/archiv\/torrijas2025_2-700x500.jpg\" alt=\"\" class=\"wp-image-64690\" srcset=\"https:\/\/www.herr-rau.de\/wordpress\/archiv\/torrijas2025_2-700x500.jpg 700w, https:\/\/www.herr-rau.de\/wordpress\/archiv\/torrijas2025_2-300x214.jpg 300w, https:\/\/www.herr-rau.de\/wordpress\/archiv\/torrijas2025_2-150x107.jpg 150w, https:\/\/www.herr-rau.de\/wordpress\/archiv\/torrijas2025_2-1536x1097.jpg 1536w, https:\/\/www.herr-rau.de\/wordpress\/archiv\/torrijas2025_2-2048x1463.jpg 2048w\" sizes=\"auto, (max-width: 700px) 100vw, 700px\" \/><\/figure>\n\n\n\n<p>So wird das gegessen:<\/p>\n\n\n\n<figure class=\"wp-block-image size-large\"><img loading=\"lazy\" decoding=\"async\" width=\"700\" height=\"487\" src=\"https:\/\/www.herr-rau.de\/wordpress\/archiv\/torrijas2025_3-700x487.jpg\" alt=\"\" class=\"wp-image-64704\" srcset=\"https:\/\/www.herr-rau.de\/wordpress\/archiv\/torrijas2025_3-700x487.jpg 700w, https:\/\/www.herr-rau.de\/wordpress\/archiv\/torrijas2025_3-300x209.jpg 300w, https:\/\/www.herr-rau.de\/wordpress\/archiv\/torrijas2025_3-150x104.jpg 150w, https:\/\/www.herr-rau.de\/wordpress\/archiv\/torrijas2025_3.jpg 1536w\" sizes=\"auto, (max-width: 700px) 100vw, 700px\" \/><\/figure>\n\n\n\n<p>Torrijas sollen erinnern &#8211; sagt sowohl die Familientradition als auch das Internet &#8211; an den mit Essig getr\u00e4nkten Schwamm, der Jesus am Kreuz (vom Soldaten Stephaton) zur Erfrischung hingehalten wurde.<\/p>\n\n\n\n<p>Au\u00dferdem habe ich auf Wunsch von Frau Rau einen franz\u00f6sischen Auflauf gemacht, aus Lauch und Kartoffeln, beides aus dem Kartoffelkombinat, zusammen mit Speck und Kassler. (Kassler roh gekauft, selber gekocht, mit dem Sud eine Portion Risotto f\u00fcr mich gekocht.) Das war <a href=\"https:\/\/www.franzoesischkochen.de\/tofaille-originalrezept-aus-den-vogesen-fuer-kartoffel-lauch-auflauf\/\">nach diesem Rezept hier<\/a>, und sah am Anfang so aus:<\/p>\n\n\n\n<figure class=\"wp-block-image size-large\"><img loading=\"lazy\" decoding=\"async\" width=\"700\" height=\"525\" src=\"https:\/\/www.herr-rau.de\/wordpress\/archiv\/tofaille2025_1-1-700x525.jpg\" alt=\"\" class=\"wp-image-64699\" srcset=\"https:\/\/www.herr-rau.de\/wordpress\/archiv\/tofaille2025_1-1-700x525.jpg 700w, https:\/\/www.herr-rau.de\/wordpress\/archiv\/tofaille2025_1-1-300x225.jpg 300w, https:\/\/www.herr-rau.de\/wordpress\/archiv\/tofaille2025_1-1-150x113.jpg 150w, https:\/\/www.herr-rau.de\/wordpress\/archiv\/tofaille2025_1-1.jpg 1536w\" sizes=\"auto, (max-width: 700px) 100vw, 700px\" \/><\/figure>\n\n\n\n<p>Ich bin immer noch sehr misstrauisch: Das Gericht wird im Ofen gemacht, in einem gut schlie\u00dfenden Gef\u00e4\u00df, und das sehr lange; fr\u00fcher geschah das im B\u00e4ckerofen. &#8211; Ich kenne das schon, dass man im B\u00e4ckerofen ein Gericht lange garen l\u00e4sst. Aber drei Stunden bei 180\u00b0 Grad Umluft? Ich kann mir nicht vorstellen, dass das sein muss oder historisch wirklich korrekt ist. Nutzt man da nicht die Restw\u00e4rme im B\u00e4ckerofen? Aber soll sein, soll sein. Es schmeckte gut:<\/p>\n\n\n\n<figure class=\"wp-block-image size-large\"><img loading=\"lazy\" decoding=\"async\" width=\"700\" height=\"525\" src=\"https:\/\/www.herr-rau.de\/wordpress\/archiv\/tofaille2025_2-700x525.jpg\" alt=\"\" class=\"wp-image-64700\" srcset=\"https:\/\/www.herr-rau.de\/wordpress\/archiv\/tofaille2025_2-700x525.jpg 700w, https:\/\/www.herr-rau.de\/wordpress\/archiv\/tofaille2025_2-300x225.jpg 300w, https:\/\/www.herr-rau.de\/wordpress\/archiv\/tofaille2025_2-150x113.jpg 150w, https:\/\/www.herr-rau.de\/wordpress\/archiv\/tofaille2025_2.jpg 1536w\" sizes=\"auto, (max-width: 700px) 100vw, 700px\" \/><\/figure>\n\n\n\n<p>Dann gab&#8217;s auch noch ein dickes St\u00fcck Entrec\u00f4te, eher kleiner Braten als dickes Steak vielleicht. Das habe ich zum ersten Mal nach der Methode und dem Rezept gemacht, das ich aus dem Kochbuch zur gro\u00dfen Hochzeit 2024 gelernt habe, von der ich vorher schon geh\u00f6rt, die ich aber nie ausprobiert hatte: erst im Ofen bei 65\u00b0C, also niedrig garend, auf eine Kerntemperatur von 45\u00b0C bringen, dann in der Pfanne rundum scharf anbraten.<\/p>\n\n\n\n<p>Mit der Zeit, die das braucht, habe ich mich vertan, so dass Frau Rau auf ihr Essen warten musste, was mir selten passiert und arg war. Aber die Methode an sich mache ich n\u00e4chstes Mal wieder: sowohl das Fleisch innen wie auch die Kruste au\u00dfen werden so besser als bei meiner sonstigen Zubereitung. Ich werde das Experiment wiederholen, wenn auch nicht so bald: Denn es gab noch einmal Fleisch, und zwar den letzten Rest vom gefrorenen Lamm:<\/p>\n\n\n\n<figure class=\"wp-block-image size-large\"><img loading=\"lazy\" decoding=\"async\" width=\"700\" height=\"525\" src=\"https:\/\/www.herr-rau.de\/wordpress\/archiv\/lamm2025_1-700x525.jpg\" alt=\"\" class=\"wp-image-64717\" srcset=\"https:\/\/www.herr-rau.de\/wordpress\/archiv\/lamm2025_1-700x525.jpg 700w, https:\/\/www.herr-rau.de\/wordpress\/archiv\/lamm2025_1-300x225.jpg 300w, https:\/\/www.herr-rau.de\/wordpress\/archiv\/lamm2025_1-150x113.jpg 150w, https:\/\/www.herr-rau.de\/wordpress\/archiv\/lamm2025_1.jpg 1536w\" sizes=\"auto, (max-width: 700px) 100vw, 700px\" \/><\/figure>\n\n\n\n<figure class=\"wp-block-image size-large\"><img loading=\"lazy\" decoding=\"async\" width=\"700\" height=\"525\" src=\"https:\/\/www.herr-rau.de\/wordpress\/archiv\/lamm2025_2-700x525.jpg\" alt=\"\" class=\"wp-image-64718\" srcset=\"https:\/\/www.herr-rau.de\/wordpress\/archiv\/lamm2025_2-700x525.jpg 700w, https:\/\/www.herr-rau.de\/wordpress\/archiv\/lamm2025_2-300x225.jpg 300w, https:\/\/www.herr-rau.de\/wordpress\/archiv\/lamm2025_2-150x113.jpg 150w, https:\/\/www.herr-rau.de\/wordpress\/archiv\/lamm2025_2.jpg 1536w\" sizes=\"auto, (max-width: 700px) 100vw, 700px\" \/><\/figure>\n\n\n\n<p>Damit habe ich jetzt erst einmal genug vom Fleisch.<\/p>\n\n\n\n<p>(Und sonst: Arbeit, und Vorbereitung auf l\u00e4stige dienstliche Termine. Und die Welt halt. Nun ja.)<\/p>\n","protected":false},"excerpt":{"rendered":"<p>(8 Kommentare.) Meine Torrijas (Rezept im Blog) werden zwar nie so gut wie die von meiner Schwiegermutter, aber die macht sie nicht mehr regelm\u00e4\u00dfig. Also muss ich wieder mal ran, weil ich Torrijas sehr gerne esse. Ds ist die vorbereitete Fertigungsstra\u00dfe: Und so sieht das am Ende aus: So wird das gegessen: Torrijas sollen erinnern [&hellip;]<\/p>\n","protected":false},"author":2,"featured_media":64690,"comment_status":"open","ping_status":"open","sticky":false,"template":"","format":"standard","meta":{"_jetpack_memberships_contains_paid_content":false,"footnotes":""},"categories":[313],"tags":[143],"class_list":["post-64687","post","type-post","status-publish","format-standard","has-post-thumbnail","hentry","category-tagebuch","tag-essen-und-trinken"],"jetpack_featured_media_url":"https:\/\/www.herr-rau.de\/wordpress\/archiv\/torrijas2025_2-scaled.jpg","jetpack_sharing_enabled":true,"jetpack_likes_enabled":true,"_links":{"self":[{"href":"https:\/\/www.herr-rau.de\/wordpress\/wp-json\/wp\/v2\/posts\/64687","targetHints":{"allow":["GET"]}}],"collection":[{"href":"https:\/\/www.herr-rau.de\/wordpress\/wp-json\/wp\/v2\/posts"}],"about":[{"href":"https:\/\/www.herr-rau.de\/wordpress\/wp-json\/wp\/v2\/types\/post"}],"author":[{"embeddable":true,"href":"https:\/\/www.herr-rau.de\/wordpress\/wp-json\/wp\/v2\/users\/2"}],"replies":[{"embeddable":true,"href":"https:\/\/www.herr-rau.de\/wordpress\/wp-json\/wp\/v2\/comments?post=64687"}],"version-history":[{"count":3,"href":"https:\/\/www.herr-rau.de\/wordpress\/wp-json\/wp\/v2\/posts\/64687\/revisions"}],"predecessor-version":[{"id":64722,"href":"https:\/\/www.herr-rau.de\/wordpress\/wp-json\/wp\/v2\/posts\/64687\/revisions\/64722"}],"wp:featuredmedia":[{"embeddable":true,"href":"https:\/\/www.herr-rau.de\/wordpress\/wp-json\/wp\/v2\/media\/64690"}],"wp:attachment":[{"href":"https:\/\/www.herr-rau.de\/wordpress\/wp-json\/wp\/v2\/media?parent=64687"}],"wp:term":[{"taxonomy":"category","embeddable":true,"href":"https:\/\/www.herr-rau.de\/wordpress\/wp-json\/wp\/v2\/categories?post=64687"},{"taxonomy":"post_tag","embeddable":true,"href":"https:\/\/www.herr-rau.de\/wordpress\/wp-json\/wp\/v2\/tags?post=64687"}],"curies":[{"name":"wp","href":"https:\/\/api.w.org\/{rel}","templated":true}]}}