{"id":648,"date":"2006-06-26T17:16:10","date_gmt":"2006-06-26T16:16:10","guid":{"rendered":"https:\/\/www.herr-rau.de\/wordpress\/2006\/06\/geschaeftiger-montag.htm"},"modified":"2006-06-26T17:16:10","modified_gmt":"2006-06-26T16:16:10","slug":"geschaeftiger-montag","status":"publish","type":"post","link":"https:\/\/www.herr-rau.de\/wordpress\/2006\/06\/geschaeftiger-montag.htm","title":{"rendered":"Gesch\u00e4ftiger Montag"},"content":{"rendered":"<p>Gerade komme ich von einem Ausflug nach drau\u00dfen zur\u00fcck. Hitze. Hei\u00df. Ich musste ein paar kleine Flaschen Mineralwasser besorgen f\u00fcr die Pr\u00e4sentationen &#8211; morgen beginnt <big><em><b>Die gro\u00dfe Sommer-Ringvorlesung der Klasse 11c<\/b><\/em><\/big>. So steht es auf dem kleinen Poster, und gemeint ist die Reihe &#8222;Pr\u00e4sentation ersetzt Schulaufgabe&#8220;. Morgen gibt es pro und kontra zum Verbot verfassungsfeindlicher Kennzeichen, zwei Tage sp\u00e4ter geht es um die aktuellen Urheberrechtsversch\u00e4rfungen.<br \/>\nUnd man kann nicht fr\u00fch genug lernen, dass Referenten mindestens eine Flasche Mineralwasser und ein Glas kriegen. Auch bei Sch\u00fclern.<\/p>\n<p>N\u00e4chstes Jahr muss ich das noch besser organisieren, fr\u00fcher im Jahr machen, mehr Werbung daf\u00fcr. Das ging dieses Jahr nicht anders, da die Erlaubnis zu diesem Versuch vom Modus-21\/GSO-\u00c4nderungs-Hinundher abh\u00e4ngig war. Es st\u00f6rt den Unterricht n\u00e4mlich <em>doch<\/em>, wenn das Ministerium mal h\u00fc und mal hott sagt,<\/p>\n<p>Die Stunde wurde eigens etwas verschoben, damit wir uns morgen vom Abi-Streich \u00fcberraschen lassen k\u00f6nnen. Ich nehme mal mit, was sich an Aufnahmeger\u00e4ten hier so findet.<\/p>\n","protected":false},"excerpt":{"rendered":"<p>Gerade komme ich von einem Ausflug nach drau\u00dfen zur\u00fcck. Hitze. Hei\u00df. Ich musste ein paar kleine Flaschen Mineralwasser besorgen f\u00fcr die Pr\u00e4sentationen &#8211; morgen beginnt Die gro\u00dfe Sommer-Ringvorlesung der Klasse 11c. So steht es auf dem kleinen Poster, und gemeint ist die Reihe &#8222;Pr\u00e4sentation ersetzt Schulaufgabe&#8220;. Morgen gibt es pro und kontra zum Verbot verfassungsfeindlicher [&hellip;]<\/p>\n","protected":false},"author":2,"featured_media":0,"comment_status":"open","ping_status":"open","sticky":false,"template":"","format":"standard","meta":{"_jetpack_memberships_contains_paid_content":false,"footnotes":""},"categories":[6],"tags":[],"class_list":["post-648","post","type-post","status-publish","format-standard","hentry","category-schule-alltag"],"jetpack_featured_media_url":"","jetpack_sharing_enabled":true,"jetpack_likes_enabled":true,"_links":{"self":[{"href":"https:\/\/www.herr-rau.de\/wordpress\/wp-json\/wp\/v2\/posts\/648","targetHints":{"allow":["GET"]}}],"collection":[{"href":"https:\/\/www.herr-rau.de\/wordpress\/wp-json\/wp\/v2\/posts"}],"about":[{"href":"https:\/\/www.herr-rau.de\/wordpress\/wp-json\/wp\/v2\/types\/post"}],"author":[{"embeddable":true,"href":"https:\/\/www.herr-rau.de\/wordpress\/wp-json\/wp\/v2\/users\/2"}],"replies":[{"embeddable":true,"href":"https:\/\/www.herr-rau.de\/wordpress\/wp-json\/wp\/v2\/comments?post=648"}],"version-history":[{"count":0,"href":"https:\/\/www.herr-rau.de\/wordpress\/wp-json\/wp\/v2\/posts\/648\/revisions"}],"wp:attachment":[{"href":"https:\/\/www.herr-rau.de\/wordpress\/wp-json\/wp\/v2\/media?parent=648"}],"wp:term":[{"taxonomy":"category","embeddable":true,"href":"https:\/\/www.herr-rau.de\/wordpress\/wp-json\/wp\/v2\/categories?post=648"},{"taxonomy":"post_tag","embeddable":true,"href":"https:\/\/www.herr-rau.de\/wordpress\/wp-json\/wp\/v2\/tags?post=648"}],"curies":[{"name":"wp","href":"https:\/\/api.w.org\/{rel}","templated":true}]}}