{"id":66012,"date":"2025-09-07T10:12:29","date_gmt":"2025-09-07T08:12:29","guid":{"rendered":"https:\/\/www.herr-rau.de\/wordpress\/?p=66012"},"modified":"2025-09-05T10:13:28","modified_gmt":"2025-09-05T08:13:28","slug":"mastodon-hat-mich-radikalisiert","status":"publish","type":"post","link":"https:\/\/www.herr-rau.de\/wordpress\/2025\/09\/mastodon-hat-mich-radikalisiert.htm","title":{"rendered":"Mastodon hat mich radikalisiert"},"content":{"rendered":"<div style='text-align:right;'><small>(<a href='https:\/\/www.herr-rau.de\/wordpress\/2025\/09\/mastodon-hat-mich-radikalisiert.htm#comments'>14 Kommentare.<\/a>)<\/small> <\/div>\n<h2 class=\"wp-block-heading\">Der Ausgangspunkt: Ein Hefteintrag<\/h2>\n\n\n\n<p>Weil ich wissen wollte, welche Erfahrungen meine Klasse mit ihren iPads gemacht hat, bat ich sie, mir ihre sch\u00f6nsten Hefte zu zeigen. Das waren dann vor allem Mathematik und die Naturwissenschaften, auch PuG (Politik und Gesellschaft, vormals: Sozialkunde), aber keine Sprachen. Ich bin nicht gut mit Tafelanschriften, schon gar nicht mit ohne Tafel, sondern nur Whiteboard\/Beamer; au\u00dferdem gehen Sprachen vielleicht anders vor.<\/p>\n\n\n\n<p>In einem Heft fiel mir ein Eintrag auf, in dem es um Extremismus ging. Er begann mit einer Definition, die ich f\u00fcr brauchbar halte:<\/p>\n\n\n\n<blockquote class=\"wp-block-quote is-layout-flow wp-block-quote-is-layout-flow\">\n<p><strong>Politischer Extremismus: <\/strong>Parteien\/Vereinigungen, die die freiheitlich-demokratische Grundordnung beseitigen wollen.<\/p>\n<\/blockquote>\n\n\n\n<p>Danach kamen zwei Spalten, <strong>linksextrem<\/strong> und <strong>rechtsextrem,<\/strong> analog zu den zwei Abschnitten im Buch, die die Grundlage f\u00fcr diesen Eintrag bildeten. Dort gibt es, notabene, auch noch einen dritten Abschnitt, den religi\u00f6s begr\u00fcndeten Extremismus und Islamismus. Mit den Inhalten der Spalte zum Linksextremismus war ich so ganz und gar nicht zufrieden, dass ich spontan eine Verfassungsviertelstunde ausrief. Zu sehr schienen mir n\u00e4mlich die Begriffe &#8222;links&#8220; und &#8222;linksextrem&#8220; vermengt. <\/p>\n\n\n\n<p>Ich denke, manches von dem, was fr\u00fcher normal war, ist jetzt links, und was fr\u00fcher links war, ist jetzt linksextrem. Zugegeben, zwei Beitr\u00e4ge bei Mastodon haben mich dqf\u00fcr sensibilisiert:<\/p>\n\n\n\n<blockquote class=\"wp-block-quote is-layout-flow wp-block-quote-is-layout-flow\">\n<p>Wie der Rechtsruck zum Linksruck umgedeutet wird:<br>Als Frau eine eigene Stimme zu haben ist nicht mehr liberal sondern &#8222;Links&#8220;.<br>Umweltschutz ist nicht mehr konservativ sondern &#8222;Links&#8220;.<br>Inklusion ist nicht mehr humanistisch sondern &#8222;Links&#8220;.<br>Mitgef\u00fchl ist nicht mehr christlich sondern &#8222;Links&#8220;.<br>Aktuelle Wissensst\u00e4nde zB \u00fcber Biologie &amp; Klima sind nicht mehr Wissenschaft, sondern &#8222;Links&#8220;.<\/p>\n\n\n\n<p>Und schon k\u00f6nnen Rechte gleichzeitig alle Machtpositionen besetzen und sich als Minderheit diskriminiert f\u00fchlen.<\/p>\n<cite><a href=\"https:\/\/mastodon.social\/@jensscholz\/114878984311563153\">https:\/\/mastodon.social\/@jensscholz\/114878984311563153<\/a><\/cite><\/blockquote>\n\n\n\n<p>Ebenfalls bei Mastodon gesehen habe ich ein Plakat von einer Demo, auf dem steht:<\/p>\n\n\n\n<blockquote class=\"wp-block-quote is-layout-flow wp-block-quote-is-layout-flow\">\n<p> &#8222;Rechts&#8220; ist da, wo [das] Grundgesetz &#8222;links&#8220; ist.<\/p>\n<cite><a href=\"https:\/\/troet.cafe\/@sabinalorenz\/114878440397908673\">https:\/\/troet.cafe\/@sabinalorenz\/114878440397908673<\/a><\/cite><\/blockquote>\n\n\n\n<h2 class=\"wp-block-heading\">Kleiner Test in der Klasse<\/h2>\n\n\n\n<p>Wir versicherten uns in der Klasse, dass wir die Verfassung als eine Umsetzung der freiheitlich-demokratische Grundordnung sehen. Und damit sollte die eigentlich gemeinsame Mitte sein. Allerdings fragte ich dann, ob Konzepte wie &#8222;allgemeine Menschenrechte&#8220; oder &#8222;Gleichheit der Menschen&#8220; oder &#8222;gerechte Welt&#8220; links oder rechts oder Mitte sind? Oder linksextrem? Die Sch\u00fcler und Sch\u00fclerinnen sind keinesfalls dagegen, aber sie verorten das als links. Oder sogar linksextrem. Obwohl das so auch schon im Grundgesetz steht. Wie hie\u00df es oben? Wenn das Grundgesetz links ist, bist du rechts?<\/p>\n\n\n\n<p>Ich hatte den entsprechenden Artikel schon aufgebl\u00e4ttert am Beamer und stellte die alte Fangfrage, ob &#8222;Eigentum verpflichtet&#8220; ein linker Slogan sei oder FDGO. Linker Slogan, eindeutig &#8211; obwohl das brettlbreit vorne am Beamer zu sehen war, Artikel 14.<\/p>\n\n\n\n<h2 class=\"wp-block-heading\">Weitere Gedanken<\/h2>\n\n\n\n<p>Ein Problem besteht sicher darin, dass Konzepte zu Schlagworten verkommen. &#8222;Soziale Gerechtigkeit&#8220; verorten die SuS als links oder linksextrem, weil sie glauben, dass es bedeutet, die Kluft zwischen Arm und Reich nicht zu gro\u00df werden zu lassen. Sicher schreiben sich die Nazis das auch auf ihre braune Fahnem, nur bedeutet das dann halt etwas anderes: Wer nicht arbeitet, soll auch nicht essen. Je nachdem, was man unter &#8222;sozial&#8220; und &#8222;Gerechtigkeit&#8220; versteht.<\/p>\n\n\n\n<p>&#8222;Eigentum verpflichtet&#8220; kann ebenso alles M\u00f6gliche hei\u00dfen. In welchem Umfang und in welcher Form? (Wozu: das steht da, n\u00e4mlich zugleich mit der eigenen Nutzung zum Wohle der Allgemeinheit zu dienen. Nicht des Volkes \u00fcbrigens, sondern der Allgemeinheit.)<\/p>\n\n\n\n<p>&#8222;Sicherheit&#8220; und &#8222;Streitkr\u00e4fte&#8220;, das habe ich nicht gefragt, sind wahrscheinlich rechte Konzepte. Ist aber auch FDGO, ist auch Mitte. Das Grundgesetz kann nat\u00fcrlich in weiten Teilen ge\u00e4ndert werden, und vielleicht kann man sagen, dass manche Aspekte innerhalb des Grundgesetzes <em>links <\/em>sind und andere <em>rechts.<\/em> Aber sicher weder linksextrem oder rechtsextrem. Da war bei der Tabelle nicht ganz klar; ein ungl\u00fcckliches Zusammenspiel von Verk\u00fcrzung bei Hefteintr\u00e4gen; mit der Lehrkraft habe ich dar\u00fcber gesprochen.<\/p>\n\n\n\n<p>Ich h\u00e4tte auch gerne wieder den Begriff &#8222;rechts&#8220; etabliert, aber das geht wohl nicht mehr, weil rechts heute stets rechtsextrem hei\u00dft; also nennen wir das &#8222;konservativ&#8220;. Au\u00dferdem h\u00e4tte ich davon getrennt noch die Kategorien &#8222;neoliberal&#8220; und &#8222;umweltaktivistisch.&#8220; Linksextremismus im Sinn des Terrorismus der 1970er Jahre verstehe ich; Anarchismus im 19. Jahrhundert verstehe ich. Das mit der autonomen Szene in Deutschland, also was man meist als &#8222;linksextrem&#8220; bezeichnet, verstehe ich tats\u00e4chlich nicht &#8211; ist das einfach nur Gewaltspa\u00df wie bei Fu\u00dfballhooligans? Da stecken doch weder linke Gedanken noch politischer Gestaltungswille dahinter, oder? <\/p>\n\n\n\n<p>(Unbeendet, aber in den Sommerferien darf ich das.)<\/p>\n","protected":false},"excerpt":{"rendered":"<p>(14 Kommentare.) Der Ausgangspunkt: Ein Hefteintrag Weil ich wissen wollte, welche Erfahrungen meine Klasse mit ihren iPads gemacht hat, bat ich sie, mir ihre sch\u00f6nsten Hefte zu zeigen. Das waren dann vor allem Mathematik und die Naturwissenschaften, auch PuG (Politik und Gesellschaft, vormals: Sozialkunde), aber keine Sprachen. Ich bin nicht gut mit Tafelanschriften, schon gar [&hellip;]<\/p>\n","protected":false},"author":2,"featured_media":0,"comment_status":"open","ping_status":"open","sticky":false,"template":"","format":"standard","meta":{"_jetpack_memberships_contains_paid_content":false,"footnotes":""},"categories":[313],"tags":[],"class_list":["post-66012","post","type-post","status-publish","format-standard","hentry","category-tagebuch"],"jetpack_featured_media_url":"","jetpack_sharing_enabled":true,"jetpack_likes_enabled":true,"_links":{"self":[{"href":"https:\/\/www.herr-rau.de\/wordpress\/wp-json\/wp\/v2\/posts\/66012","targetHints":{"allow":["GET"]}}],"collection":[{"href":"https:\/\/www.herr-rau.de\/wordpress\/wp-json\/wp\/v2\/posts"}],"about":[{"href":"https:\/\/www.herr-rau.de\/wordpress\/wp-json\/wp\/v2\/types\/post"}],"author":[{"embeddable":true,"href":"https:\/\/www.herr-rau.de\/wordpress\/wp-json\/wp\/v2\/users\/2"}],"replies":[{"embeddable":true,"href":"https:\/\/www.herr-rau.de\/wordpress\/wp-json\/wp\/v2\/comments?post=66012"}],"version-history":[{"count":3,"href":"https:\/\/www.herr-rau.de\/wordpress\/wp-json\/wp\/v2\/posts\/66012\/revisions"}],"predecessor-version":[{"id":66644,"href":"https:\/\/www.herr-rau.de\/wordpress\/wp-json\/wp\/v2\/posts\/66012\/revisions\/66644"}],"wp:attachment":[{"href":"https:\/\/www.herr-rau.de\/wordpress\/wp-json\/wp\/v2\/media?parent=66012"}],"wp:term":[{"taxonomy":"category","embeddable":true,"href":"https:\/\/www.herr-rau.de\/wordpress\/wp-json\/wp\/v2\/categories?post=66012"},{"taxonomy":"post_tag","embeddable":true,"href":"https:\/\/www.herr-rau.de\/wordpress\/wp-json\/wp\/v2\/tags?post=66012"}],"curies":[{"name":"wp","href":"https:\/\/api.w.org\/{rel}","templated":true}]}}