{"id":67554,"date":"2025-12-10T08:42:53","date_gmt":"2025-12-10T07:42:53","guid":{"rendered":"https:\/\/www.herr-rau.de\/wordpress\/?p=67554"},"modified":"2025-12-10T10:36:32","modified_gmt":"2025-12-10T09:36:32","slug":"strassen-namen-leuchten-in-muenchen","status":"publish","type":"post","link":"https:\/\/www.herr-rau.de\/wordpress\/2025\/12\/strassen-namen-leuchten-in-muenchen.htm","title":{"rendered":"Stra\u00dfen Namen Leuchten in M\u00fcnchen"},"content":{"rendered":"<div style='text-align:right;'><small>(<a href='https:\/\/www.herr-rau.de\/wordpress\/2025\/12\/strassen-namen-leuchten-in-muenchen.htm#comments'>3 Kommentare.<\/a>)<\/small> <\/div>\n<p>Gestern war ich bei der Er\u00f6ffnung eines Denkmals am M\u00fcnchner Salvatorplatz, und zwar <a href=\"https:\/\/strassen-namen-leuchten.de\/\">Stra\u00dfen Namen Leuchten.<\/a> Das Denkmal erinnert an die Familie Mann, die achtzehn Jahe, glaube ich, in M\u00fcnchen gelebt hat und mit dem Aufkommen der Nazis in Exil musste &#8211; in die USA, Brasilien, der Schweiz, Italien, den Niederlanden, mindestens.<\/p>\n\n\n\n<p>An diese Orte erinnert das Denkmal, oder die permanente Installation, von Albert Coers, der 2018 den Wettbewerb dazu gewonnen hatte. Seitdem verz\u00f6gerte sich der Bau immer wieder: Corona, arch\u00e4ologische Funde. Aber sieben Jahre sp\u00e4ter kam es dann zur Er\u00f6ffnung &#8211; Coers verglich diese sieben Jahre geschickt mit den sieben Jahren des Zauberberg.<\/p>\n\n\n\n<p>Vier Reden gab es zur Er\u00f6ffnung, und eine kurze Begr\u00fc\u00dfung: Da merkt man, wozu Deutschunterricht wichtig ist. Man muss vortragen k\u00f6nnen, etwas zu sagen haben, das auch gut formuliert haben. Tippi-toppi, allesamt. (Thomas Manns 150. Geburtstag in diesem Jahr wurde mehrfach erw\u00e4hnt, sein 70. Todesjahr nie &#8211; wichtig, weil seine Werke in vielen L\u00e4ndern ab dem kommenden Januar gemeinfrei sind.)<\/p>\n\n\n\n<p>Das Denkmal besteht aus Stra\u00dfenschildern von Stra\u00dfen und Pl\u00e4tzen, die nach Mitgliedern der Mann-Familie benannnt sind, aus den Orten, an denen sie lebten, und Stra\u00dfenlaternen aus diesen Orten, teilweise nachbegildet, teilweise im Original als Geschenk aus der jeweiligen Stadt. Das Stra\u00dfenschild aus Rom steht so schief wie das Original in Rom selber. Eine urspr\u00fcnglich am Ort bereits vorhandene Laterne ist integriert.<\/p>\n\n\n\n<p>So sah das vor dem Anschalten aus, und noch mit wenig Publikum: <\/p>\n\n\n\n<figure class=\"wp-block-image size-full\"><img loading=\"lazy\" decoding=\"async\" width=\"1400\" height=\"1050\" src=\"https:\/\/www.herr-rau.de\/wordpress\/archiv\/strassen-namen-leuchten_1.jpg\" alt=\"\" class=\"wp-image-67558\" srcset=\"https:\/\/www.herr-rau.de\/wordpress\/archiv\/strassen-namen-leuchten_1.jpg 1400w, https:\/\/www.herr-rau.de\/wordpress\/archiv\/strassen-namen-leuchten_1-300x225.jpg 300w, https:\/\/www.herr-rau.de\/wordpress\/archiv\/strassen-namen-leuchten_1-700x525.jpg 700w, https:\/\/www.herr-rau.de\/wordpress\/archiv\/strassen-namen-leuchten_1-150x113.jpg 150w\" sizes=\"auto, (max-width: 1400px) 100vw, 1400px\" \/><\/figure>\n\n\n\n<p>Hier dann zwei Bilder mit Licht:<\/p>\n\n\n\n<figure class=\"wp-block-image size-full\"><img loading=\"lazy\" decoding=\"async\" width=\"1400\" height=\"933\" src=\"https:\/\/www.herr-rau.de\/wordpress\/archiv\/strassen-namen-leuchten_2.jpg\" alt=\"\" class=\"wp-image-67557\" srcset=\"https:\/\/www.herr-rau.de\/wordpress\/archiv\/strassen-namen-leuchten_2.jpg 1400w, https:\/\/www.herr-rau.de\/wordpress\/archiv\/strassen-namen-leuchten_2-300x200.jpg 300w, https:\/\/www.herr-rau.de\/wordpress\/archiv\/strassen-namen-leuchten_2-700x467.jpg 700w, https:\/\/www.herr-rau.de\/wordpress\/archiv\/strassen-namen-leuchten_2-150x100.jpg 150w\" sizes=\"auto, (max-width: 1400px) 100vw, 1400px\" \/><\/figure>\n\n\n\n<p>Hier sieht man rechts unten den K\u00fcnstler selber, wie er sich von Journalisten fotografieren l\u00e4sst:<\/p>\n\n\n\n<figure class=\"wp-block-image size-full\"><img loading=\"lazy\" decoding=\"async\" width=\"1400\" height=\"1050\" src=\"https:\/\/www.herr-rau.de\/wordpress\/archiv\/strassen-namen-leuchten_3.jpg\" alt=\"\" class=\"wp-image-67556\" srcset=\"https:\/\/www.herr-rau.de\/wordpress\/archiv\/strassen-namen-leuchten_3.jpg 1400w, https:\/\/www.herr-rau.de\/wordpress\/archiv\/strassen-namen-leuchten_3-300x225.jpg 300w, https:\/\/www.herr-rau.de\/wordpress\/archiv\/strassen-namen-leuchten_3-700x525.jpg 700w, https:\/\/www.herr-rau.de\/wordpress\/archiv\/strassen-namen-leuchten_3-150x113.jpg 150w\" sizes=\"auto, (max-width: 1400px) 100vw, 1400px\" \/><\/figure>\n\n\n\n<p>Mit gef\u00e4llt an dem Denkmal, dass der den Salvatorplatz oder genauer: die unscheinbare und unbekannte R\u00fcckseite des Salvatorplatzes etwas prominenter ins Licht r\u00fcckt. Ich bin sehr gelegentlich dort zu Fu\u00df unterwegs, aber nie an dieser R\u00fcckseite, dem eigentlichen Platz. Au\u00dferdem gef\u00e4llt mir an Kunst, wenn sie au\u00dferdem eine praktische Funktion hat, als Spielplatz etwa oder hier als Lichtspender. Und drittens gef\u00e4llt mir, wie diese Installation mitten auf dem nicht \u00fcberm\u00e4\u00dfig breiten Platz steht, ohne Sicht oder Durchgehen zu behindern und den Platz eben nicht so vollgestellt wirken l\u00e4sst, wie das eine Statue oder ein Springbrunnen t\u00e4te. (Bestimmt gibt es einen st\u00e4dtebaulichen Fachausdruck f\u00fcr &#8222;gro\u00dfe Kl\u00f6tze, die aus guten Grund irgendwo im Weg stehen&#8220;.)<\/p>\n\n\n\n<p>Dass das au\u00dferdem nat\u00fcrlich etwas \u00fcber die Manns und Licht und M\u00fcnchen und Exil sagt: klar.<\/p>\n","protected":false},"excerpt":{"rendered":"<p>(3 Kommentare.) Gestern war ich bei der Er\u00f6ffnung eines Denkmals am M\u00fcnchner Salvatorplatz, und zwar Stra\u00dfen Namen Leuchten. Das Denkmal erinnert an die Familie Mann, die achtzehn Jahe, glaube ich, in M\u00fcnchen gelebt hat und mit dem Aufkommen der Nazis in Exil musste &#8211; in die USA, Brasilien, der Schweiz, Italien, den Niederlanden, mindestens. An [&hellip;]<\/p>\n","protected":false},"author":2,"featured_media":67556,"comment_status":"open","ping_status":"open","sticky":false,"template":"","format":"standard","meta":{"_jetpack_memberships_contains_paid_content":false,"footnotes":""},"categories":[313],"tags":[],"class_list":["post-67554","post","type-post","status-publish","format-standard","has-post-thumbnail","hentry","category-tagebuch"],"jetpack_featured_media_url":"https:\/\/www.herr-rau.de\/wordpress\/archiv\/strassen-namen-leuchten_3.jpg","jetpack_sharing_enabled":true,"jetpack_likes_enabled":true,"_links":{"self":[{"href":"https:\/\/www.herr-rau.de\/wordpress\/wp-json\/wp\/v2\/posts\/67554","targetHints":{"allow":["GET"]}}],"collection":[{"href":"https:\/\/www.herr-rau.de\/wordpress\/wp-json\/wp\/v2\/posts"}],"about":[{"href":"https:\/\/www.herr-rau.de\/wordpress\/wp-json\/wp\/v2\/types\/post"}],"author":[{"embeddable":true,"href":"https:\/\/www.herr-rau.de\/wordpress\/wp-json\/wp\/v2\/users\/2"}],"replies":[{"embeddable":true,"href":"https:\/\/www.herr-rau.de\/wordpress\/wp-json\/wp\/v2\/comments?post=67554"}],"version-history":[{"count":3,"href":"https:\/\/www.herr-rau.de\/wordpress\/wp-json\/wp\/v2\/posts\/67554\/revisions"}],"predecessor-version":[{"id":67568,"href":"https:\/\/www.herr-rau.de\/wordpress\/wp-json\/wp\/v2\/posts\/67554\/revisions\/67568"}],"wp:featuredmedia":[{"embeddable":true,"href":"https:\/\/www.herr-rau.de\/wordpress\/wp-json\/wp\/v2\/media\/67556"}],"wp:attachment":[{"href":"https:\/\/www.herr-rau.de\/wordpress\/wp-json\/wp\/v2\/media?parent=67554"}],"wp:term":[{"taxonomy":"category","embeddable":true,"href":"https:\/\/www.herr-rau.de\/wordpress\/wp-json\/wp\/v2\/categories?post=67554"},{"taxonomy":"post_tag","embeddable":true,"href":"https:\/\/www.herr-rau.de\/wordpress\/wp-json\/wp\/v2\/tags?post=67554"}],"curies":[{"name":"wp","href":"https:\/\/api.w.org\/{rel}","templated":true}]}}