{"id":7169,"date":"2016-01-20T19:13:24","date_gmt":"2016-01-20T18:13:24","guid":{"rendered":"https:\/\/www.herr-rau.de\/wordpress\/?p=7169"},"modified":"2023-06-12T10:17:25","modified_gmt":"2023-06-12T08:17:25","slug":"das-fach-informatik-geniesst-einen-hohen-stellenwert","status":"publish","type":"post","link":"https:\/\/www.herr-rau.de\/wordpress\/2016\/01\/das-fach-informatik-geniesst-einen-hohen-stellenwert.htm","title":{"rendered":"Das Fach Informatik genie\u00dft einen hohen Stellenwert"},"content":{"rendered":"<div style='text-align:right;'><small>(<a href='https:\/\/www.herr-rau.de\/wordpress\/2016\/01\/das-fach-informatik-geniesst-einen-hohen-stellenwert.htm#comments'>6 Kommentare.<\/a>)<\/small> <\/div>\n<blockquote class=\"wp-block-quote is-layout-flow wp-block-quote-is-layout-flow\">\n<p>Das Fach Informatik genie\u00dft einen hohen Stellenwert in den Stundentafeln aller weiterf\u00fchrenden Schulen in Bayern.<\/p>\n<\/blockquote>\n\n\n\n<p>(<a href=\"http:\/\/www.km.bayern.de\/pressemitteilung\/9925\/.html\">Pressemitteilung Kultusministerium.<\/a>)<\/p>\n\n\n\n<p>Aber, m\u00f6chte man sagen, das stimmt doch gar nicht! Am Gymnasium gibt es das Fach nur in den Jahrgangsstufen 9 und 10 mit je zwei Stunden, und das auch nur im naturwissenschaftlich-technologischen Zweig des Gymnasiums, und danach optional in der Kursphase, wenn auch nicht gleichberechtigt neben Bio oder Chemie. Zugegeben, man treibt auch in 6 und 7 einst\u00fcndig Informatik, als Teil <span style=\"text-decoration: line-through;\">der Mogelpackung<\/span> des F\u00e4cherverbunds &#8222;Natur und Technik&#8220; &#8211; aber da hei\u00dft das Fach nun mal nicht so und ist eben auch keines. Informatik hat allerdings einen h\u00f6heren Stellenwert als Sozialkunde in Bayern, das stimmt.<\/p>\n\n\n\n<p>An der Realschule gibt es das Fach gar nicht, sondern das Fach &#8222;IT\/Informationstechnologie&#8220;, in dem man <em>auch<\/em> informatische Inhalte lernt, aber eben auch Bildbearbeitung und Maschineschreiben und CAD. Das ist vielleicht nicht schlecht und sicher auch was mit Medien, aber kein Fach Informatik.<\/p>\n\n\n\n<p>Es stimmt allerdings, und dass ich das Kultusministerium da mal vor mir selber verteidigen muss: Im Vergleich zu anderen Bundesl\u00e4ndern ist die Informatik in Bayern noch gut aufgestellt.<\/p>\n","protected":false},"excerpt":{"rendered":"<p>(6 Kommentare.) Das Fach Informatik genie\u00dft einen hohen Stellenwert in den Stundentafeln aller weiterf\u00fchrenden Schulen in Bayern. (Pressemitteilung Kultusministerium.) Aber, m\u00f6chte man sagen, das stimmt doch gar nicht! Am Gymnasium gibt es das Fach nur in den Jahrgangsstufen 9 und 10 mit je zwei Stunden, und das auch nur im naturwissenschaftlich-technologischen Zweig des Gymnasiums, und [&hellip;]<\/p>\n","protected":false},"author":2,"featured_media":0,"comment_status":"open","ping_status":"open","sticky":false,"template":"","format":"standard","meta":{"_jetpack_memberships_contains_paid_content":false,"footnotes":""},"categories":[1],"tags":[130],"class_list":["post-7169","post","type-post","status-publish","format-standard","hentry","category-fundstuecke","tag-bildungsfragen"],"jetpack_featured_media_url":"","jetpack_sharing_enabled":true,"jetpack_likes_enabled":true,"_links":{"self":[{"href":"https:\/\/www.herr-rau.de\/wordpress\/wp-json\/wp\/v2\/posts\/7169","targetHints":{"allow":["GET"]}}],"collection":[{"href":"https:\/\/www.herr-rau.de\/wordpress\/wp-json\/wp\/v2\/posts"}],"about":[{"href":"https:\/\/www.herr-rau.de\/wordpress\/wp-json\/wp\/v2\/types\/post"}],"author":[{"embeddable":true,"href":"https:\/\/www.herr-rau.de\/wordpress\/wp-json\/wp\/v2\/users\/2"}],"replies":[{"embeddable":true,"href":"https:\/\/www.herr-rau.de\/wordpress\/wp-json\/wp\/v2\/comments?post=7169"}],"version-history":[{"count":3,"href":"https:\/\/www.herr-rau.de\/wordpress\/wp-json\/wp\/v2\/posts\/7169\/revisions"}],"predecessor-version":[{"id":57726,"href":"https:\/\/www.herr-rau.de\/wordpress\/wp-json\/wp\/v2\/posts\/7169\/revisions\/57726"}],"wp:attachment":[{"href":"https:\/\/www.herr-rau.de\/wordpress\/wp-json\/wp\/v2\/media?parent=7169"}],"wp:term":[{"taxonomy":"category","embeddable":true,"href":"https:\/\/www.herr-rau.de\/wordpress\/wp-json\/wp\/v2\/categories?post=7169"},{"taxonomy":"post_tag","embeddable":true,"href":"https:\/\/www.herr-rau.de\/wordpress\/wp-json\/wp\/v2\/tags?post=7169"}],"curies":[{"name":"wp","href":"https:\/\/api.w.org\/{rel}","templated":true}]}}