{"id":7453,"date":"2016-04-10T10:38:02","date_gmt":"2016-04-10T08:38:02","guid":{"rendered":"https:\/\/www.herr-rau.de\/wordpress\/?p=7453"},"modified":"2023-06-12T09:42:05","modified_gmt":"2023-06-12T07:42:05","slug":"wochenrueckblick-gemischt","status":"publish","type":"post","link":"https:\/\/www.herr-rau.de\/wordpress\/2016\/04\/wochenrueckblick-gemischt.htm","title":{"rendered":"Wochenr\u00fcckblick, gemischt"},"content":{"rendered":"<div style='text-align:right;'><small>(<a href='https:\/\/www.herr-rau.de\/wordpress\/2016\/04\/wochenrueckblick-gemischt.htm#comments'>5 Kommentare.<\/a>)<\/small> <\/div><p>Der Zeitung entnommen, dass im kommenden Schuljahr an der Nachbarschule, einer FOS\/BOS (Fachoberschule, Berufsoberschule; bietet in Jahrg\u00e4ngen 11-12 oder 11-13 die M\u00f6glichkeit, Fachhochschulreife oder Hochschulreife, eventuell fachgebunden, zu erreichen) Fl\u00fcchtlingsklassen eingerichtet werden. Die Klassen selber werden laut Zeitung in unserem Geb\u00e4udeteil sein, weil die FOS\/BOS seit Jahren ohnehin w\u00e4chst und R\u00e4ume bei uns auslagert.<\/p>\n<p>Ansonsten kriegen wir am Gymnasium wenig mit von Fl\u00fcchtlingen: Es gibt wohl ein einziges Gymnasium im M\u00fcnchner Umfeld, das \u00dcbergangsklassen anbietet, aber selbst da ist kaum Bedarf. Ansonsten w\u00fcrden wir uns hoffentlich gerne anbieten.<\/p>\n<p>Abiturvorbereitungen laufen an. Ich habe ja einen Deutschkurs und einen Informatikkurs, und letzteres haben ziemlich als Abiturfach gew\u00e4hlt. (Deutsch ja sowieso.)<\/p>\n<p>Zwischendurch bei einem Freund gewesen, eine weitere Podcast-Episode aufgenommen f\u00fcr sp\u00e4ter mal. Ich werde leider erst in eingier Zeit zum Schneiden und Ver\u00f6ffentlichen kommen.<\/p>\n<p>Ansonsten habe ich gestern Zeit f\u00fcr eine Wanderung gefunden, zur Vorbereitung auf England: Immerhin schon 32 Kilometer, von Altom\u00fcnster nach Markt Indersdorf und zur\u00fcck. Dabei gesehen: f\u00fcnf- oder sechsmal Rehe, einzeln und in Gruppen, am Waldrand, auf dem Feld und im Wald. Einen Hasen, einen Fasan? Jedenfalls einen bunten H\u00fchnervogel auf einem Feld. Reiher.<br \/>\nDie l\u00e4ngste Etappe in England ist deutlich weniger, aber daf\u00fcr halt f\u00fcnf Tage hintereinander.<\/p>\n","protected":false},"excerpt":{"rendered":"<p>(5 Kommentare.) Der Zeitung entnommen, dass im kommenden Schuljahr an der Nachbarschule, einer FOS\/BOS (Fachoberschule, Berufsoberschule; bietet in Jahrg\u00e4ngen 11-12 oder 11-13 die M\u00f6glichkeit, Fachhochschulreife oder Hochschulreife, eventuell fachgebunden, zu erreichen) Fl\u00fcchtlingsklassen eingerichtet werden. Die Klassen selber werden laut Zeitung in unserem Geb\u00e4udeteil sein, weil die FOS\/BOS seit Jahren ohnehin w\u00e4chst und R\u00e4ume bei uns [&hellip;]<\/p>\n","protected":false},"author":2,"featured_media":0,"comment_status":"open","ping_status":"open","sticky":false,"template":"","format":"standard","meta":{"_jetpack_memberships_contains_paid_content":false,"footnotes":""},"categories":[313],"tags":[],"class_list":["post-7453","post","type-post","status-publish","format-standard","hentry","category-tagebuch"],"jetpack_featured_media_url":"","jetpack_sharing_enabled":true,"jetpack_likes_enabled":true,"_links":{"self":[{"href":"https:\/\/www.herr-rau.de\/wordpress\/wp-json\/wp\/v2\/posts\/7453","targetHints":{"allow":["GET"]}}],"collection":[{"href":"https:\/\/www.herr-rau.de\/wordpress\/wp-json\/wp\/v2\/posts"}],"about":[{"href":"https:\/\/www.herr-rau.de\/wordpress\/wp-json\/wp\/v2\/types\/post"}],"author":[{"embeddable":true,"href":"https:\/\/www.herr-rau.de\/wordpress\/wp-json\/wp\/v2\/users\/2"}],"replies":[{"embeddable":true,"href":"https:\/\/www.herr-rau.de\/wordpress\/wp-json\/wp\/v2\/comments?post=7453"}],"version-history":[{"count":3,"href":"https:\/\/www.herr-rau.de\/wordpress\/wp-json\/wp\/v2\/posts\/7453\/revisions"}],"predecessor-version":[{"id":58836,"href":"https:\/\/www.herr-rau.de\/wordpress\/wp-json\/wp\/v2\/posts\/7453\/revisions\/58836"}],"wp:attachment":[{"href":"https:\/\/www.herr-rau.de\/wordpress\/wp-json\/wp\/v2\/media?parent=7453"}],"wp:term":[{"taxonomy":"category","embeddable":true,"href":"https:\/\/www.herr-rau.de\/wordpress\/wp-json\/wp\/v2\/categories?post=7453"},{"taxonomy":"post_tag","embeddable":true,"href":"https:\/\/www.herr-rau.de\/wordpress\/wp-json\/wp\/v2\/tags?post=7453"}],"curies":[{"name":"wp","href":"https:\/\/api.w.org\/{rel}","templated":true}]}}