{"id":9889,"date":"2017-09-16T13:26:23","date_gmt":"2017-09-16T11:26:23","guid":{"rendered":"https:\/\/www.herr-rau.de\/wordpress\/?p=9889"},"modified":"2017-09-16T13:26:23","modified_gmt":"2017-09-16T11:26:23","slug":"einfach-nur-lehrer-und-andere-umstellungen-erste-woche-201718","status":"publish","type":"post","link":"https:\/\/www.herr-rau.de\/wordpress\/2017\/09\/einfach-nur-lehrer-und-andere-umstellungen-erste-woche-201718.htm","title":{"rendered":"Einfach nur Lehrer, und andere Umstellungen &#8211; erste Woche 2017\/18"},"content":{"rendered":"<div style='text-align:right;'><small>(<a href='https:\/\/www.herr-rau.de\/wordpress\/2017\/09\/einfach-nur-lehrer-und-andere-umstellungen-erste-woche-201718.htm#comments'>12 Kommentare.<\/a>)<\/small> <\/div><p>Die ersten dreieinhalb Schultage sind herum. Bei der Unterrichtsverteilung hat die Schulleitung ein paar mutige* Entscheidungen getroffen, aber ich bin mit meinen Klassen recht zufrieden &#8211; nur die 10. Informatik, die vermisse ich. An Informatik-Oberstufe habe ich nur eine 12 dieses Jahr. <\/p>\n<p>Mein Stundenplan ist voll in Ordnung &#8211; die letzten Jahre war er immer ganz wunderbar: das ist er diesmal nicht, aber ich unterrichte auch so viele Stunden wie seit mindestens zehn Jahren nicht mehr. Das ist schon eine gewisse Umstellung. Ich bin kein Personalrat mehr, nicht mehr an die Uni teilabgeordnet; die ISB-Arbeitsgruppen von vor meiner Uni-Zeit sind auch ohne mich ausgekommen; die Fachbetreuer haben nach einer Umstellung weniger Respizienzarbeit und weniger Anrechnungsstunden; das Arbeitszeitkonto, von dem ich noch letztes Jahr zehrte, ist auch vollst\u00e4ndig zur\u00fcckbezahlt. (Da musste man mal f\u00fcnf Jahre Mehrarbeit machen, um danach f\u00fcnf Jahr lang weniger arbeiten zu m\u00fcssen. Eine Schweinezyklus und G8-Sache.)<\/p>\n<p>Kurz: Ich bin jetzt ein ganz normaler Lehrer mit nur wenigen Zusatzaufgaben, und einer Vorlesung nebenbei. Zum ersten Mal seit vielen Jahren unterrichte ich nicht nur Deutsch und Informatik, sondern auch wieder Englisch. Ich habe mich schon gefragt, ob ich da wieder reinkomme. Nach der ersten Doppelstunde: ist wie Radfahren, das geht gleich wieder. Aber den Lehrplan und die Abfolgem\u00f6glichkeiten im Semester, die kenne ich \u00fcberhaupt noch nicht.<\/p>\n<p>Neu ist auch, dass ich jetzt einen eigenen Klassenraum habe. Die Tische habe ich gleich mal so weit in U-Form gebracht, wie m\u00f6glich, also ein wenig. Dekoriert und bepostert ist noch nichts, aber es fehlt auch noch die M\u00f6blierung &#8211; ich habe um eine Art Sideboard ersucht, wie es sie in anderen R\u00e4umen auch gibt, wo man Zeug hinein- und vor allem daraufstellen kann. Ein Gipskopf, unbedingt. <\/p>\n<p>Wie jedes Jahr bin ich am Anfang voller Enthusiasmus: Diesmal kopiere ich nicht so viel, sondern nutze das Buch! Diesmal mache ich meine Noten rechtzeitig und eifrig! Diesmal gehe ich ganz strukturiert vor! Mal sehen, wieviel davon \u00fcbrig bleibt.<\/p>\n<p>Von meinen acht Klassengruppen habe ich schon die meisten gesehen, und freue mich sehr \u00fcber sie. Wir haben wirklich freundliche und motivierte Sch\u00fclerinnen und Sch\u00fcler. Also, am Anfang, und was danach passiert, daf\u00fcr bin ich ja auch mit verantwortlich.<br \/>\nSitzpl\u00e4ne sind erstellt. Datenschutzrechtlich kl\u00e4re ich meine Sch\u00fcler auf, dass ich, wenn ich sie f\u00fcr den Sitzplan fotographiere (nicht einzeln, sondern einmal die linke Klassenraumh\u00e4lfte, einmal die rechte), mich laut Datenschutzbeauftragtem in einer hellen Grauzone befinde. Das Foto mache ich trotzdem.<\/p>\n<p>Und jetzt muss ich erst einmal viel Stunden vorbereiten. Das dauert bei mir am Anfang doppelt so lang wie sp\u00e4ter, wenn ich die Klasse und die Richtung kenne, in die ich mit ihr will.<\/p>\n<p><small>*nicht w\u00f6rtlich zu verstehen<\/small><\/p>\n","protected":false},"excerpt":{"rendered":"<p>(12 Kommentare.) Die ersten dreieinhalb Schultage sind herum. Bei der Unterrichtsverteilung hat die Schulleitung ein paar mutige* Entscheidungen getroffen, aber ich bin mit meinen Klassen recht zufrieden &#8211; nur die 10. Informatik, die vermisse ich. An Informatik-Oberstufe habe ich nur eine 12 dieses Jahr. Mein Stundenplan ist voll in Ordnung &#8211; die letzten Jahre war [&hellip;]<\/p>\n","protected":false},"author":2,"featured_media":0,"comment_status":"open","ping_status":"open","sticky":false,"template":"","format":"standard","meta":{"_jetpack_memberships_contains_paid_content":false,"footnotes":""},"categories":[6],"tags":[179],"class_list":["post-9889","post","type-post","status-publish","format-standard","hentry","category-schule-alltag","tag-alltag"],"jetpack_featured_media_url":"","jetpack_sharing_enabled":true,"jetpack_likes_enabled":true,"_links":{"self":[{"href":"https:\/\/www.herr-rau.de\/wordpress\/wp-json\/wp\/v2\/posts\/9889","targetHints":{"allow":["GET"]}}],"collection":[{"href":"https:\/\/www.herr-rau.de\/wordpress\/wp-json\/wp\/v2\/posts"}],"about":[{"href":"https:\/\/www.herr-rau.de\/wordpress\/wp-json\/wp\/v2\/types\/post"}],"author":[{"embeddable":true,"href":"https:\/\/www.herr-rau.de\/wordpress\/wp-json\/wp\/v2\/users\/2"}],"replies":[{"embeddable":true,"href":"https:\/\/www.herr-rau.de\/wordpress\/wp-json\/wp\/v2\/comments?post=9889"}],"version-history":[{"count":3,"href":"https:\/\/www.herr-rau.de\/wordpress\/wp-json\/wp\/v2\/posts\/9889\/revisions"}],"predecessor-version":[{"id":9897,"href":"https:\/\/www.herr-rau.de\/wordpress\/wp-json\/wp\/v2\/posts\/9889\/revisions\/9897"}],"wp:attachment":[{"href":"https:\/\/www.herr-rau.de\/wordpress\/wp-json\/wp\/v2\/media?parent=9889"}],"wp:term":[{"taxonomy":"category","embeddable":true,"href":"https:\/\/www.herr-rau.de\/wordpress\/wp-json\/wp\/v2\/categories?post=9889"},{"taxonomy":"post_tag","embeddable":true,"href":"https:\/\/www.herr-rau.de\/wordpress\/wp-json\/wp\/v2\/tags?post=9889"}],"curies":[{"name":"wp","href":"https:\/\/api.w.org\/{rel}","templated":true}]}}