{"id":997,"date":"2007-05-26T08:53:32","date_gmt":"2007-05-26T06:53:32","guid":{"rendered":"https:\/\/www.herr-rau.de\/wordpress2\/2007\/05\/billige-fluege-und-der-letzte-tag-vor-den-ferien.htm"},"modified":"2007-05-26T08:53:32","modified_gmt":"2007-05-26T06:53:32","slug":"billige-fluege-und-der-letzte-tag-vor-den-ferien","status":"publish","type":"post","link":"https:\/\/www.herr-rau.de\/wordpress\/2007\/05\/billige-fluege-und-der-letzte-tag-vor-den-ferien.htm","title":{"rendered":"Billige Fl\u00fcge und der letzte Tag vor den Ferien"},"content":{"rendered":"<div style='text-align:right;'><small>(<a href='https:\/\/www.herr-rau.de\/wordpress\/2007\/05\/billige-fluege-und-der-letzte-tag-vor-den-ferien.htm#comments'>13 Kommentare.<\/a>)<\/small> <\/div><p>Gelegentlich kommen wohl Eltern und wollen f\u00fcr ihr Kind die Oster- oder Pfingstferien um ein oder zwei oder auch drei Tage verl\u00e4ngern. Vorher oder nachher oder beides. Wie sollte eine Schulleitung auf diese Bitte reagieren?<\/p>\n<p>In Ermangelung eines bloggenden Schulleiters aus Bayern mache ich mir hier Gedanken.<\/p>\n<p>F\u00fcr die Lehrer ist das einerseits \u00e4rgerlich. Das Kultusministerium und damit auch die Schulleitung erwecken zu oft den Eindruck, dass die Hauptaufgabe des Lehrers darin besteht, in ausreichender Zahl mit Datum versehene Noten abzugeben. Wenn man dem wirklich nachkommen wollte, br\u00e4uchte man dazu auch die letzten Tage vor den Ferien. Wichtiger ist aber, dass Schule und der Unterricht der Lehrer damit als im Ermessen der Eltern gesehen wird. Und das verbitten wir uns gerne und zu Recht.<\/p>\n<p>Andererseits ist es vielleicht wirklich eher das Prinzip, das da st\u00f6rt. Auf einen Sch\u00fcler weniger kommt es tats\u00e4chlich nicht an. Au\u00dfer wegen dem Prinzip, und wehret den Anf\u00e4ngen, <em>thin end of the wedge<\/em> und so weiter. &#8222;Wenn man f\u00fcr einen eine Ausnahme macht, muss man f\u00fcr alle eine machen.&#8220; Das stimmt nat\u00fcrlich nicht, sonst w\u00fcrde es nicht Ausnahme hei\u00dfen. Aber Ausnahmen m\u00fcssen Ausnahmen bleiben &#8211; manchmal kriegt man den Eindruck, Eltern gehen wie selbstverst\u00e4ndlich davon aus, dass so etwas okay ist. Den Eindruck sollte die Schulleitung nicht f\u00f6rdern. <\/p>\n<p>Sind billigere Fl\u00fcge ein guter Grund f\u00fcr eine Ausnahme? Nein. Andererseits bin ich selber betroffen: Vor f\u00fcnfundzwanzig Jahren standen meine Eltern vor dem gleichen Problem. Flug in die USA, viele Verwandte dort, aber auch Strandurlaub und Sehensw\u00fcrdigkeiten. Mit dem Auto nach Luxemburg, von dort Flug \u00fcber den Atlantik mit Zwischenlandung auf Island, so sah das damals aus. Und meine Eltern gingen zur Schulleitung und fragten, ob sie einen Tag mehr f\u00fcr die beiden S\u00f6hne kriegen k\u00f6nnten. Nein, das geht nicht, hie\u00df es. K\u00f6nnen wir leider nicht machen. Offiziell. Am besten, Sie melden ihre Kinder krank an diesem Tag. Sch\u00f6nen Urlaub noch.<\/p>\n<p>Der Urlaub war auch tats\u00e4chlich sehr sch\u00f6n. Ist diese L\u00f6sung besser als der korrekte Weg? Ich muss gestehen, intuitiv gef\u00e4llt sie mir am besten.<br \/>\nLetztlich ist es \u00e4hnlich wie bei unseren Kollegstufensch\u00fclern: Bei den herrscht mitunter Unklarheit dar\u00fcber, ob ein &#8222;K&#8220; in der Abwesenheitsliste hei\u00dft: &#8222;Kollegiat entschuldigt sich selber&#8220; (statt Arzt oder Schulleitung) oder: &#8222;Krankheit&#8220;. Offiziell gilt nur Krankheit als Abwesenheitsgrund. Darf man die Sch\u00fcler so zum L\u00fcgen zwingen? (Ja.)<\/p>\n<p>Ich denke, das h\u00e4ngt alles zu einem gro\u00dfen Teil vom Klima an der Schule ab: Davon, wieviel Vertrauen Lehrer, Schulleitung und Eltern ineinander haben. (Wie dieses Vertrauensverh\u00e4ltnis aufgebaut oder zerst\u00f6rt werden kann&#8230; eigener Blogeintrag mal.)<br \/>\nUnd wenn die Lehrer wollen, dass die Schulleitung auch bei Lehrerw\u00fcnschen &#8211; sicher nicht wegen billigerer Fl\u00fcge, und nicht nur wegen freier Tage &#8211; ein Auge zudr\u00fcckt, dann muss das auch bei Eltern m\u00f6glich sein. Andersrum muss die Schulleitung dann eben auch Lehrern gegen\u00fcber so flexibel sein, wie sie es bei Eltern ist.<\/p>\n<p>(Freie Tage habe ich als Lehrer zweimal gekriegt: Einmal f\u00fcrs Heiraten &#8211; damals hatte man noch einen Anspruch darauf. Inzwischen ist der abgeschafft worden, aber vern\u00fcnftige Schulleitungen geben sicher einen Tag frei. Und das zweite Mal war f\u00fcrs Fernsehen: Ein Freund und ich waren in den Sommerferien bei einer Quizshow. Haben auch was gewonnen. Nach der Ausstrahlung titelte dann eine Zeitung: &#8222;Sat1 neppt Kandidaten&#8220;, als aufkam, dass eine als falsch gewertete Antwort doch richtig war. Also fuhren wir noch einmal hin und wiederholten das Finale. Da hatte die Unterrichtszeit aber schon wieder begonnen.)<\/p>\n","protected":false},"excerpt":{"rendered":"<p>(13 Kommentare.) Gelegentlich kommen wohl Eltern und wollen f\u00fcr ihr Kind die Oster- oder Pfingstferien um ein oder zwei oder auch drei Tage verl\u00e4ngern. Vorher oder nachher oder beides. Wie sollte eine Schulleitung auf diese Bitte reagieren? In Ermangelung eines bloggenden Schulleiters aus Bayern mache ich mir hier Gedanken. F\u00fcr die Lehrer ist das einerseits [&hellip;]<\/p>\n","protected":false},"author":2,"featured_media":0,"comment_status":"open","ping_status":"open","sticky":false,"template":"","format":"standard","meta":{"_jetpack_memberships_contains_paid_content":false,"footnotes":""},"categories":[6],"tags":[130],"class_list":["post-997","post","type-post","status-publish","format-standard","hentry","category-schule-alltag","tag-bildungsfragen"],"jetpack_featured_media_url":"","jetpack_sharing_enabled":true,"jetpack_likes_enabled":true,"_links":{"self":[{"href":"https:\/\/www.herr-rau.de\/wordpress\/wp-json\/wp\/v2\/posts\/997","targetHints":{"allow":["GET"]}}],"collection":[{"href":"https:\/\/www.herr-rau.de\/wordpress\/wp-json\/wp\/v2\/posts"}],"about":[{"href":"https:\/\/www.herr-rau.de\/wordpress\/wp-json\/wp\/v2\/types\/post"}],"author":[{"embeddable":true,"href":"https:\/\/www.herr-rau.de\/wordpress\/wp-json\/wp\/v2\/users\/2"}],"replies":[{"embeddable":true,"href":"https:\/\/www.herr-rau.de\/wordpress\/wp-json\/wp\/v2\/comments?post=997"}],"version-history":[{"count":0,"href":"https:\/\/www.herr-rau.de\/wordpress\/wp-json\/wp\/v2\/posts\/997\/revisions"}],"wp:attachment":[{"href":"https:\/\/www.herr-rau.de\/wordpress\/wp-json\/wp\/v2\/media?parent=997"}],"wp:term":[{"taxonomy":"category","embeddable":true,"href":"https:\/\/www.herr-rau.de\/wordpress\/wp-json\/wp\/v2\/categories?post=997"},{"taxonomy":"post_tag","embeddable":true,"href":"https:\/\/www.herr-rau.de\/wordpress\/wp-json\/wp\/v2\/tags?post=997"}],"curies":[{"name":"wp","href":"https:\/\/api.w.org\/{rel}","templated":true}]}}